{"id":48869,"date":"2014-07-15T09:40:31","date_gmt":"2014-07-15T13:40:31","guid":{"rendered":"http:\/\/www.eltrabajo.cl\/portal\/?p=48869"},"modified":"2014-07-15T09:40:31","modified_gmt":"2014-07-15T13:40:31","slug":"funcionario-de-la-armada-protagonizo-grave-accidente","status":"publish","type":"post","link":"https:\/\/eltrabajo.cl\/portal\/funcionario-de-la-armada-protagonizo-grave-accidente\/","title":{"rendered":"Funcionario de la Armada protagoniz\u00f3 grave accidente"},"content":{"rendered":"<figure id=\"attachment_48870\" aria-describedby=\"caption-attachment-48870\" style=\"width: 529px\" class=\"wp-caption alignnone\"><a href=\"https:\/\/i0.wp.com\/www.eltrabajo.cl\/portal\/wp-content\/uploads\/2014\/07\/Accidente11.jpg\"><img data-recalc-dims=\"1\" loading=\"lazy\" decoding=\"async\" class=\"size-full wp-image-48870\" alt=\"PELIGRO INMINENTE.- Claudia Gonz\u00e1lez muestra a Diario El Trabajo las partes del auto que quedaron sueltas tras el accidente.\" src=\"https:\/\/i0.wp.com\/www.eltrabajo.cl\/portal\/wp-content\/uploads\/2014\/07\/Accidente11.jpg?resize=529%2C358\" width=\"529\" height=\"358\" srcset=\"https:\/\/i0.wp.com\/eltrabajo.cl\/portal\/wp-content\/uploads\/2014\/07\/Accidente11.jpg?w=529&amp;ssl=1 529w, https:\/\/i0.wp.com\/eltrabajo.cl\/portal\/wp-content\/uploads\/2014\/07\/Accidente11.jpg?resize=200%2C135&amp;ssl=1 200w, https:\/\/i0.wp.com\/eltrabajo.cl\/portal\/wp-content\/uploads\/2014\/07\/Accidente11.jpg?resize=300%2C203&amp;ssl=1 300w, https:\/\/i0.wp.com\/eltrabajo.cl\/portal\/wp-content\/uploads\/2014\/07\/Accidente11.jpg?resize=150%2C101&amp;ssl=1 150w, https:\/\/i0.wp.com\/eltrabajo.cl\/portal\/wp-content\/uploads\/2014\/07\/Accidente11.jpg?resize=400%2C270&amp;ssl=1 400w\" sizes=\"auto, (max-width: 529px) 100vw, 529px\" \/><\/a><figcaption id=\"caption-attachment-48870\" class=\"wp-caption-text\">PELIGRO INMINENTE.- Claudia Gonz\u00e1lez muestra a Diario El Trabajo las partes del auto que quedaron sueltas tras el accidente.<\/figcaption><\/figure>\n<p><strong>PUTAENDO.<\/strong>&#8211; Un funcionario activo de la Armada de Chile, quien se encontraba en calidad de franco, protagoniz\u00f3 un grave accidente de tr\u00e1nsito luego que en manifestado de ebriedad a bordo de su veh\u00edculo, chocara un m\u00f3vil; luego derribara dos panderetas; ingresara al sitio de una vivienda y estuviera cerca de atropellar a una mujer.<\/p>\n<p>La informaci\u00f3n oficial de este grave hecho fue entregada por el Teniente de Carabineros, \u00c1ngelo Acevedo, quien indic\u00f3 que pasadas las 22:00 horas del domingo el conductor de un jeep que se dirig\u00eda por Calle El Puente de Granallas hacia Putaendo, primero choch\u00f3 un veh\u00edculo estacionado y luego perdi\u00f3 el control de su veh\u00edculo; derrib\u00f3 una pandereta; ingres\u00f3 al patio de una vivienda; continu\u00f3 su carrera derribando otra pandereta y termin\u00f3 semi-volcado despu\u00e9s de recorrer casi 50 metros con el m\u00f3vil totalmente fuera de control.<\/p>\n<figure id=\"attachment_48871\" aria-describedby=\"caption-attachment-48871\" style=\"width: 370px\" class=\"wp-caption alignright\"><a href=\"https:\/\/i0.wp.com\/www.eltrabajo.cl\/portal\/wp-content\/uploads\/2014\/07\/Accidente21.jpg\"><img data-recalc-dims=\"1\" loading=\"lazy\" decoding=\"async\" class=\" wp-image-48871 \" alt=\"LOS DA\u00d1OS.- El auto primero choch\u00f3 un veh\u00edculo estacionado y luego perdi\u00f3 el control de su veh\u00edculo; derrib\u00f3 una pandereta; ingres\u00f3 al patio de una vivienda.\" src=\"https:\/\/i0.wp.com\/www.eltrabajo.cl\/portal\/wp-content\/uploads\/2014\/07\/Accidente21.jpg?resize=370%2C251\" width=\"370\" height=\"251\" srcset=\"https:\/\/i0.wp.com\/eltrabajo.cl\/portal\/wp-content\/uploads\/2014\/07\/Accidente21.jpg?w=529&amp;ssl=1 529w, https:\/\/i0.wp.com\/eltrabajo.cl\/portal\/wp-content\/uploads\/2014\/07\/Accidente21.jpg?resize=200%2C135&amp;ssl=1 200w, https:\/\/i0.wp.com\/eltrabajo.cl\/portal\/wp-content\/uploads\/2014\/07\/Accidente21.jpg?resize=300%2C203&amp;ssl=1 300w, https:\/\/i0.wp.com\/eltrabajo.cl\/portal\/wp-content\/uploads\/2014\/07\/Accidente21.jpg?resize=150%2C101&amp;ssl=1 150w, https:\/\/i0.wp.com\/eltrabajo.cl\/portal\/wp-content\/uploads\/2014\/07\/Accidente21.jpg?resize=400%2C270&amp;ssl=1 400w\" sizes=\"auto, (max-width: 370px) 100vw, 370px\" \/><\/a><figcaption id=\"caption-attachment-48871\" class=\"wp-caption-text\">LOS DA\u00d1OS.- El auto primero choch\u00f3 un veh\u00edculo estacionado y luego perdi\u00f3 el control de su veh\u00edculo; derrib\u00f3 una pandereta; ingres\u00f3 al patio de una vivienda.<\/figcaption><\/figure>\n<p><strong>\u00a0ALCOHOTEST 3,36<\/strong><\/p>\n<p>El Teniente Acevedo confirm\u00f3 que el sujeto conduc\u00eda en manifiesto estado de ebriedad su veh\u00edculo al momento del accidente y prueba de ello es que al practicarle la alcoholemia a trav\u00e9s del alcohotest, este arroj\u00f3 3,36 grados de alcohol por litro de sangre, por lo que fue detenido a pesar que varios civiles se opusieron al accionar de Carabineros, pues no quer\u00edan que el conductor fuera detenido.<\/p>\n<p>El oficial policial asegur\u00f3 que en el lugar del accidente eran muchas las personas que comentaban que se trataba de un carabinero en calidad de franco, por lo que luego de chequear los antecedentes se comprob\u00f3 que se trataba de un miembro activo de la Fuerza Armada de Chile, de iniciales O.A.P.N. de 34 de a\u00f1os de edad, el que fue detenido por Conducci\u00f3n en estado de ebriedad de veh\u00edculo motorizado y causar da\u00f1os. Posteriormente el detenido qued\u00f3 en libertad a la espera de citaci\u00f3n por parte de fiscal\u00eda.<\/p>\n<p><strong>TESTIGO HABLA<\/strong><\/p>\n<p>Claudia Gonz\u00e1lez convers\u00f3 con Diario El Trabajo y sostuvo que a la hora del accidente se encontraba en el patio de su vivienda para dar de comer a sus perros, cuando al pasar cerca de un mont\u00edculo de tierra que est\u00e1 en la propiedad de su madre, sinti\u00f3 un fuerte estruendo y vio mucha tierra en suspensi\u00f3n, percat\u00e1ndose que un veh\u00edculo ingres\u00f3 al terreno luego de botar la pandereta y pas\u00f3 a menos de dos metros de ella, justo por el mont\u00edculo de tierra donde ella hab\u00eda pasado solo segundos antes.<\/p>\n<p>Gonz\u00e1lez se\u00f1al\u00f3 que el veh\u00edculo sigui\u00f3 su rumbo completamente fuera de control; derrib\u00f3 una segunda pandereta; pas\u00f3 por sobre un canal y termin\u00f3 afirmado de una pirca hasta donde lleg\u00f3 junto a otros familiares y vieron c\u00f3mo en primera instancia el conductor trat\u00f3 de sacar el veh\u00edculo, pero su estado de ebriedad le hac\u00eda imposible coordinar sus movimientos, pues aseguraba no saber qu\u00e9 hab\u00eda ocurrido ni donde estaba. La testigo del accidente asegur\u00f3 que s\u00f3lo el destino evit\u00f3 que el veh\u00edculo la atropellara, ya que fueron s\u00f3lo segundos que la salvaron de ser impactada por el jeep.<\/p>\n<p>Patricio Gallardo M.<\/p>\n<p>&nbsp;<\/p>\n","protected":false},"excerpt":{"rendered":"<p>PUTAENDO.&#8211; Un funcionario activo de la Armada de Chile, quien se encontraba en calidad de franco, protagoniz\u00f3 un grave accidente de tr\u00e1nsito luego que en manifestado de ebriedad a bordo de su&#8230;<\/p>\n","protected":false},"author":482,"featured_media":48870,"comment_status":"open","ping_status":"closed","sticky":false,"template":"","format":"standard","meta":{"advanced_seo_description":"","jetpack_seo_html_title":"","jetpack_seo_noindex":false,"_jetpack_memberships_contains_paid_content":false,"footnotes":""},"categories":[21],"tags":[],"class_list":["post-48869","post","type-post","status-publish","format-standard","has-post-thumbnail","hentry","category-policial"],"jetpack_featured_media_url":"https:\/\/i0.wp.com\/eltrabajo.cl\/portal\/wp-content\/uploads\/2014\/07\/Accidente11.jpg?fit=529%2C358&ssl=1","jetpack_sharing_enabled":true,"jetpack_likes_enabled":true,"jetpack-related-posts":[],"_links":{"self":[{"href":"https:\/\/eltrabajo.cl\/portal\/wp-json\/wp\/v2\/posts\/48869","targetHints":{"allow":["GET"]}}],"collection":[{"href":"https:\/\/eltrabajo.cl\/portal\/wp-json\/wp\/v2\/posts"}],"about":[{"href":"https:\/\/eltrabajo.cl\/portal\/wp-json\/wp\/v2\/types\/post"}],"author":[{"embeddable":true,"href":"https:\/\/eltrabajo.cl\/portal\/wp-json\/wp\/v2\/users\/482"}],"replies":[{"embeddable":true,"href":"https:\/\/eltrabajo.cl\/portal\/wp-json\/wp\/v2\/comments?post=48869"}],"version-history":[{"count":0,"href":"https:\/\/eltrabajo.cl\/portal\/wp-json\/wp\/v2\/posts\/48869\/revisions"}],"wp:featuredmedia":[{"embeddable":true,"href":"https:\/\/eltrabajo.cl\/portal\/wp-json\/wp\/v2\/media\/48870"}],"wp:attachment":[{"href":"https:\/\/eltrabajo.cl\/portal\/wp-json\/wp\/v2\/media?parent=48869"}],"wp:term":[{"taxonomy":"category","embeddable":true,"href":"https:\/\/eltrabajo.cl\/portal\/wp-json\/wp\/v2\/categories?post=48869"},{"taxonomy":"post_tag","embeddable":true,"href":"https:\/\/eltrabajo.cl\/portal\/wp-json\/wp\/v2\/tags?post=48869"}],"curies":[{"name":"wp","href":"https:\/\/api.w.org\/{rel}","templated":true}]}}