{"id":48874,"date":"2014-07-15T09:41:46","date_gmt":"2014-07-15T13:41:46","guid":{"rendered":"http:\/\/www.eltrabajo.cl\/portal\/?p=48874"},"modified":"2014-07-15T09:41:46","modified_gmt":"2014-07-15T13:41:46","slug":"asaltante-sustrajo-cartera-con-dinero-a-cliente-de-centrico-restaurante","status":"publish","type":"post","link":"https:\/\/eltrabajo.cl\/portal\/asaltante-sustrajo-cartera-con-dinero-a-cliente-de-centrico-restaurante\/","title":{"rendered":"Asaltante sustrajo cartera con dinero a cliente de c\u00e9ntrico restaurante"},"content":{"rendered":"<figure id=\"attachment_48875\" aria-describedby=\"caption-attachment-48875\" style=\"width: 370px\" class=\"wp-caption alignleft\"><a href=\"https:\/\/i0.wp.com\/www.eltrabajo.cl\/portal\/wp-content\/uploads\/2014\/07\/Detenido-2.jpg\"><img data-recalc-dims=\"1\" loading=\"lazy\" decoding=\"async\" class=\" wp-image-48875 \" alt=\"El imputado fue capturado en flagrancia en la v\u00eda p\u00fablica luego de sustraer una cartera desde Restaurante Raconto, para ser entregado a Carabineros que lo detuvo para luego ser formalizado por este delito.\" src=\"https:\/\/i0.wp.com\/www.eltrabajo.cl\/portal\/wp-content\/uploads\/2014\/07\/Detenido-2.jpg?resize=370%2C277\" width=\"370\" height=\"277\" srcset=\"https:\/\/i0.wp.com\/eltrabajo.cl\/portal\/wp-content\/uploads\/2014\/07\/Detenido-2.jpg?w=528&amp;ssl=1 528w, https:\/\/i0.wp.com\/eltrabajo.cl\/portal\/wp-content\/uploads\/2014\/07\/Detenido-2.jpg?resize=200%2C150&amp;ssl=1 200w, https:\/\/i0.wp.com\/eltrabajo.cl\/portal\/wp-content\/uploads\/2014\/07\/Detenido-2.jpg?resize=300%2C224&amp;ssl=1 300w, https:\/\/i0.wp.com\/eltrabajo.cl\/portal\/wp-content\/uploads\/2014\/07\/Detenido-2.jpg?resize=150%2C112&amp;ssl=1 150w, https:\/\/i0.wp.com\/eltrabajo.cl\/portal\/wp-content\/uploads\/2014\/07\/Detenido-2.jpg?resize=400%2C299&amp;ssl=1 400w\" sizes=\"auto, (max-width: 370px) 100vw, 370px\" \/><\/a><figcaption id=\"caption-attachment-48875\" class=\"wp-caption-text\">El imputado fue capturado en flagrancia en la v\u00eda p\u00fablica luego de sustraer una cartera desde Restaurante Raconto, para ser entregado a Carabineros que lo detuvo para luego ser formalizado por este delito.<\/figcaption><\/figure>\n<p>Una mujer de 32 a\u00f1os de edad fue v\u00edctima de la delincuencia cuando se encontraba junto a su familia al interior de Restaurante Raconto de San Felipe, circunstancia en la que sorpresivamente un sujeto se acerc\u00f3 hasta el lugar donde se encontraba sentada y sustrajo una cartera con dinero en efectivo y tres celulares que la afectada hab\u00eda dejado colgando en una silla.<\/p>\n<p>Los hechos se produjeron alrededor de las 19:20 horas del pasado domingo, cuando los cinco integrantes de la familia de la v\u00edctima ingresaron hasta el local ubicado en Calle Combate de Las Coimas 206 de esta comuna. El antisocial sustrajo la cartera que conten\u00eda $120.000 en efectivo y tres tel\u00e9fonos celulares marca LG, Sony y Huawei, para luego escapar hacia la v\u00eda p\u00fablica.<\/p>\n<p>En tanto la pareja de la afectada decidi\u00f3 seguir al sujeto que escapaba por Calle Combate de Las Coimas y al llegar hasta la intersecci\u00f3n de Santo Domingo logr\u00f3 capturarlo, produci\u00e9ndose un forcejeo para que le hiciera entrega de las especies, mientras Carabineros concurri\u00f3 al lugar y pudo controlar la situaci\u00f3n con la detenci\u00f3n del delincuente.<\/p>\n<p>El imputado fue identificado como Juan Carlos R.E. de 36 a\u00f1os de edad, domiciliado en Camino Internacional Los Chacalles en la comuna de Los Andes, quien cuenta con un amplio prontuario delictual por cuatro delitos de Hurto y consumo de drogas desde el a\u00f1o 2007 a la fecha.<\/p>\n<p>Su detenci\u00f3n fue controlada al mediod\u00eda de ayer lunes en el Juzgado de Garant\u00eda de San Felipe, donde fue formalizado por el delito de Hurto por la fiscal\u00eda. Se le asignaron cautelares de Firma mensual, Prohibici\u00f3n de acercarse a la v\u00edctima y Arraigo nacional, quedando citado a una pr\u00f3xima fecha de juicio para resolver el caso.<\/p>\n<p>Pablo Salinas Sald\u00edas<\/p>\n","protected":false},"excerpt":{"rendered":"<p>Una mujer de 32 a\u00f1os de edad fue v\u00edctima de la delincuencia cuando se encontraba junto a su familia al interior de Restaurante Raconto de San Felipe, circunstancia en la que sorpresivamente&#8230;<\/p>\n","protected":false},"author":482,"featured_media":48875,"comment_status":"open","ping_status":"closed","sticky":false,"template":"","format":"standard","meta":{"advanced_seo_description":"","jetpack_seo_html_title":"","jetpack_seo_noindex":false,"_jetpack_memberships_contains_paid_content":false,"footnotes":""},"categories":[21],"tags":[],"class_list":["post-48874","post","type-post","status-publish","format-standard","has-post-thumbnail","hentry","category-policial"],"jetpack_featured_media_url":"https:\/\/i0.wp.com\/eltrabajo.cl\/portal\/wp-content\/uploads\/2014\/07\/Detenido-2.jpg?fit=528%2C395&ssl=1","jetpack_sharing_enabled":true,"jetpack_likes_enabled":true,"jetpack-related-posts":[],"_links":{"self":[{"href":"https:\/\/eltrabajo.cl\/portal\/wp-json\/wp\/v2\/posts\/48874","targetHints":{"allow":["GET"]}}],"collection":[{"href":"https:\/\/eltrabajo.cl\/portal\/wp-json\/wp\/v2\/posts"}],"about":[{"href":"https:\/\/eltrabajo.cl\/portal\/wp-json\/wp\/v2\/types\/post"}],"author":[{"embeddable":true,"href":"https:\/\/eltrabajo.cl\/portal\/wp-json\/wp\/v2\/users\/482"}],"replies":[{"embeddable":true,"href":"https:\/\/eltrabajo.cl\/portal\/wp-json\/wp\/v2\/comments?post=48874"}],"version-history":[{"count":0,"href":"https:\/\/eltrabajo.cl\/portal\/wp-json\/wp\/v2\/posts\/48874\/revisions"}],"wp:featuredmedia":[{"embeddable":true,"href":"https:\/\/eltrabajo.cl\/portal\/wp-json\/wp\/v2\/media\/48875"}],"wp:attachment":[{"href":"https:\/\/eltrabajo.cl\/portal\/wp-json\/wp\/v2\/media?parent=48874"}],"wp:term":[{"taxonomy":"category","embeddable":true,"href":"https:\/\/eltrabajo.cl\/portal\/wp-json\/wp\/v2\/categories?post=48874"},{"taxonomy":"post_tag","embeddable":true,"href":"https:\/\/eltrabajo.cl\/portal\/wp-json\/wp\/v2\/tags?post=48874"}],"curies":[{"name":"wp","href":"https:\/\/api.w.org\/{rel}","templated":true}]}}