{"id":48878,"date":"2014-07-15T09:43:25","date_gmt":"2014-07-15T13:43:25","guid":{"rendered":"http:\/\/www.eltrabajo.cl\/portal\/?p=48878"},"modified":"2014-07-15T09:43:25","modified_gmt":"2014-07-15T13:43:25","slug":"hallan-muerto-en-fundo-los-graneros-a-joven-bombero-desaparecido","status":"publish","type":"post","link":"https:\/\/eltrabajo.cl\/portal\/hallan-muerto-en-fundo-los-graneros-a-joven-bombero-desaparecido\/","title":{"rendered":"Hallan muerto en Fundo Los Graneros a joven Bombero desaparecido"},"content":{"rendered":"<figure id=\"attachment_48879\" aria-describedby=\"caption-attachment-48879\" style=\"width: 317px\" class=\"wp-caption alignleft\"><a href=\"https:\/\/i0.wp.com\/www.eltrabajo.cl\/portal\/wp-content\/uploads\/2014\/07\/Fallecido1.jpg\"><img data-recalc-dims=\"1\" loading=\"lazy\" decoding=\"async\" class=\" wp-image-48879 \" alt=\"En horas de la tarde de ayer lunes, fue encontrado el cuerpo sin vida Jonathan S\u00e1nchez Herrera de 25 a\u00f1os de edad, quien se encontraba desaparecido desde hace 16 d\u00edas.\" src=\"https:\/\/i0.wp.com\/www.eltrabajo.cl\/portal\/wp-content\/uploads\/2014\/07\/Fallecido1.jpg?resize=317%2C338\" width=\"317\" height=\"338\" srcset=\"https:\/\/i0.wp.com\/eltrabajo.cl\/portal\/wp-content\/uploads\/2014\/07\/Fallecido1.jpg?w=529&amp;ssl=1 529w, https:\/\/i0.wp.com\/eltrabajo.cl\/portal\/wp-content\/uploads\/2014\/07\/Fallecido1.jpg?resize=140%2C150&amp;ssl=1 140w, https:\/\/i0.wp.com\/eltrabajo.cl\/portal\/wp-content\/uploads\/2014\/07\/Fallecido1.jpg?resize=281%2C300&amp;ssl=1 281w, https:\/\/i0.wp.com\/eltrabajo.cl\/portal\/wp-content\/uploads\/2014\/07\/Fallecido1.jpg?resize=400%2C425&amp;ssl=1 400w\" sizes=\"auto, (max-width: 317px) 100vw, 317px\" \/><\/a><figcaption id=\"caption-attachment-48879\" class=\"wp-caption-text\">En horas de la tarde de ayer lunes, fue encontrado el cuerpo sin vida Jonathan S\u00e1nchez Herrera de 25 a\u00f1os de edad, quien se encontraba desaparecido desde hace 16 d\u00edas.<\/figcaption><\/figure>\n<ul>\n<li><strong>Depresi\u00f3n por enfrentar cargos judiciales por Hurto y haber perdido trabajo en colegio y voluntariado en Bomberos, lo llev\u00f3 a la fatal decisi\u00f3n.<\/strong><\/li>\n<\/ul>\n<p>En horas de la tarde de ayer lunes fue encontrado el cuerpo sin vida de Jonathan S\u00e1nchez Herrera, de 25 a\u00f1os de edad, quien se encontraba desaparecido desde hace 16 d\u00edas y de quien sus familiares clamaban por saber sobre su paradero. Ahora el escenario es desolador luego que se confirmara su deceso.<\/p>\n<p>Los primeros antecedentes proporcionado por el Cuerpo de Bomberos indican que el cuerpo fue hallado por un arriero que se desplazaba por Fundo Los Graneros, observando un cad\u00e1ver colgando de un \u00e1rbol, por lo que alert\u00f3 a Carabineros para que concurriera al lugar.<\/p>\n<p>Pese a que en primera instancia la Polic\u00eda manten\u00eda otra informaci\u00f3n sobre el hallazgo de muerte de una persona que se encontrar\u00eda cercana al sector de Parras\u00eda, la que posteriormente fue descartada por los funcionarios que efectuaron diversos rastreos en el lugar sin lograr resultados.<\/p>\n<p><strong>BUSCADO EN REDES<\/strong><\/p>\n<p>Sin embargo a eso de las 18:00 horas se logr\u00f3 identificar el lugar exacto donde se encontraba el cuerpo sin vida de un joven ahorcado, siendo identificado por personal de Bomberos como Jonathan S\u00e1nchez Herrera que prestaba servicios como voluntario de la Primera Compa\u00f1\u00eda de Bomberos de San Felipe.<\/p>\n<p>El joven se encontraba desaparecido desde el 28 de junio pasado, cuando la familia estampara una denuncia de Presunta desgracia en la Fiscal\u00eda de San Felipe y ambas Polic\u00edas luego que se le perdiera rastro cuando concurri\u00f3 hasta donde unos amigos en el sector Hacienda de Quilpu\u00e9 en San Felipe.<\/p>\n<p>Desde ese d\u00eda nadie pudo tomar contacto con Jonathan dado a que no contestaba su celular, por lo que se inici\u00f3 una campa\u00f1a por las redes sociales en Twitter y Facebook, colgando su foto para que lograr dar con su paradero o alguien que pudiese entregar informaci\u00f3n a los familiares que clamaban por su ausencia.<\/p>\n<p><strong>SE SINTI\u00d3 ABANDONADO<\/strong><\/p>\n<p>Tras una investigaci\u00f3n realizada por Diario El Trabajo, su madre indic\u00f3 la semana pasada fuera de micr\u00f3fono que Jonathan se encontraba muy deprimido luego de ser formalizado por un supuesto delito de Hurto de un celular de un alumno, por el cual estaba siendo investigado por el Ministerio P\u00fablico de Los Andes, lo que lo cost\u00f3 adem\u00e1s su puesto de trabajo en un colegio donde se desempe\u00f1aba en esa comuna.<\/p>\n<p>Esto habr\u00eda repercutido profundamente en Jonathan, quien es padre de dos peque\u00f1as ni\u00f1as, decidiendo escapar sin tener contacto con ning\u00fan miembro de su familia, ni siquiera en el Cuerpo de Bomberos donde se comunic\u00f3 p\u00fablicamente su desvinculaci\u00f3n con la instituci\u00f3n por los hechos que estaba siendo investigado judicialmente.<\/p>\n<p>Sin embargo el pasado s\u00e1bado a petici\u00f3n de la familia se realiz\u00f3 un operativo con la Unidad Canina Especializada de Los Andes para rastrear diversos sectores de Vertedero La Hormiga en el sector de Las Coimas, sin lograr resultados positivos. No obstante bajo la intensa lluvia que cubr\u00eda a todo el Valle de Aconcagua, la noticia fue confirmada por quienes fueron sus compa\u00f1eros de labores por bastante tiempo, lo que signific\u00f3 un profundo pesar al presenciar el hallazgo por su cercan\u00eda.<\/p>\n<p>\u201cConcurrimos junto al personal de Carabineros y logramos identificar a la persona, que se tratar\u00eda de la misma que estaba desaparecidq.<\/p>\n<p>\u201cPor nuestra parte podemos ratificar esa informaci\u00f3n, se encontraba al interior de Fundo Los Graneros, podemos precisar que el cuerpo presentar\u00eda varios d\u00edas como data de muerte la que deber\u00e1 ser corroborada por el personal de la Brigada de Homicidios\u201d, indic\u00f3 el Comandante de Bomberos Cristi\u00e1n Palma.<\/p>\n<p>Hasta el cierre de esta edici\u00f3n se comenzaron a realizar las labores de la Brigada de Homicidios de la Polic\u00eda de Investigaciones de Los Andes para precisar con exactitud tanto la data de muerte como as\u00ed tambi\u00e9n si se tratar\u00eda o no de un suicidio, todo bajo la supervisi\u00f3n del Fiscal de Turno Eduardo Fajardo, quien concurri\u00f3 hasta el sitio del suceso.<\/p>\n<p>Pablo Salinas Sald\u00edas<\/p>\n","protected":false},"excerpt":{"rendered":"<p>Depresi\u00f3n por enfrentar cargos judiciales por Hurto y haber perdido trabajo en colegio y voluntariado en Bomberos, lo llev\u00f3 a la fatal decisi\u00f3n. En horas de la tarde de ayer lunes fue&#8230;<\/p>\n","protected":false},"author":482,"featured_media":48879,"comment_status":"open","ping_status":"closed","sticky":false,"template":"","format":"standard","meta":{"advanced_seo_description":"","jetpack_seo_html_title":"","jetpack_seo_noindex":false,"_jetpack_memberships_contains_paid_content":false,"footnotes":""},"categories":[21],"tags":[],"class_list":["post-48878","post","type-post","status-publish","format-standard","has-post-thumbnail","hentry","category-policial"],"jetpack_featured_media_url":"https:\/\/i0.wp.com\/eltrabajo.cl\/portal\/wp-content\/uploads\/2014\/07\/Fallecido1.jpg?fit=529%2C563&ssl=1","jetpack_sharing_enabled":true,"jetpack_likes_enabled":true,"jetpack-related-posts":[],"_links":{"self":[{"href":"https:\/\/eltrabajo.cl\/portal\/wp-json\/wp\/v2\/posts\/48878","targetHints":{"allow":["GET"]}}],"collection":[{"href":"https:\/\/eltrabajo.cl\/portal\/wp-json\/wp\/v2\/posts"}],"about":[{"href":"https:\/\/eltrabajo.cl\/portal\/wp-json\/wp\/v2\/types\/post"}],"author":[{"embeddable":true,"href":"https:\/\/eltrabajo.cl\/portal\/wp-json\/wp\/v2\/users\/482"}],"replies":[{"embeddable":true,"href":"https:\/\/eltrabajo.cl\/portal\/wp-json\/wp\/v2\/comments?post=48878"}],"version-history":[{"count":0,"href":"https:\/\/eltrabajo.cl\/portal\/wp-json\/wp\/v2\/posts\/48878\/revisions"}],"wp:featuredmedia":[{"embeddable":true,"href":"https:\/\/eltrabajo.cl\/portal\/wp-json\/wp\/v2\/media\/48879"}],"wp:attachment":[{"href":"https:\/\/eltrabajo.cl\/portal\/wp-json\/wp\/v2\/media?parent=48878"}],"wp:term":[{"taxonomy":"category","embeddable":true,"href":"https:\/\/eltrabajo.cl\/portal\/wp-json\/wp\/v2\/categories?post=48878"},{"taxonomy":"post_tag","embeddable":true,"href":"https:\/\/eltrabajo.cl\/portal\/wp-json\/wp\/v2\/tags?post=48878"}],"curies":[{"name":"wp","href":"https:\/\/api.w.org\/{rel}","templated":true}]}}