{"id":48888,"date":"2014-07-17T09:39:15","date_gmt":"2014-07-17T13:39:15","guid":{"rendered":"http:\/\/www.eltrabajo.cl\/portal\/?p=48888"},"modified":"2014-07-17T09:39:15","modified_gmt":"2014-07-17T13:39:15","slug":"codelco-entrega-becas-excelencia-academica-a-trabajadores-contratistas","status":"publish","type":"post","link":"https:\/\/eltrabajo.cl\/portal\/codelco-entrega-becas-excelencia-academica-a-trabajadores-contratistas\/","title":{"rendered":"Codelco entrega becas Excelencia Acad\u00e9mica a trabajadores contratistas"},"content":{"rendered":"<figure id=\"attachment_48889\" aria-describedby=\"caption-attachment-48889\" style=\"width: 528px\" class=\"wp-caption alignnone\"><a href=\"https:\/\/i0.wp.com\/www.eltrabajo.cl\/portal\/wp-content\/uploads\/2014\/07\/Becas1.jpg\"><img data-recalc-dims=\"1\" loading=\"lazy\" decoding=\"async\" class=\"size-full wp-image-48889\" alt=\"Codelco Andina oficializ\u00f3 el pasado jueves la entrega de las Becas de Excelencia Acad\u00e9mica para trabajadores contratistas. apoyando la formaci\u00f3n de 1.000 personas.\" src=\"https:\/\/i0.wp.com\/www.eltrabajo.cl\/portal\/wp-content\/uploads\/2014\/07\/Becas1.jpg?resize=528%2C358\" width=\"528\" height=\"358\" srcset=\"https:\/\/i0.wp.com\/eltrabajo.cl\/portal\/wp-content\/uploads\/2014\/07\/Becas1.jpg?w=528&amp;ssl=1 528w, https:\/\/i0.wp.com\/eltrabajo.cl\/portal\/wp-content\/uploads\/2014\/07\/Becas1.jpg?resize=200%2C135&amp;ssl=1 200w, https:\/\/i0.wp.com\/eltrabajo.cl\/portal\/wp-content\/uploads\/2014\/07\/Becas1.jpg?resize=300%2C203&amp;ssl=1 300w, https:\/\/i0.wp.com\/eltrabajo.cl\/portal\/wp-content\/uploads\/2014\/07\/Becas1.jpg?resize=150%2C101&amp;ssl=1 150w, https:\/\/i0.wp.com\/eltrabajo.cl\/portal\/wp-content\/uploads\/2014\/07\/Becas1.jpg?resize=400%2C271&amp;ssl=1 400w\" sizes=\"auto, (max-width: 528px) 100vw, 528px\" \/><\/a><figcaption id=\"caption-attachment-48889\" class=\"wp-caption-text\">Codelco Andina oficializ\u00f3 el pasado jueves la entrega de las Becas de Excelencia Acad\u00e9mica para trabajadores contratistas.<br \/>apoyando la formaci\u00f3n de 1.000 personas.<\/figcaption><\/figure>\n<p><strong>LOS ANDES.-<\/strong> Codelco Andina oficializ\u00f3 el pasado jueves la entrega de las Becas de Excelencia Acad\u00e9mica para trabajadores contratistas, beneficio que este a\u00f1o, adem\u00e1s de hijos, se hizo extensivo a c\u00f3nyuges y a los propios trabajadores. El instrumento de apoyo a la formaci\u00f3n profesional, creado en 2008, recay\u00f3 en 2.800 personas en todas los centros de trabajo de la cupr\u00edfera estatal, 471 de ellos pertenecientes a Divisi\u00f3n Andina.<\/p>\n<figure id=\"attachment_48890\" aria-describedby=\"caption-attachment-48890\" style=\"width: 370px\" class=\"wp-caption alignright\"><a href=\"https:\/\/i0.wp.com\/www.eltrabajo.cl\/portal\/wp-content\/uploads\/2014\/07\/Becas2.jpg\"><img data-recalc-dims=\"1\" loading=\"lazy\" decoding=\"async\" class=\" wp-image-48890 \" alt=\"En los \u00faltimos siete a\u00f1os las becas han considerado una inversi\u00f3n cercana a los 15 millones de d\u00f3lares, \" src=\"https:\/\/i0.wp.com\/www.eltrabajo.cl\/portal\/wp-content\/uploads\/2014\/07\/Becas2.jpg?resize=370%2C251\" width=\"370\" height=\"251\" srcset=\"https:\/\/i0.wp.com\/eltrabajo.cl\/portal\/wp-content\/uploads\/2014\/07\/Becas2.jpg?w=528&amp;ssl=1 528w, https:\/\/i0.wp.com\/eltrabajo.cl\/portal\/wp-content\/uploads\/2014\/07\/Becas2.jpg?resize=200%2C135&amp;ssl=1 200w, https:\/\/i0.wp.com\/eltrabajo.cl\/portal\/wp-content\/uploads\/2014\/07\/Becas2.jpg?resize=300%2C203&amp;ssl=1 300w, https:\/\/i0.wp.com\/eltrabajo.cl\/portal\/wp-content\/uploads\/2014\/07\/Becas2.jpg?resize=150%2C101&amp;ssl=1 150w, https:\/\/i0.wp.com\/eltrabajo.cl\/portal\/wp-content\/uploads\/2014\/07\/Becas2.jpg?resize=400%2C271&amp;ssl=1 400w\" sizes=\"auto, (max-width: 370px) 100vw, 370px\" \/><\/a><figcaption id=\"caption-attachment-48890\" class=\"wp-caption-text\">En los \u00faltimos siete a\u00f1os las becas han considerado una inversi\u00f3n cercana a los 15 millones de d\u00f3lares,<\/figcaption><\/figure>\n<p>\u201cEstamos orgulloso de la calidad de trabajadores que tenemos, de sus familias y especialmente de los becados. Creo que el mejor esfuerzo que puede hacer una empresa es en la educaci\u00f3n. Entregamos este beneficio con mucha alegr\u00eda y les deseamos \u00e9xitos a estos estudiantes que tienen una oportunidad que probablemente sus padres no tuvieron\u201d, dijo Ricardo Palma, Gerente General de Andina en la ceremonia realizada en Los Andes.<\/p>\n<p>El ejecutivo subray\u00f3 que la educaci\u00f3n es un eje prioritario en el rol social de Codelco y en especial de esta Divisi\u00f3n, que ha impulsado proyectos como la Fundaci\u00f3n Fosila y su Orquesta infanto-juvenil y ha participado activamente en instancias como la Mesa Provincial Educaci\u00f3n y Miner\u00eda para el Siglo XXI. En esta l\u00ednea, adem\u00e1s, Palma valor\u00f3 que este a\u00f1o los trabajadores y sus c\u00f3nyuges se sumaran al beneficio como una forma de abordar nuevos desaf\u00edos profesionales y de formaci\u00f3n.<\/p>\n<p>Patricia Pulgar, alumna de 22 a\u00f1os de la carrera de Enfermer\u00eda, explic\u00f3 que esta beca permite costear gastos en aranceles, tecnolog\u00eda y pasajes. \u201cMi familia est\u00e1 s\u00faper contenta. Estoy muy agradecida del esfuerzo constante que hace mi padre para apoyarme\u201d, afirm\u00f3. Romina Salinas, estudiante de la Ingenier\u00eda Civil Industrial, agreg\u00f3 que el beneficio supone \u201cun incentivo muy importante para nosotros y nuestras familias. Para m\u00ed, esta es una motivaci\u00f3n para seguir adelante, ya que mi objetivo en el futuro es trabajar en la zona\u201d.<\/p>\n<p>\u00c1lvaro Calbacho, Gerente de Administraci\u00f3n de Andina, destac\u00f3 que \u201cnuestro compromiso con las empresas colaboradoras pone uno de sus focos primordiales en el apoyo a la educaci\u00f3n, tanto de sus trabajadores como de los c\u00f3nyuges e hijos de \u00e9stos. Buscamos contribuir a reforzar sus talentos e incentivar sus procesos de formaci\u00f3n\u201d.<\/p>\n<p>En los \u00faltimos siete a\u00f1os, las becas han considerado una inversi\u00f3n cercana a los 15 millones de d\u00f3lares, apoyando la formaci\u00f3n de 1.000 personas, expresando valores corporativos como el respeto a la vida y la dignidad de las personas y el desarrollo sustentable.<\/p>\n<p>Francisco Soto, Gerente de Gesti\u00f3n y Fiscalizaci\u00f3n de Empresas Contratistas de Codelco, se\u00f1al\u00f3 que el aporte \u201crefleja el compromiso de la corporaci\u00f3n con quienes son nuestros colaboradores. Es un orgullo para nosotros poder participar en temas tan importante como la educaci\u00f3n de sus hijos y c\u00f3nyuges, en un pa\u00eds que hoy levanta con fuerza estos temas\u201d.<\/p>\n<p>Por su parte, el Director Nacional de la Confederaci\u00f3n de Trabajadores del Cobre, Emilio Z\u00e1rate, valor\u00f3 que las becas, surgidas de un acuerdo del a\u00f1o 2007 como uno de los mejores avances que hemos tenido a trav\u00e9s de la historia, gracias a la capacidad de di\u00e1logo. Es un gran ejemplo de entendimiento\u201d.<\/p>\n<p>Las becas de este a\u00f1o consideraron la entrega \u00fanica de $650.000 y tuvieron un incremento de un 30% respecto al 2013, tras la inclusi\u00f3n de nuevos beneficiarios, como c\u00f3nyuges y los propios trabajadores. En su totalidad, el instrumento recay\u00f3 en un 70% en hijos de trabajadores; 25% en operarios y en un 5% en c\u00f3nyuges. El Teniente con 1.204 becas; Andina con 471; Chuquicamata con 357 y Salvador con 268, fueron las divisiones con mayores adjudicaciones.<\/p>\n<p>&nbsp;<\/p>\n","protected":false},"excerpt":{"rendered":"<p>LOS ANDES.- Codelco Andina oficializ\u00f3 el pasado jueves la entrega de las Becas de Excelencia Acad\u00e9mica para trabajadores contratistas, beneficio que este a\u00f1o, adem\u00e1s de hijos, se hizo extensivo a c\u00f3nyuges y&#8230;<\/p>\n","protected":false},"author":482,"featured_media":48889,"comment_status":"open","ping_status":"closed","sticky":false,"template":"","format":"standard","meta":{"advanced_seo_description":"","jetpack_seo_html_title":"","jetpack_seo_noindex":false,"_jetpack_memberships_contains_paid_content":false,"footnotes":""},"categories":[15],"tags":[],"class_list":["post-48888","post","type-post","status-publish","format-standard","has-post-thumbnail","hentry","category-comunidad"],"jetpack_featured_media_url":"https:\/\/i0.wp.com\/eltrabajo.cl\/portal\/wp-content\/uploads\/2014\/07\/Becas1.jpg?fit=528%2C358&ssl=1","jetpack_sharing_enabled":true,"jetpack_likes_enabled":true,"jetpack-related-posts":[],"_links":{"self":[{"href":"https:\/\/eltrabajo.cl\/portal\/wp-json\/wp\/v2\/posts\/48888","targetHints":{"allow":["GET"]}}],"collection":[{"href":"https:\/\/eltrabajo.cl\/portal\/wp-json\/wp\/v2\/posts"}],"about":[{"href":"https:\/\/eltrabajo.cl\/portal\/wp-json\/wp\/v2\/types\/post"}],"author":[{"embeddable":true,"href":"https:\/\/eltrabajo.cl\/portal\/wp-json\/wp\/v2\/users\/482"}],"replies":[{"embeddable":true,"href":"https:\/\/eltrabajo.cl\/portal\/wp-json\/wp\/v2\/comments?post=48888"}],"version-history":[{"count":0,"href":"https:\/\/eltrabajo.cl\/portal\/wp-json\/wp\/v2\/posts\/48888\/revisions"}],"wp:featuredmedia":[{"embeddable":true,"href":"https:\/\/eltrabajo.cl\/portal\/wp-json\/wp\/v2\/media\/48889"}],"wp:attachment":[{"href":"https:\/\/eltrabajo.cl\/portal\/wp-json\/wp\/v2\/media?parent=48888"}],"wp:term":[{"taxonomy":"category","embeddable":true,"href":"https:\/\/eltrabajo.cl\/portal\/wp-json\/wp\/v2\/categories?post=48888"},{"taxonomy":"post_tag","embeddable":true,"href":"https:\/\/eltrabajo.cl\/portal\/wp-json\/wp\/v2\/tags?post=48888"}],"curies":[{"name":"wp","href":"https:\/\/api.w.org\/{rel}","templated":true}]}}