{"id":48893,"date":"2014-07-17T09:41:27","date_gmt":"2014-07-17T13:41:27","guid":{"rendered":"http:\/\/www.eltrabajo.cl\/portal\/?p=48893"},"modified":"2014-07-17T09:41:27","modified_gmt":"2014-07-17T13:41:27","slug":"servicio-de-salud-aconcagua-y-fenprus-buscan-acercamiento","status":"publish","type":"post","link":"https:\/\/eltrabajo.cl\/portal\/servicio-de-salud-aconcagua-y-fenprus-buscan-acercamiento\/","title":{"rendered":"Servicio de Salud Aconcagua y Fenprus buscan acercamiento"},"content":{"rendered":"<figure id=\"attachment_48894\" aria-describedby=\"caption-attachment-48894\" style=\"width: 529px\" class=\"wp-caption alignnone\"><a href=\"https:\/\/i0.wp.com\/www.eltrabajo.cl\/portal\/wp-content\/uploads\/2014\/07\/Fenprus1.jpg\"><img data-recalc-dims=\"1\" loading=\"lazy\" decoding=\"async\" class=\"size-full wp-image-48894\" alt=\"ACERCAMIENTO.- As\u00ed se desarroll\u00f3 una importante reuni\u00f3n de acercamiento entre el Director de Servicio de Salud Aconcagua, Alejandro C\u00e1rdenas y dirigentes de la Fenprus Aconcagua.\" src=\"https:\/\/i0.wp.com\/www.eltrabajo.cl\/portal\/wp-content\/uploads\/2014\/07\/Fenprus1.jpg?resize=529%2C358\" width=\"529\" height=\"358\" srcset=\"https:\/\/i0.wp.com\/eltrabajo.cl\/portal\/wp-content\/uploads\/2014\/07\/Fenprus1.jpg?w=529&amp;ssl=1 529w, https:\/\/i0.wp.com\/eltrabajo.cl\/portal\/wp-content\/uploads\/2014\/07\/Fenprus1.jpg?resize=200%2C135&amp;ssl=1 200w, https:\/\/i0.wp.com\/eltrabajo.cl\/portal\/wp-content\/uploads\/2014\/07\/Fenprus1.jpg?resize=300%2C203&amp;ssl=1 300w, https:\/\/i0.wp.com\/eltrabajo.cl\/portal\/wp-content\/uploads\/2014\/07\/Fenprus1.jpg?resize=150%2C101&amp;ssl=1 150w, https:\/\/i0.wp.com\/eltrabajo.cl\/portal\/wp-content\/uploads\/2014\/07\/Fenprus1.jpg?resize=400%2C270&amp;ssl=1 400w\" sizes=\"auto, (max-width: 529px) 100vw, 529px\" \/><\/a><figcaption id=\"caption-attachment-48894\" class=\"wp-caption-text\">ACERCAMIENTO.- As\u00ed se desarroll\u00f3 una importante reuni\u00f3n de acercamiento entre el Director de Servicio de Salud Aconcagua, Alejandro C\u00e1rdenas y dirigentes de la Fenprus Aconcagua.<\/figcaption><\/figure>\n<p><strong>PUTAENDO.<\/strong>&#8211; Como una manera de mantener una coordinaci\u00f3n de trabajo y participaci\u00f3n, se desarroll\u00f3 una importante reuni\u00f3n de acercamiento entre el Director de Servicio de Salud Aconcagua, Alejandro C\u00e1rdenas y dirigentes de la Fenprus Aconcagua. En esta instancia participaron la vocera de Fenprus Aconcagua, Maribel Espinoza, la Presidente de Fenprus del Hospital San Juan de Dios Los Andes, Leonor Castro y el Presidente de la Fenprus del Hospital Psiqui\u00e1trico de Putaendo, Edgardo Olivares.<\/p>\n<p>Dentro de los temas planteados por los dirigentes al director del Servicio de Salud Aconcagua se encontraba el aumento de la participaci\u00f3n de los gremios en las decisiones que involucran a los diferentes establecimientos que agrupa el Servicio de Salud Aconcagua como una manera de incentivar y aumentar la democratizaci\u00f3n en el \u00e1rea de salud, lo que fue aceptado por Alejandro C\u00e1rdenas, quien sostuvo que uno de los sellos que pretende instaurar su gesti\u00f3n es el di\u00e1logo permanente y efectivo con los diferentes gremios de la salud.<\/p>\n<p>Al finalizar la reuni\u00f3n, los dirigentes de Fenprus destacaron la posibilidad de di\u00e1logo y conversaci\u00f3n con el director del Servicio de Salud Aconcagua, lo que en palabras de la vocera de Fenprus, Maribel Espinoza, es un paso significativo para la inclusi\u00f3n de los gremios, \u00absin dudas es un acercamiento entre el gremio y el director del Servicio de Salud, lo que permite que podamos plantear ciertos problemas que enfrentan nuestros profesionales, los problemas que tiene la salud p\u00fablica y as\u00ed poder solucionarlos de otra manera\u00bb.<\/p>\n<p>A las declaraciones de la dirigente se sum\u00f3 la presidente de Fenprus del Hospital San Juan de Dios de Los Andes, quien sostuvo que esta reuni\u00f3n significa una validaci\u00f3n de esta coordinaci\u00f3n que ha sufrido algunos cuestionamientos.<\/p>\n<p>En tanto, el Director del Servicio de Salud Aconcagua, Alejandro C\u00e1rdenas Quintana, indic\u00f3 que la reuni\u00f3n hab\u00eda sido bastante provechosa pues permit\u00eda estrechar posturas frente a temas de salud, \u00abel objetivo de esta reuni\u00f3n fue definir posiciones en lo relacionado a mejoras en las condiciones de trabajo, porque en la medida que avanzamos en esos aspectos aseguramos una mejora en la calidad de la atenci\u00f3n a los usuarios que es nuestro principal objetivo\u00bb.<\/p>\n<p>Frente a este primer acercamiento entre el Servicio de Salud Aconcagua y la Fenprus y principalmente sobre el impasse que se produjo entre su persona y el presidente de la Fenprus del Hospital Psiqui\u00e1trico, Edgardo Olivares, el director del Servicio de Salud Aconcagua sostuvo que en esta instancia se lleg\u00f3 a un entendimiento entre ambos de una forma madura y responsable, por lo que tambi\u00e9n aprovech\u00f3 la ocasi\u00f3n de destacar el rol de Fenprus y en este caso puntual el liderazgo del dirigente gremial \u00abson situaciones de la vida, a veces ocurren desavenencias que con madurez las personas saben enfrentarlas y logran salir adelante, la pol\u00edtica de este director es reunirse con todos los gremios, particularmente con Fenprus hab\u00edamos tenido algunos inconvenientes que con bastante altura de miras de sus dirigentes hoy hemos podido subsanar, ya que yo me re\u00fano con dirigentes que son elegidos por sus bases y que tienen legitimidad y representatividad\u00bb.<\/p>\n<p>Finalmente Edgardo Olivares, Presidente de la Fenprus del Hospital Psiqui\u00e1trico de Putaendo, destac\u00f3 la importancia de esta reuni\u00f3n donde se genera un primer acercamiento con el director del Servicio de Salud Aconcagua, \u00abyo quiero destacar que este acercamiento naci\u00f3 del director del Servicio de Salud Aconcagua, lo que demuestra un liderazgo bastante importante por querer que nosotros seamos part\u00edcipes del proceso gremial del Servicio de Salud, ya que los profesionales de este servicio somos los que llevamos el peso de la salud p\u00fablica en la zona, por lo tanto tenemos mucho que decir sobre la marcha de este establecimiento y de esa manera hemos coordinado reuniones, primero con los gremios y tambi\u00e9n con las diferentes unidades de los recintos de salud para que el director las conozca y se interiorice de sus realidades, hoy nos sentimos part\u00edcipes de la gesti\u00f3n de Alejandro C\u00e1rdenas y tenemos la certeza que contamos con una l\u00ednea directa con \u00e9l para llegar a plantearle los requerimientos de cada uno de los establecimientos\u00bb.<\/p>\n<p>Patricio Gallardo M.<\/p>\n<div class=\"tiled-gallery type-rectangular tiled-gallery-unresized\" data-original-width=\"640\" data-carousel-extra='null' itemscope itemtype=\"http:\/\/schema.org\/ImageGallery\" > <div class=\"gallery-row\" style=\"width: 640px; height: 311px;\" data-original-width=\"640\" data-original-height=\"311\" > <div class=\"gallery-group images-1\" style=\"width: 315px; height: 311px;\" data-original-width=\"315\" data-original-height=\"311\" > <div class=\"tiled-gallery-item tiled-gallery-item-large\" itemprop=\"associatedMedia\" itemscope itemtype=\"http:\/\/schema.org\/ImageObject\"> <a href=\"https:\/\/eltrabajo.cl\/portal\/servicio-de-salud-aconcagua-y-fenprus-buscan-acercamiento\/alejandro-cardenas-2\/\" border=\"0\" itemprop=\"url\"> <meta itemprop=\"width\" content=\"311\"> <meta itemprop=\"height\" content=\"307\"> <img decoding=\"async\" class=\"\" data-attachment-id=\"48895\" data-orig-file=\"https:\/\/eltrabajo.cl\/portal\/wp-content\/uploads\/2014\/07\/ALEJANDRO-CARDENAS.jpg\" data-orig-size=\"529,522\" data-comments-opened=\"1\" data-image-meta=\"{&quot;aperture&quot;:&quot;4&quot;,&quot;credit&quot;:&quot;&quot;,&quot;camera&quot;:&quot;Canon EOS REBEL T3&quot;,&quot;caption&quot;:&quot;&quot;,&quot;created_timestamp&quot;:&quot;1392639867&quot;,&quot;copyright&quot;:&quot;&quot;,&quot;focal_length&quot;:&quot;28&quot;,&quot;iso&quot;:&quot;800&quot;,&quot;shutter_speed&quot;:&quot;0.016666666666667&quot;,&quot;title&quot;:&quot;&quot;}\" data-image-title=\"ALEJANDRO CARDENAS\" data-image-description=\"&lt;p&gt;Director de Servicio de Salud Aconcagua, Alejandro C\u00e1rdenas.&lt;\/p&gt; \" data-medium-file=\"https:\/\/i0.wp.com\/eltrabajo.cl\/portal\/wp-content\/uploads\/2014\/07\/ALEJANDRO-CARDENAS.jpg?fit=300%2C296&#038;ssl=1\" data-large-file=\"https:\/\/i0.wp.com\/eltrabajo.cl\/portal\/wp-content\/uploads\/2014\/07\/ALEJANDRO-CARDENAS.jpg?fit=529%2C522&#038;ssl=1\" src=\"https:\/\/i0.wp.com\/eltrabajo.cl\/portal\/wp-content\/uploads\/2014\/07\/ALEJANDRO-CARDENAS.jpg?w=311&#038;h=307&#038;ssl=1\" srcset=\"https:\/\/i0.wp.com\/eltrabajo.cl\/portal\/wp-content\/uploads\/2014\/07\/ALEJANDRO-CARDENAS.jpg?w=529&amp;ssl=1 529w, https:\/\/i0.wp.com\/eltrabajo.cl\/portal\/wp-content\/uploads\/2014\/07\/ALEJANDRO-CARDENAS.jpg?resize=152%2C150&amp;ssl=1 152w, https:\/\/i0.wp.com\/eltrabajo.cl\/portal\/wp-content\/uploads\/2014\/07\/ALEJANDRO-CARDENAS.jpg?resize=300%2C296&amp;ssl=1 300w, https:\/\/i0.wp.com\/eltrabajo.cl\/portal\/wp-content\/uploads\/2014\/07\/ALEJANDRO-CARDENAS.jpg?resize=150%2C148&amp;ssl=1 150w, https:\/\/i0.wp.com\/eltrabajo.cl\/portal\/wp-content\/uploads\/2014\/07\/ALEJANDRO-CARDENAS.jpg?resize=400%2C394&amp;ssl=1 400w\" width=\"311\" height=\"307\" loading=\"lazy\" data-original-width=\"311\" data-original-height=\"307\" itemprop=\"http:\/\/schema.org\/image\" title=\"ALEJANDRO CARDENAS\" alt=\"Director de Servicio de Salud Aconcagua, Alejandro C\u00e1rdenas.\" style=\"width: 311px; height: 307px;\" \/> <\/a> <div class=\"tiled-gallery-caption\" itemprop=\"caption description\"> Director de Servicio de Salud Aconcagua, Alejandro C\u00e1rdenas. <\/div> <\/div> <\/div> <!-- close group --> <div class=\"gallery-group images-1\" style=\"width: 325px; height: 311px;\" data-original-width=\"325\" data-original-height=\"311\" > <div class=\"tiled-gallery-item tiled-gallery-item-large\" itemprop=\"associatedMedia\" itemscope itemtype=\"http:\/\/schema.org\/ImageObject\"> <a href=\"https:\/\/eltrabajo.cl\/portal\/servicio-de-salud-aconcagua-y-fenprus-buscan-acercamiento\/edgardo-olivares\/\" border=\"0\" itemprop=\"url\"> <meta itemprop=\"width\" content=\"321\"> <meta itemprop=\"height\" content=\"307\"> <img decoding=\"async\" class=\"\" data-attachment-id=\"48896\" data-orig-file=\"https:\/\/eltrabajo.cl\/portal\/wp-content\/uploads\/2014\/07\/EDGARDO-OLIVARES.jpg\" data-orig-size=\"529,507\" data-comments-opened=\"1\" data-image-meta=\"{&quot;aperture&quot;:&quot;4&quot;,&quot;credit&quot;:&quot;&quot;,&quot;camera&quot;:&quot;Canon EOS REBEL T3&quot;,&quot;caption&quot;:&quot;&quot;,&quot;created_timestamp&quot;:&quot;1392640093&quot;,&quot;copyright&quot;:&quot;&quot;,&quot;focal_length&quot;:&quot;28&quot;,&quot;iso&quot;:&quot;800&quot;,&quot;shutter_speed&quot;:&quot;0.016666666666667&quot;,&quot;title&quot;:&quot;&quot;}\" data-image-title=\"EDGARDO OLIVARES\" data-image-description=\"&lt;p&gt;Presidente de la Fenprus del Hospital Psiqui\u00e1trico de Putaendo, Edgardo Olivares.&lt;\/p&gt; \" data-medium-file=\"https:\/\/i0.wp.com\/eltrabajo.cl\/portal\/wp-content\/uploads\/2014\/07\/EDGARDO-OLIVARES.jpg?fit=300%2C287&#038;ssl=1\" data-large-file=\"https:\/\/i0.wp.com\/eltrabajo.cl\/portal\/wp-content\/uploads\/2014\/07\/EDGARDO-OLIVARES.jpg?fit=529%2C507&#038;ssl=1\" src=\"https:\/\/i0.wp.com\/eltrabajo.cl\/portal\/wp-content\/uploads\/2014\/07\/EDGARDO-OLIVARES.jpg?w=321&#038;h=307&#038;ssl=1\" srcset=\"https:\/\/i0.wp.com\/eltrabajo.cl\/portal\/wp-content\/uploads\/2014\/07\/EDGARDO-OLIVARES.jpg?w=529&amp;ssl=1 529w, https:\/\/i0.wp.com\/eltrabajo.cl\/portal\/wp-content\/uploads\/2014\/07\/EDGARDO-OLIVARES.jpg?resize=156%2C150&amp;ssl=1 156w, https:\/\/i0.wp.com\/eltrabajo.cl\/portal\/wp-content\/uploads\/2014\/07\/EDGARDO-OLIVARES.jpg?resize=300%2C287&amp;ssl=1 300w, https:\/\/i0.wp.com\/eltrabajo.cl\/portal\/wp-content\/uploads\/2014\/07\/EDGARDO-OLIVARES.jpg?resize=150%2C143&amp;ssl=1 150w, https:\/\/i0.wp.com\/eltrabajo.cl\/portal\/wp-content\/uploads\/2014\/07\/EDGARDO-OLIVARES.jpg?resize=400%2C383&amp;ssl=1 400w\" width=\"321\" height=\"307\" loading=\"lazy\" data-original-width=\"321\" data-original-height=\"307\" itemprop=\"http:\/\/schema.org\/image\" title=\"EDGARDO OLIVARES\" alt=\"Presidente de la Fenprus del Hospital Psiqui\u00e1trico de Putaendo, Edgardo Olivares.\" style=\"width: 321px; height: 307px;\" \/> <\/a> <div class=\"tiled-gallery-caption\" itemprop=\"caption description\"> Presidente de la Fenprus del Hospital Psiqui\u00e1trico de Putaendo, Edgardo Olivares. <\/div> <\/div> <\/div> <!-- close group --> <\/div> <!-- close row --> <\/div>\n","protected":false},"excerpt":{"rendered":"<p>PUTAENDO.&#8211; Como una manera de mantener una coordinaci\u00f3n de trabajo y participaci\u00f3n, se desarroll\u00f3 una importante reuni\u00f3n de acercamiento entre el Director de Servicio de Salud Aconcagua, Alejandro C\u00e1rdenas y dirigentes de&#8230;<\/p>\n","protected":false},"author":482,"featured_media":48894,"comment_status":"open","ping_status":"closed","sticky":false,"template":"","format":"standard","meta":{"advanced_seo_description":"","jetpack_seo_html_title":"","jetpack_seo_noindex":false,"_jetpack_memberships_contains_paid_content":false,"footnotes":""},"categories":[15],"tags":[],"class_list":["post-48893","post","type-post","status-publish","format-standard","has-post-thumbnail","hentry","category-comunidad"],"jetpack_featured_media_url":"https:\/\/i0.wp.com\/eltrabajo.cl\/portal\/wp-content\/uploads\/2014\/07\/Fenprus1.jpg?fit=529%2C358&ssl=1","jetpack_sharing_enabled":true,"jetpack_likes_enabled":true,"jetpack-related-posts":[],"_links":{"self":[{"href":"https:\/\/eltrabajo.cl\/portal\/wp-json\/wp\/v2\/posts\/48893","targetHints":{"allow":["GET"]}}],"collection":[{"href":"https:\/\/eltrabajo.cl\/portal\/wp-json\/wp\/v2\/posts"}],"about":[{"href":"https:\/\/eltrabajo.cl\/portal\/wp-json\/wp\/v2\/types\/post"}],"author":[{"embeddable":true,"href":"https:\/\/eltrabajo.cl\/portal\/wp-json\/wp\/v2\/users\/482"}],"replies":[{"embeddable":true,"href":"https:\/\/eltrabajo.cl\/portal\/wp-json\/wp\/v2\/comments?post=48893"}],"version-history":[{"count":0,"href":"https:\/\/eltrabajo.cl\/portal\/wp-json\/wp\/v2\/posts\/48893\/revisions"}],"wp:featuredmedia":[{"embeddable":true,"href":"https:\/\/eltrabajo.cl\/portal\/wp-json\/wp\/v2\/media\/48894"}],"wp:attachment":[{"href":"https:\/\/eltrabajo.cl\/portal\/wp-json\/wp\/v2\/media?parent=48893"}],"wp:term":[{"taxonomy":"category","embeddable":true,"href":"https:\/\/eltrabajo.cl\/portal\/wp-json\/wp\/v2\/categories?post=48893"},{"taxonomy":"post_tag","embeddable":true,"href":"https:\/\/eltrabajo.cl\/portal\/wp-json\/wp\/v2\/tags?post=48893"}],"curies":[{"name":"wp","href":"https:\/\/api.w.org\/{rel}","templated":true}]}}