{"id":48910,"date":"2014-07-17T09:49:20","date_gmt":"2014-07-17T13:49:20","guid":{"rendered":"http:\/\/www.eltrabajo.cl\/portal\/?p=48910"},"modified":"2014-07-17T09:49:20","modified_gmt":"2014-07-17T13:49:20","slug":"inauguran-el-winter-camps-2014-en-la-escuela-agricola","status":"publish","type":"post","link":"https:\/\/eltrabajo.cl\/portal\/inauguran-el-winter-camps-2014-en-la-escuela-agricola\/","title":{"rendered":"Inauguran el Winter Camps 2014 en la Escuela Agr\u00edcola"},"content":{"rendered":"<figure id=\"attachment_48911\" aria-describedby=\"caption-attachment-48911\" style=\"width: 529px\" class=\"wp-caption alignnone\"><a href=\"https:\/\/i0.wp.com\/www.eltrabajo.cl\/portal\/wp-content\/uploads\/2014\/07\/Camper2.jpg\"><img data-recalc-dims=\"1\" loading=\"lazy\" decoding=\"async\" class=\"size-full wp-image-48911\" alt=\"Desde el 2008, m\u00e1s de 13.000 j\u00f3venes han tenido la posibilidad de participar de estos campamentos, mismo que tienen una duraci\u00f3n promedio de una semana.\" src=\"https:\/\/i0.wp.com\/www.eltrabajo.cl\/portal\/wp-content\/uploads\/2014\/07\/Camper2.jpg?resize=529%2C360\" width=\"529\" height=\"360\" srcset=\"https:\/\/i0.wp.com\/eltrabajo.cl\/portal\/wp-content\/uploads\/2014\/07\/Camper2.jpg?w=529&amp;ssl=1 529w, https:\/\/i0.wp.com\/eltrabajo.cl\/portal\/wp-content\/uploads\/2014\/07\/Camper2.jpg?resize=200%2C136&amp;ssl=1 200w, https:\/\/i0.wp.com\/eltrabajo.cl\/portal\/wp-content\/uploads\/2014\/07\/Camper2.jpg?resize=300%2C204&amp;ssl=1 300w, https:\/\/i0.wp.com\/eltrabajo.cl\/portal\/wp-content\/uploads\/2014\/07\/Camper2.jpg?resize=150%2C102&amp;ssl=1 150w, https:\/\/i0.wp.com\/eltrabajo.cl\/portal\/wp-content\/uploads\/2014\/07\/Camper2.jpg?resize=400%2C272&amp;ssl=1 400w\" sizes=\"auto, (max-width: 529px) 100vw, 529px\" \/><\/a><figcaption id=\"caption-attachment-48911\" class=\"wp-caption-text\">Desde el 2008, m\u00e1s de 13.000 j\u00f3venes han tenido la posibilidad de participar de estos campamentos, mismo que tienen una duraci\u00f3n promedio de una semana.<\/figcaption><\/figure>\n<p>Todo un \u00e9xito fue hoy la inauguraci\u00f3n del Winter Camp en la Escuela Agr\u00edcola de San Felipe. El Director Provincial de Educaci\u00f3n San Felipe y Los Andes, Alejandro Tapia Carvajal junto al Director del Liceo Agr\u00edcola San Felipe, Carlos Dasso, inauguraron los Winter Camps 2014, campamentos de invierno en ingl\u00e9s destinado a los j\u00f3venes de ense\u00f1anza media de colegios municipales y particulares subvencionados de las provincias de San Felipe y Los Andes, de car\u00e1cter gratuito y que tienen como fin que los estudiantes practiquen el ingl\u00e9s de forma entretenida durante una semana en sus vacaciones de invierno.<\/p>\n<p>La iniciativa, dirigida por el Programa Ingl\u00e9s abre puertas del Ministerio de Educaci\u00f3n, comenz\u00f3 a implementarse en 2008. Este a\u00f1o son 75 j\u00f3venes aproximadamente los que participaran del programa, quienes buscan estar inmersos en un ambiente donde solamente se habla ingl\u00e9s, porque es una forma muy productiva de aprender el idioma.<\/p>\n<p>Al respecto, Alejandro Tapia se\u00f1ala que \u201cla agenda corta de fortalecimiento de la educaci\u00f3n p\u00fablica refuerza el rol del ingl\u00e9s como aporte a la calidad educativa. Que j\u00f3venes tengan la posibilidad de interactuar inmersos en un ambiente donde el ingl\u00e9s es lo que se habla hace que tengan mejoras notables en su pronunciaci\u00f3n y la capacidad de comprender lo escuchan no hacen m\u00e1s que se\u00f1alar que iniciativas como el Winter camp son una gran herramientas para alcanzar mejores desempe\u00f1os en el dominio del ingl\u00e9s como segunda lengua\u201d, dijo Tapia.<\/p>\n<p>Docentes titulados y hablantes nativos forman parte del equipo de monitores que gu\u00edan a los j\u00f3venes durante una semana, tiempo en que los j\u00f3venes aprender\u00e1n el idioma a trav\u00e9s de juegos, creaci\u00f3n de proyectos y competencias. Debido a que toda la comunicaci\u00f3n es en ingl\u00e9s, los participantes tienen que usar sus m\u00e1ximas capacidades para comunicarse fluidamente con sus compa\u00f1eros.<\/p>\n<p>\u201cDesde el 2008, m\u00e1s de 13.000 j\u00f3venes han tenido la posibilidad de participar de estos campamentos, mismo que tienen una duraci\u00f3n promedio de una semana. Incluso, alojan a los ni\u00f1os\u201d, explic\u00f3 Alejandro Tapia. Actualmente son 25 campamentos los que desarrollan en todo Chile. Todos quienes participen reciben alimentaci\u00f3n gratuita durante la semana que dura la actividad, que tambi\u00e9n se realiza en la temporada veraniega (Summer Camps).<\/p>\n<div class=\"tiled-gallery type-rectangular tiled-gallery-unresized\" data-original-width=\"640\" data-carousel-extra='null' itemscope itemtype=\"http:\/\/schema.org\/ImageGallery\" > <div class=\"gallery-row\" style=\"width: 640px; height: 237px;\" data-original-width=\"640\" data-original-height=\"237\" > <div class=\"gallery-group images-1\" style=\"width: 337px; height: 237px;\" data-original-width=\"337\" data-original-height=\"237\" > <div class=\"tiled-gallery-item tiled-gallery-item-large\" itemprop=\"associatedMedia\" itemscope itemtype=\"http:\/\/schema.org\/ImageObject\"> <a href=\"https:\/\/eltrabajo.cl\/portal\/inauguran-el-winter-camps-2014-en-la-escuela-agricola\/camper1\/\" border=\"0\" itemprop=\"url\"> <meta itemprop=\"width\" content=\"333\"> <meta itemprop=\"height\" content=\"233\"> <img decoding=\"async\" class=\"\" data-attachment-id=\"48912\" data-orig-file=\"https:\/\/eltrabajo.cl\/portal\/wp-content\/uploads\/2014\/07\/Camper1.jpg\" data-orig-size=\"529,371\" data-comments-opened=\"1\" data-image-meta=\"{&quot;aperture&quot;:&quot;0&quot;,&quot;credit&quot;:&quot;&quot;,&quot;camera&quot;:&quot;&quot;,&quot;caption&quot;:&quot;&quot;,&quot;created_timestamp&quot;:&quot;0&quot;,&quot;copyright&quot;:&quot;&quot;,&quot;focal_length&quot;:&quot;0&quot;,&quot;iso&quot;:&quot;0&quot;,&quot;shutter_speed&quot;:&quot;0&quot;,&quot;title&quot;:&quot;&quot;}\" data-image-title=\"Camper1\" data-image-description=\"&lt;p&gt;Todo un \u00e9xito fue hoy la inauguraci\u00f3n del Winter Camp en la Escuela Agr\u00edcola de San Felipe. Todos quienes participen reciben alimentaci\u00f3n gratuita durante la semana que dura la actividad.&lt;\/p&gt; \" data-medium-file=\"https:\/\/i0.wp.com\/eltrabajo.cl\/portal\/wp-content\/uploads\/2014\/07\/Camper1.jpg?fit=300%2C210&#038;ssl=1\" data-large-file=\"https:\/\/i0.wp.com\/eltrabajo.cl\/portal\/wp-content\/uploads\/2014\/07\/Camper1.jpg?fit=529%2C371&#038;ssl=1\" src=\"https:\/\/i0.wp.com\/eltrabajo.cl\/portal\/wp-content\/uploads\/2014\/07\/Camper1.jpg?w=333&#038;h=233&#038;ssl=1\" srcset=\"https:\/\/i0.wp.com\/eltrabajo.cl\/portal\/wp-content\/uploads\/2014\/07\/Camper1.jpg?w=529&amp;ssl=1 529w, https:\/\/i0.wp.com\/eltrabajo.cl\/portal\/wp-content\/uploads\/2014\/07\/Camper1.jpg?resize=200%2C140&amp;ssl=1 200w, https:\/\/i0.wp.com\/eltrabajo.cl\/portal\/wp-content\/uploads\/2014\/07\/Camper1.jpg?resize=300%2C210&amp;ssl=1 300w, https:\/\/i0.wp.com\/eltrabajo.cl\/portal\/wp-content\/uploads\/2014\/07\/Camper1.jpg?resize=150%2C105&amp;ssl=1 150w, https:\/\/i0.wp.com\/eltrabajo.cl\/portal\/wp-content\/uploads\/2014\/07\/Camper1.jpg?resize=400%2C280&amp;ssl=1 400w\" width=\"333\" height=\"233\" loading=\"lazy\" data-original-width=\"333\" data-original-height=\"233\" itemprop=\"http:\/\/schema.org\/image\" title=\"Camper1\" alt=\"Todo un \u00e9xito fue hoy la inauguraci\u00f3n del Winter Camp en la Escuela Agr\u00edcola de San Felipe. Todos quienes participen reciben alimentaci\u00f3n gratuita durante la semana que dura la actividad.\" style=\"width: 333px; height: 233px;\" \/> <\/a> <div class=\"tiled-gallery-caption\" itemprop=\"caption description\"> Todo un \u00e9xito fue hoy la inauguraci\u00f3n del Winter Camp en la Escuela Agr\u00edcola de San Felipe. Todos quienes participen reciben alimentaci\u00f3n gratuita durante la semana que dura la actividad. <\/div> <\/div> <\/div> <!-- close group --> <div class=\"gallery-group images-1\" style=\"width: 303px; height: 237px;\" data-original-width=\"303\" data-original-height=\"237\" > <div class=\"tiled-gallery-item tiled-gallery-item-large\" itemprop=\"associatedMedia\" itemscope itemtype=\"http:\/\/schema.org\/ImageObject\"> <a href=\"https:\/\/eltrabajo.cl\/portal\/inauguran-el-winter-camps-2014-en-la-escuela-agricola\/alumnos1-2\/\" border=\"0\" itemprop=\"url\"> <meta itemprop=\"width\" content=\"299\"> <meta itemprop=\"height\" content=\"233\"> <img decoding=\"async\" class=\"\" data-attachment-id=\"48913\" data-orig-file=\"https:\/\/eltrabajo.cl\/portal\/wp-content\/uploads\/2014\/07\/Alumnos1.jpg\" data-orig-size=\"529,412\" data-comments-opened=\"1\" data-image-meta=\"{&quot;aperture&quot;:&quot;0&quot;,&quot;credit&quot;:&quot;&quot;,&quot;camera&quot;:&quot;&quot;,&quot;caption&quot;:&quot;&quot;,&quot;created_timestamp&quot;:&quot;0&quot;,&quot;copyright&quot;:&quot;&quot;,&quot;focal_length&quot;:&quot;0&quot;,&quot;iso&quot;:&quot;0&quot;,&quot;shutter_speed&quot;:&quot;0&quot;,&quot;title&quot;:&quot;&quot;}\" data-image-title=\"Alumnos1\" data-image-description=\"&lt;p&gt;Este a\u00f1o son 75 j\u00f3venes aproximadamente los que participaran del programa, quienes buscan estar inmersos en un ambiente donde solamente se habla ingl\u00e9s, porque es una forma muy productiva de aprender el idioma.&lt;\/p&gt; \" data-medium-file=\"https:\/\/i0.wp.com\/eltrabajo.cl\/portal\/wp-content\/uploads\/2014\/07\/Alumnos1.jpg?fit=300%2C233&#038;ssl=1\" data-large-file=\"https:\/\/i0.wp.com\/eltrabajo.cl\/portal\/wp-content\/uploads\/2014\/07\/Alumnos1.jpg?fit=529%2C412&#038;ssl=1\" src=\"https:\/\/i0.wp.com\/eltrabajo.cl\/portal\/wp-content\/uploads\/2014\/07\/Alumnos1.jpg?w=299&#038;h=233&#038;ssl=1\" srcset=\"https:\/\/i0.wp.com\/eltrabajo.cl\/portal\/wp-content\/uploads\/2014\/07\/Alumnos1.jpg?w=529&amp;ssl=1 529w, https:\/\/i0.wp.com\/eltrabajo.cl\/portal\/wp-content\/uploads\/2014\/07\/Alumnos1.jpg?resize=192%2C150&amp;ssl=1 192w, https:\/\/i0.wp.com\/eltrabajo.cl\/portal\/wp-content\/uploads\/2014\/07\/Alumnos1.jpg?resize=300%2C233&amp;ssl=1 300w, https:\/\/i0.wp.com\/eltrabajo.cl\/portal\/wp-content\/uploads\/2014\/07\/Alumnos1.jpg?resize=150%2C116&amp;ssl=1 150w, https:\/\/i0.wp.com\/eltrabajo.cl\/portal\/wp-content\/uploads\/2014\/07\/Alumnos1.jpg?resize=400%2C311&amp;ssl=1 400w\" width=\"299\" height=\"233\" loading=\"lazy\" data-original-width=\"299\" data-original-height=\"233\" itemprop=\"http:\/\/schema.org\/image\" title=\"Alumnos1\" alt=\"Este a\u00f1o son 75 j\u00f3venes aproximadamente los que participaran del programa, quienes buscan estar inmersos en un ambiente donde solamente se habla ingl\u00e9s, porque es una forma muy productiva de aprender el idioma.\" style=\"width: 299px; height: 233px;\" \/> <\/a> <div class=\"tiled-gallery-caption\" itemprop=\"caption description\"> Este a\u00f1o son 75 j\u00f3venes aproximadamente los que participaran del programa, quienes buscan estar inmersos en un ambiente donde solamente se habla ingl\u00e9s, porque es una forma muy productiva de aprender el idioma. <\/div> <\/div> <\/div> <!-- close group --> <\/div> <!-- close row --> <\/div>\n","protected":false},"excerpt":{"rendered":"<p>Todo un \u00e9xito fue hoy la inauguraci\u00f3n del Winter Camp en la Escuela Agr\u00edcola de San Felipe. El Director Provincial de Educaci\u00f3n San Felipe y Los Andes, Alejandro Tapia Carvajal junto al&#8230;<\/p>\n","protected":false},"author":482,"featured_media":48911,"comment_status":"open","ping_status":"closed","sticky":false,"template":"","format":"standard","meta":{"advanced_seo_description":"","jetpack_seo_html_title":"","jetpack_seo_noindex":false,"_jetpack_memberships_contains_paid_content":false,"footnotes":""},"categories":[15],"tags":[],"class_list":["post-48910","post","type-post","status-publish","format-standard","has-post-thumbnail","hentry","category-comunidad"],"jetpack_featured_media_url":"https:\/\/i0.wp.com\/eltrabajo.cl\/portal\/wp-content\/uploads\/2014\/07\/Camper2.jpg?fit=529%2C360&ssl=1","jetpack_sharing_enabled":true,"jetpack_likes_enabled":true,"jetpack-related-posts":[],"_links":{"self":[{"href":"https:\/\/eltrabajo.cl\/portal\/wp-json\/wp\/v2\/posts\/48910","targetHints":{"allow":["GET"]}}],"collection":[{"href":"https:\/\/eltrabajo.cl\/portal\/wp-json\/wp\/v2\/posts"}],"about":[{"href":"https:\/\/eltrabajo.cl\/portal\/wp-json\/wp\/v2\/types\/post"}],"author":[{"embeddable":true,"href":"https:\/\/eltrabajo.cl\/portal\/wp-json\/wp\/v2\/users\/482"}],"replies":[{"embeddable":true,"href":"https:\/\/eltrabajo.cl\/portal\/wp-json\/wp\/v2\/comments?post=48910"}],"version-history":[{"count":0,"href":"https:\/\/eltrabajo.cl\/portal\/wp-json\/wp\/v2\/posts\/48910\/revisions"}],"wp:featuredmedia":[{"embeddable":true,"href":"https:\/\/eltrabajo.cl\/portal\/wp-json\/wp\/v2\/media\/48911"}],"wp:attachment":[{"href":"https:\/\/eltrabajo.cl\/portal\/wp-json\/wp\/v2\/media?parent=48910"}],"wp:term":[{"taxonomy":"category","embeddable":true,"href":"https:\/\/eltrabajo.cl\/portal\/wp-json\/wp\/v2\/categories?post=48910"},{"taxonomy":"post_tag","embeddable":true,"href":"https:\/\/eltrabajo.cl\/portal\/wp-json\/wp\/v2\/tags?post=48910"}],"curies":[{"name":"wp","href":"https:\/\/api.w.org\/{rel}","templated":true}]}}