{"id":48916,"date":"2014-07-17T09:51:17","date_gmt":"2014-07-17T13:51:17","guid":{"rendered":"http:\/\/www.eltrabajo.cl\/portal\/?p=48916"},"modified":"2014-07-17T09:51:17","modified_gmt":"2014-07-17T13:51:17","slug":"continua-plan-invierno-para-auxiliar-a-personas-viviendo-en-la-calle","status":"publish","type":"post","link":"https:\/\/eltrabajo.cl\/portal\/continua-plan-invierno-para-auxiliar-a-personas-viviendo-en-la-calle\/","title":{"rendered":"Contin\u00faa Plan Invierno para auxiliar a personas viviendo en la calle"},"content":{"rendered":"<figure id=\"attachment_48917\" aria-describedby=\"caption-attachment-48917\" style=\"width: 529px\" class=\"wp-caption alignnone\"><a href=\"https:\/\/i0.wp.com\/www.eltrabajo.cl\/portal\/wp-content\/uploads\/2014\/07\/Calle11.jpg\"><img data-recalc-dims=\"1\" loading=\"lazy\" decoding=\"async\" class=\"size-full wp-image-48917\" alt=\"El Plan de Invierno busca brindar atenci\u00f3n y alojamiento a personas en situaci\u00f3n de calle durante los meses de junio, julio y agosto, hombres y mujeres mayores de 18 a\u00f1os.\" src=\"https:\/\/i0.wp.com\/www.eltrabajo.cl\/portal\/wp-content\/uploads\/2014\/07\/Calle11.jpg?resize=529%2C353\" width=\"529\" height=\"353\" srcset=\"https:\/\/i0.wp.com\/eltrabajo.cl\/portal\/wp-content\/uploads\/2014\/07\/Calle11.jpg?w=529&amp;ssl=1 529w, https:\/\/i0.wp.com\/eltrabajo.cl\/portal\/wp-content\/uploads\/2014\/07\/Calle11.jpg?resize=200%2C133&amp;ssl=1 200w, https:\/\/i0.wp.com\/eltrabajo.cl\/portal\/wp-content\/uploads\/2014\/07\/Calle11.jpg?resize=300%2C200&amp;ssl=1 300w, https:\/\/i0.wp.com\/eltrabajo.cl\/portal\/wp-content\/uploads\/2014\/07\/Calle11.jpg?resize=150%2C100&amp;ssl=1 150w, https:\/\/i0.wp.com\/eltrabajo.cl\/portal\/wp-content\/uploads\/2014\/07\/Calle11.jpg?resize=400%2C266&amp;ssl=1 400w\" sizes=\"auto, (max-width: 529px) 100vw, 529px\" \/><\/a><figcaption id=\"caption-attachment-48917\" class=\"wp-caption-text\">El Plan de Invierno busca brindar atenci\u00f3n y alojamiento a personas en situaci\u00f3n de calle durante los meses de junio, julio y agosto, hombres y mujeres mayores de 18 a\u00f1os.<\/figcaption><\/figure>\n<p>El recorrido se realiz\u00f3 la noche de este lunes, momento en que la autoridad gubernamental en conjunto con funcionarios de la Municipalidad de San Felipe entregaron kit de alimentos (cena) y abrigo (frazadas y ropa) a personas en situaci\u00f3n de calle, que se encuentran viviendo en la antigua l\u00ednea f\u00e9rrea del molino, estadio fiscal y diversos sectores de la rivera del R\u00edo Aconcagua.<\/p>\n<figure id=\"attachment_48918\" aria-describedby=\"caption-attachment-48918\" style=\"width: 370px\" class=\"wp-caption alignright\"><a href=\"https:\/\/i0.wp.com\/www.eltrabajo.cl\/portal\/wp-content\/uploads\/2014\/07\/Calle2.jpg\"><img data-recalc-dims=\"1\" loading=\"lazy\" decoding=\"async\" class=\" wp-image-48918 \" alt=\"El recorrido por las calles de la comuna se realiz\u00f3 junto al grupo de voluntarios de la Municipalidad de San Felipe y personal de la gobernaci\u00f3n.\" src=\"https:\/\/i0.wp.com\/www.eltrabajo.cl\/portal\/wp-content\/uploads\/2014\/07\/Calle2.jpg?resize=370%2C274\" width=\"370\" height=\"274\" srcset=\"https:\/\/i0.wp.com\/eltrabajo.cl\/portal\/wp-content\/uploads\/2014\/07\/Calle2.jpg?w=529&amp;ssl=1 529w, https:\/\/i0.wp.com\/eltrabajo.cl\/portal\/wp-content\/uploads\/2014\/07\/Calle2.jpg?resize=200%2C148&amp;ssl=1 200w, https:\/\/i0.wp.com\/eltrabajo.cl\/portal\/wp-content\/uploads\/2014\/07\/Calle2.jpg?resize=300%2C222&amp;ssl=1 300w, https:\/\/i0.wp.com\/eltrabajo.cl\/portal\/wp-content\/uploads\/2014\/07\/Calle2.jpg?resize=150%2C111&amp;ssl=1 150w, https:\/\/i0.wp.com\/eltrabajo.cl\/portal\/wp-content\/uploads\/2014\/07\/Calle2.jpg?resize=400%2C296&amp;ssl=1 400w\" sizes=\"auto, (max-width: 370px) 100vw, 370px\" \/><\/a><figcaption id=\"caption-attachment-48918\" class=\"wp-caption-text\">El recorrido por las calles de la comuna se realiz\u00f3 junto al grupo de voluntarios de la Municipalidad de San Felipe y personal de la gobernaci\u00f3n.<\/figcaption><\/figure>\n<p>Por otra parte, se visit\u00f3 el albergue que est\u00e1 inserto en el Plan de Invierno de la comuna, con capacidad de 20 camas disponibles. Sin embargo existe un sobrecupo de diez personas que ha sido financiada por la Municipalidad de San Felipe y donaciones de empresas privadas (Pentzke). El Gobernador Provincial Eduardo Le\u00f3n, destaco que \u201cen lo que va del invierno el programa ha brindado atenci\u00f3n a 40 personas, quienes reciben alimentaci\u00f3n (desayuno y cena), \u00fatiles de aseo y ropa de abrigo\u201d.<\/p>\n<p>El Plan de Invierno busca brindar atenci\u00f3n y alojamiento a personas en situaci\u00f3n de calle durante los meses de junio, julio y agosto, hombres y mujeres mayores de 18 a\u00f1os, reduciendo de esta manera los riesgos de salud producto de las condiciones clim\u00e1ticas del invierno, con una estrategia de intervenci\u00f3n conjunta entre instancias p\u00fablicas y privadas.<\/p>\n","protected":false},"excerpt":{"rendered":"<p>El recorrido se realiz\u00f3 la noche de este lunes, momento en que la autoridad gubernamental en conjunto con funcionarios de la Municipalidad de San Felipe entregaron kit de alimentos (cena) y abrigo&#8230;<\/p>\n","protected":false},"author":482,"featured_media":48917,"comment_status":"open","ping_status":"closed","sticky":false,"template":"","format":"standard","meta":{"advanced_seo_description":"","jetpack_seo_html_title":"","jetpack_seo_noindex":false,"_jetpack_memberships_contains_paid_content":false,"footnotes":""},"categories":[15],"tags":[],"class_list":["post-48916","post","type-post","status-publish","format-standard","has-post-thumbnail","hentry","category-comunidad"],"jetpack_featured_media_url":"https:\/\/i0.wp.com\/eltrabajo.cl\/portal\/wp-content\/uploads\/2014\/07\/Calle11.jpg?fit=529%2C353&ssl=1","jetpack_sharing_enabled":true,"jetpack_likes_enabled":true,"jetpack-related-posts":[],"_links":{"self":[{"href":"https:\/\/eltrabajo.cl\/portal\/wp-json\/wp\/v2\/posts\/48916","targetHints":{"allow":["GET"]}}],"collection":[{"href":"https:\/\/eltrabajo.cl\/portal\/wp-json\/wp\/v2\/posts"}],"about":[{"href":"https:\/\/eltrabajo.cl\/portal\/wp-json\/wp\/v2\/types\/post"}],"author":[{"embeddable":true,"href":"https:\/\/eltrabajo.cl\/portal\/wp-json\/wp\/v2\/users\/482"}],"replies":[{"embeddable":true,"href":"https:\/\/eltrabajo.cl\/portal\/wp-json\/wp\/v2\/comments?post=48916"}],"version-history":[{"count":0,"href":"https:\/\/eltrabajo.cl\/portal\/wp-json\/wp\/v2\/posts\/48916\/revisions"}],"wp:featuredmedia":[{"embeddable":true,"href":"https:\/\/eltrabajo.cl\/portal\/wp-json\/wp\/v2\/media\/48917"}],"wp:attachment":[{"href":"https:\/\/eltrabajo.cl\/portal\/wp-json\/wp\/v2\/media?parent=48916"}],"wp:term":[{"taxonomy":"category","embeddable":true,"href":"https:\/\/eltrabajo.cl\/portal\/wp-json\/wp\/v2\/categories?post=48916"},{"taxonomy":"post_tag","embeddable":true,"href":"https:\/\/eltrabajo.cl\/portal\/wp-json\/wp\/v2\/tags?post=48916"}],"curies":[{"name":"wp","href":"https:\/\/api.w.org\/{rel}","templated":true}]}}