{"id":48921,"date":"2014-07-17T09:53:30","date_gmt":"2014-07-17T13:53:30","guid":{"rendered":"http:\/\/www.eltrabajo.cl\/portal\/?p=48921"},"modified":"2014-07-17T09:53:30","modified_gmt":"2014-07-17T13:53:30","slug":"ciem-aconcagua-lo-apuesta-todo-por-recursos-naturales","status":"publish","type":"post","link":"https:\/\/eltrabajo.cl\/portal\/ciem-aconcagua-lo-apuesta-todo-por-recursos-naturales\/","title":{"rendered":"Ciem Aconcagua lo apuesta todo por recursos naturales"},"content":{"rendered":"<figure id=\"attachment_48922\" aria-describedby=\"caption-attachment-48922\" style=\"width: 529px\" class=\"wp-caption alignnone\"><a href=\"https:\/\/i0.wp.com\/www.eltrabajo.cl\/portal\/wp-content\/uploads\/2014\/07\/Proyecto1.jpg\"><img data-recalc-dims=\"1\" loading=\"lazy\" decoding=\"async\" class=\"size-full wp-image-48922\" alt=\"El objetivo de los talleres es compartir conocimientos y experiencias sobre el patrimonio local, natural y cultural, rescatando as\u00ed los muchos saberes que poseen los habitantes de la zona.\" src=\"https:\/\/i0.wp.com\/www.eltrabajo.cl\/portal\/wp-content\/uploads\/2014\/07\/Proyecto1.jpg?resize=529%2C356\" width=\"529\" height=\"356\" srcset=\"https:\/\/i0.wp.com\/eltrabajo.cl\/portal\/wp-content\/uploads\/2014\/07\/Proyecto1.jpg?w=529&amp;ssl=1 529w, https:\/\/i0.wp.com\/eltrabajo.cl\/portal\/wp-content\/uploads\/2014\/07\/Proyecto1.jpg?resize=200%2C134&amp;ssl=1 200w, https:\/\/i0.wp.com\/eltrabajo.cl\/portal\/wp-content\/uploads\/2014\/07\/Proyecto1.jpg?resize=300%2C201&amp;ssl=1 300w, https:\/\/i0.wp.com\/eltrabajo.cl\/portal\/wp-content\/uploads\/2014\/07\/Proyecto1.jpg?resize=150%2C100&amp;ssl=1 150w, https:\/\/i0.wp.com\/eltrabajo.cl\/portal\/wp-content\/uploads\/2014\/07\/Proyecto1.jpg?resize=400%2C269&amp;ssl=1 400w\" sizes=\"auto, (max-width: 529px) 100vw, 529px\" \/><\/a><figcaption id=\"caption-attachment-48922\" class=\"wp-caption-text\">El objetivo de los talleres es compartir conocimientos y experiencias sobre el patrimonio local, natural y cultural, rescatando as\u00ed los muchos saberes que poseen los habitantes de la zona.<\/figcaption><\/figure>\n<p>Desde finales de mayo y hasta principios de diciembre, expertos en distintas materias del Ciem Aconcagua se han estado reuniendo con las comunidades de El Asiento y Jahuelito, para compartir sus conocimientos sobre temas como flora, fauna, geograf\u00eda, patrimonio cultural y turismo local. En el marco del Proyecto Santuarios de la naturaleza de comunidades de campo en Aconcagua, llevado a cabo en conjunto por Ciem Aconcagua, The Nature Conservancy y la Comunidad de Campo de Jahuel y la Comunidad Agr\u00edcola Serran\u00eda El Asiento, se realizan los Talleres de Intercambio de Saberes.<\/p>\n<p>Estos consisten en una sesi\u00f3n mensual por localidad, en las que se re\u00fanen a conversar cient\u00edficos y habitantes en un espacio de intercambio abierto, sobre el entorno y el valor ambiental que poseen sus localidades y el valle del Aconcagua. En especial se abordan los santuarios que ocupan y se proyectan en la zona, d\u00f3nde destaca el ya declarado Santuario de la Naturaleza Serran\u00eda del Cipr\u00e9s en El Asiento y el humedal de altura Complejo El Zaino \u2013 Cop\u00edn que se encuentra esperando dicha denominaci\u00f3n.<\/p>\n<figure id=\"attachment_48924\" aria-describedby=\"caption-attachment-48924\" style=\"width: 370px\" class=\"wp-caption alignright\"><a href=\"https:\/\/i0.wp.com\/www.eltrabajo.cl\/portal\/wp-content\/uploads\/2014\/07\/Jahuelito1.jpg\"><img data-recalc-dims=\"1\" loading=\"lazy\" decoding=\"async\" class=\" wp-image-48924 \" alt=\"Expertos en distintas materias del Ciem Aconcagua se han estado reuniendo con las comunidades de El Asiento y Jahuelito, para compartir sus conocimientos sobre temas como flora, fauna, geograf\u00eda, patrimonio cultural y turismo local.\" src=\"https:\/\/i0.wp.com\/www.eltrabajo.cl\/portal\/wp-content\/uploads\/2014\/07\/Jahuelito1.jpg?resize=370%2C445\" width=\"370\" height=\"445\" srcset=\"https:\/\/i0.wp.com\/eltrabajo.cl\/portal\/wp-content\/uploads\/2014\/07\/Jahuelito1.jpg?w=529&amp;ssl=1 529w, https:\/\/i0.wp.com\/eltrabajo.cl\/portal\/wp-content\/uploads\/2014\/07\/Jahuelito1.jpg?resize=124%2C150&amp;ssl=1 124w, https:\/\/i0.wp.com\/eltrabajo.cl\/portal\/wp-content\/uploads\/2014\/07\/Jahuelito1.jpg?resize=249%2C300&amp;ssl=1 249w, https:\/\/i0.wp.com\/eltrabajo.cl\/portal\/wp-content\/uploads\/2014\/07\/Jahuelito1.jpg?resize=400%2C480&amp;ssl=1 400w\" sizes=\"auto, (max-width: 370px) 100vw, 370px\" \/><\/a><figcaption id=\"caption-attachment-48924\" class=\"wp-caption-text\">Expertos en distintas materias del Ciem Aconcagua se han estado reuniendo con las comunidades de El Asiento y Jahuelito, para compartir sus conocimientos sobre temas como flora, fauna, geograf\u00eda, patrimonio cultural y turismo local.<\/figcaption><\/figure>\n<p>El objetivo de los talleres es compartir conocimientos y experiencias sobre el patrimonio local, natural y cultural, rescatando as\u00ed los muchos saberes que poseen los habitantes de la zona y complement\u00e1ndolos con los aprendizajes cient\u00edficos que se han obtenido a lo largo de los \u00faltimos 10 a\u00f1os de investigaciones. Esto forma parte del enfoque participativo que caracterizaal proyecto y que lo lleva a liderar el campo de la conservaci\u00f3n ambiental en Chile. No puede pasar desapercibido que el producto final planteado sea la implementaci\u00f3n de un plan de manejo comunitario en El Asiento y Jahuelito.<\/p>\n<p>\u00abLos Talleres de Intercambio de Saberes resultan un espacio de formaci\u00f3n horizontal y participativa, donde convergen los conocimientos, intereses e inquietudes locales con los de especialistas ambientales. Estamos apuntando a construir conocimiento conjunto, rescatando y revalorando los saberes locales\u00bb se\u00f1ala Daniela Carvajal, antrop\u00f3loga de Ciem Aconcagua y una de las encargadas de este innovador proyecto.<\/p>\n<p>La inscripci\u00f3n a estos talleres es gratuita y se ha difundido principalmente a trav\u00e9s de invitaciones y afiches, sin embargo el blog oficial del proyecto (santuariosnaturalesaconcagua. blo gspot.com) y las redes sociales han servido para facilitar su difusi\u00f3n. En palabras de Hanny Suckel, responsable del proyecto, \u00abal finalizar los talleres se har\u00e1 entrega de un certificado y dossier con toda la informaci\u00f3n levantada durante los talleres, de manera que nos aseguraremos de que esto se quede en la comunidad. Por supuesto, quienes no puedan participar podr\u00e1n acceder a la informaci\u00f3n virtualmente, en ese sentido las redes sociales han permitido potenciar la difusi\u00f3n de nuestras actividades. Estamos muy satisfechos porque a pesar del fr\u00edo hemos tenido una convocatoria exitosa y todo el apoyo de la gente\u00bb.<\/p>\n<p>&nbsp;<\/p>\n","protected":false},"excerpt":{"rendered":"<p>Desde finales de mayo y hasta principios de diciembre, expertos en distintas materias del Ciem Aconcagua se han estado reuniendo con las comunidades de El Asiento y Jahuelito, para compartir sus conocimientos&#8230;<\/p>\n","protected":false},"author":482,"featured_media":48922,"comment_status":"open","ping_status":"closed","sticky":false,"template":"","format":"standard","meta":{"advanced_seo_description":"","jetpack_seo_html_title":"","jetpack_seo_noindex":false,"_jetpack_memberships_contains_paid_content":false,"footnotes":""},"categories":[15],"tags":[],"class_list":["post-48921","post","type-post","status-publish","format-standard","has-post-thumbnail","hentry","category-comunidad"],"jetpack_featured_media_url":"https:\/\/i0.wp.com\/eltrabajo.cl\/portal\/wp-content\/uploads\/2014\/07\/Proyecto1.jpg?fit=529%2C356&ssl=1","jetpack_sharing_enabled":true,"jetpack_likes_enabled":true,"jetpack-related-posts":[],"_links":{"self":[{"href":"https:\/\/eltrabajo.cl\/portal\/wp-json\/wp\/v2\/posts\/48921","targetHints":{"allow":["GET"]}}],"collection":[{"href":"https:\/\/eltrabajo.cl\/portal\/wp-json\/wp\/v2\/posts"}],"about":[{"href":"https:\/\/eltrabajo.cl\/portal\/wp-json\/wp\/v2\/types\/post"}],"author":[{"embeddable":true,"href":"https:\/\/eltrabajo.cl\/portal\/wp-json\/wp\/v2\/users\/482"}],"replies":[{"embeddable":true,"href":"https:\/\/eltrabajo.cl\/portal\/wp-json\/wp\/v2\/comments?post=48921"}],"version-history":[{"count":0,"href":"https:\/\/eltrabajo.cl\/portal\/wp-json\/wp\/v2\/posts\/48921\/revisions"}],"wp:featuredmedia":[{"embeddable":true,"href":"https:\/\/eltrabajo.cl\/portal\/wp-json\/wp\/v2\/media\/48922"}],"wp:attachment":[{"href":"https:\/\/eltrabajo.cl\/portal\/wp-json\/wp\/v2\/media?parent=48921"}],"wp:term":[{"taxonomy":"category","embeddable":true,"href":"https:\/\/eltrabajo.cl\/portal\/wp-json\/wp\/v2\/categories?post=48921"},{"taxonomy":"post_tag","embeddable":true,"href":"https:\/\/eltrabajo.cl\/portal\/wp-json\/wp\/v2\/tags?post=48921"}],"curies":[{"name":"wp","href":"https:\/\/api.w.org\/{rel}","templated":true}]}}