{"id":48928,"date":"2014-07-17T09:57:02","date_gmt":"2014-07-17T13:57:02","guid":{"rendered":"http:\/\/www.eltrabajo.cl\/portal\/?p=48928"},"modified":"2014-07-17T09:57:02","modified_gmt":"2014-07-17T13:57:02","slug":"formalizan-por-abuso-sexual-a-ex-inspector-de-colegio-alonso-de-ercilla","status":"publish","type":"post","link":"https:\/\/eltrabajo.cl\/portal\/formalizan-por-abuso-sexual-a-ex-inspector-de-colegio-alonso-de-ercilla\/","title":{"rendered":"Formalizan por Abuso Sexual a ex-inspector de Colegio Alonso de Ercilla"},"content":{"rendered":"<figure id=\"attachment_48929\" aria-describedby=\"caption-attachment-48929\" style=\"width: 529px\" class=\"wp-caption alignnone\"><a href=\"https:\/\/i0.wp.com\/www.eltrabajo.cl\/portal\/wp-content\/uploads\/2014\/07\/Colegio1.jpg\"><img data-recalc-dims=\"1\" loading=\"lazy\" decoding=\"async\" class=\"size-full wp-image-48929\" alt=\"En aquella ocasi\u00f3n un grupo de apoderados se apost\u00f3 en las afueras del establecimiento educacional ubicado en Calle Prat 337 de San Felipe, exigiendo explicaciones a la directora del colegio. (Archivo)\" src=\"https:\/\/i0.wp.com\/www.eltrabajo.cl\/portal\/wp-content\/uploads\/2014\/07\/Colegio1.jpg?resize=529%2C382\" width=\"529\" height=\"382\" srcset=\"https:\/\/i0.wp.com\/eltrabajo.cl\/portal\/wp-content\/uploads\/2014\/07\/Colegio1.jpg?w=529&amp;ssl=1 529w, https:\/\/i0.wp.com\/eltrabajo.cl\/portal\/wp-content\/uploads\/2014\/07\/Colegio1.jpg?resize=200%2C144&amp;ssl=1 200w, https:\/\/i0.wp.com\/eltrabajo.cl\/portal\/wp-content\/uploads\/2014\/07\/Colegio1.jpg?resize=300%2C216&amp;ssl=1 300w, https:\/\/i0.wp.com\/eltrabajo.cl\/portal\/wp-content\/uploads\/2014\/07\/Colegio1.jpg?resize=150%2C108&amp;ssl=1 150w, https:\/\/i0.wp.com\/eltrabajo.cl\/portal\/wp-content\/uploads\/2014\/07\/Colegio1.jpg?resize=400%2C288&amp;ssl=1 400w\" sizes=\"auto, (max-width: 529px) 100vw, 529px\" \/><\/a><figcaption id=\"caption-attachment-48929\" class=\"wp-caption-text\">En aquella ocasi\u00f3n un grupo de apoderados se apost\u00f3 en las afueras del establecimiento educacional ubicado en Calle Prat 337 de San Felipe, exigiendo explicaciones a la directora del colegio. (Archivo)<\/figcaption><\/figure>\n<p>La Fiscal\u00eda de San Felipe mantiene en curso una investigaci\u00f3n hasta ahora por el caso de dos ni\u00f1as que habr\u00edan sido abusadas sexualmente al interior del Colegio Alonso de Ercilla por parte de un inspector que habr\u00eda cometido sus cr\u00edmenes en una de las salas de clases, misma donde \u00e9l llevaba a las peque\u00f1as incentiv\u00e1ndolas a cambio de caramelos para cometer las atrocidades.<\/p>\n<figure id=\"attachment_48930\" aria-describedby=\"caption-attachment-48930\" style=\"width: 222px\" class=\"wp-caption alignright\"><a href=\"https:\/\/i0.wp.com\/www.eltrabajo.cl\/portal\/wp-content\/uploads\/2014\/07\/Fiscal-Ddaniela-Quevedo-1.jpg\"><img data-recalc-dims=\"1\" loading=\"lazy\" decoding=\"async\" class=\" wp-image-48930  \" alt=\"La Fiscal Daniela Quevedo formaliz\u00f3 al ex-funcionario del Colegio Alonso de Ercilla por dos delitos a Abuso Sexual Impropio en contra de dos ni\u00f1as de entonces cuatro a\u00f1os.\" src=\"https:\/\/i0.wp.com\/www.eltrabajo.cl\/portal\/wp-content\/uploads\/2014\/07\/Fiscal-Ddaniela-Quevedo-1.jpg?resize=222%2C257\" width=\"222\" height=\"257\" srcset=\"https:\/\/i0.wp.com\/eltrabajo.cl\/portal\/wp-content\/uploads\/2014\/07\/Fiscal-Ddaniela-Quevedo-1.jpg?w=529&amp;ssl=1 529w, https:\/\/i0.wp.com\/eltrabajo.cl\/portal\/wp-content\/uploads\/2014\/07\/Fiscal-Ddaniela-Quevedo-1.jpg?resize=129%2C150&amp;ssl=1 129w, https:\/\/i0.wp.com\/eltrabajo.cl\/portal\/wp-content\/uploads\/2014\/07\/Fiscal-Ddaniela-Quevedo-1.jpg?resize=259%2C300&amp;ssl=1 259w, https:\/\/i0.wp.com\/eltrabajo.cl\/portal\/wp-content\/uploads\/2014\/07\/Fiscal-Ddaniela-Quevedo-1.jpg?resize=400%2C462&amp;ssl=1 400w\" sizes=\"auto, (max-width: 222px) 100vw, 222px\" \/><\/a><figcaption id=\"caption-attachment-48930\" class=\"wp-caption-text\">La Fiscal Daniela Quevedo formaliz\u00f3 al ex-funcionario del Colegio Alonso de Ercilla por dos delitos a Abuso Sexual Impropio en contra de dos ni\u00f1as de entonces cuatro a\u00f1os.<\/figcaption><\/figure>\n<p>Las v\u00edctimas corresponder\u00edan a escolares de cuatro a\u00f1os de edad que cursaban pre-k\u00ednder, quienes habr\u00edan develado estas acciones impropias a sus padres, los cuales pusieron en alerta a la Polic\u00eda de Investigaciones de San Felipe, acusando directamente al Inspector de dicho establecimiento de iniciales J.C.C. en el mes de abril del 2013.<\/p>\n<p><strong>FUE FORMALIZADO<\/strong><\/p>\n<p>En aquella ocasi\u00f3n un grupo de apoderados se apost\u00f3 en las afueras del establecimiento educacional ubicado en Calle Prat 337 de San Felipe, exigiendo explicaciones a la directora del colegio, quien en primera instancia habr\u00eda apartado de sus funciones al imputado, confirmando posteriormente su destituci\u00f3n del colegio a diversos medios de prensa.<\/p>\n<p>En ese sentido y transcurrido m\u00e1s de un a\u00f1o de la denuncia, la fiscal\u00eda emiti\u00f3 una citaci\u00f3n al acusado para que se presentara a una Audiencia de Formalizaci\u00f3n de cargos en el tribunal, al cual no asisti\u00f3, por lo que el Juzgado de Garant\u00eda orden\u00f3 a las Polic\u00edas su inmediata orden de captura. Estando presente en la sala del tribunal, la Fiscal de Delitos Sexuales Daniela Quevedo Henr\u00edquez lo formaliz\u00f3 por dos cargos de Abuso Sexual Impropio, con medidas cautelares hasta la realizaci\u00f3n de un juicio oral que determine su culpabilidad en los hechos.<\/p>\n<p>La persecutora inform\u00f3 a Diario El Trabajo que los hechos se habr\u00edan cometido entre el a\u00f1o 2010 y 2012 y que actualmente se encuentran en pleno proceso de diligencias para tener pruebas contundentes, dado a que en el \u00faltimo periodo que se menciona, el acusado no se encontraba realizando sus funciones dentro del establecimiento.<\/p>\n<p>\u201cFue formalizado por dos delitos de Abuso Sexual Impropio respecto de dos v\u00edctimas de ese colegio a las cuales el imputado, cuando se desempe\u00f1aba en ese establecimiento educacional, llev\u00f3 a estas menores a una sala donde abusaba de ellas a cambio de dulces. Hasta la fecha no se han realizado otras denuncias por otras v\u00edctimas de ese colegio\u201d, sostuvo la representante del Ministerio P\u00fablico, Daniela Quevedo.<\/p>\n<p>A\u00f1adi\u00f3 que el delito de Abuso Sexual Impropio parte con una pena de tres a\u00f1os y un d\u00eda a diez a\u00f1os de c\u00e1rcel y como en este caso se acusar\u00e1 por dos v\u00edctimas las penas podr\u00edan llegar a ser de diez a 15 a\u00f1os en total.<\/p>\n<p>Pablo Salinas Sald\u00edas<\/p>\n","protected":false},"excerpt":{"rendered":"<p>La Fiscal\u00eda de San Felipe mantiene en curso una investigaci\u00f3n hasta ahora por el caso de dos ni\u00f1as que habr\u00edan sido abusadas sexualmente al interior del Colegio Alonso de Ercilla por parte&#8230;<\/p>\n","protected":false},"author":482,"featured_media":48929,"comment_status":"open","ping_status":"closed","sticky":false,"template":"","format":"standard","meta":{"advanced_seo_description":"","jetpack_seo_html_title":"","jetpack_seo_noindex":false,"_jetpack_memberships_contains_paid_content":false,"footnotes":""},"categories":[21],"tags":[],"class_list":["post-48928","post","type-post","status-publish","format-standard","has-post-thumbnail","hentry","category-policial"],"jetpack_featured_media_url":"https:\/\/i0.wp.com\/eltrabajo.cl\/portal\/wp-content\/uploads\/2014\/07\/Colegio1.jpg?fit=529%2C382&ssl=1","jetpack_sharing_enabled":true,"jetpack_likes_enabled":true,"jetpack-related-posts":[],"_links":{"self":[{"href":"https:\/\/eltrabajo.cl\/portal\/wp-json\/wp\/v2\/posts\/48928","targetHints":{"allow":["GET"]}}],"collection":[{"href":"https:\/\/eltrabajo.cl\/portal\/wp-json\/wp\/v2\/posts"}],"about":[{"href":"https:\/\/eltrabajo.cl\/portal\/wp-json\/wp\/v2\/types\/post"}],"author":[{"embeddable":true,"href":"https:\/\/eltrabajo.cl\/portal\/wp-json\/wp\/v2\/users\/482"}],"replies":[{"embeddable":true,"href":"https:\/\/eltrabajo.cl\/portal\/wp-json\/wp\/v2\/comments?post=48928"}],"version-history":[{"count":0,"href":"https:\/\/eltrabajo.cl\/portal\/wp-json\/wp\/v2\/posts\/48928\/revisions"}],"wp:featuredmedia":[{"embeddable":true,"href":"https:\/\/eltrabajo.cl\/portal\/wp-json\/wp\/v2\/media\/48929"}],"wp:attachment":[{"href":"https:\/\/eltrabajo.cl\/portal\/wp-json\/wp\/v2\/media?parent=48928"}],"wp:term":[{"taxonomy":"category","embeddable":true,"href":"https:\/\/eltrabajo.cl\/portal\/wp-json\/wp\/v2\/categories?post=48928"},{"taxonomy":"post_tag","embeddable":true,"href":"https:\/\/eltrabajo.cl\/portal\/wp-json\/wp\/v2\/tags?post=48928"}],"curies":[{"name":"wp","href":"https:\/\/api.w.org\/{rel}","templated":true}]}}