{"id":48938,"date":"2014-07-17T09:59:27","date_gmt":"2014-07-17T13:59:27","guid":{"rendered":"http:\/\/www.eltrabajo.cl\/portal\/?p=48938"},"modified":"2014-07-17T09:59:27","modified_gmt":"2014-07-17T13:59:27","slug":"joven-muchacha-acusa-al-padrastro-de-su-pololo-de-haberla-violado","status":"publish","type":"post","link":"https:\/\/eltrabajo.cl\/portal\/joven-muchacha-acusa-al-padrastro-de-su-pololo-de-haberla-violado\/","title":{"rendered":"Joven muchacha acusa al padrastro de su pololo de haberla violado"},"content":{"rendered":"<figure id=\"attachment_48939\" aria-describedby=\"caption-attachment-48939\" style=\"width: 370px\" class=\"wp-caption alignleft\"><a href=\"https:\/\/i0.wp.com\/www.eltrabajo.cl\/portal\/wp-content\/uploads\/2014\/07\/Violador1.jpg\"><img data-recalc-dims=\"1\" loading=\"lazy\" decoding=\"async\" class=\" wp-image-48939 \" alt=\"SERIOS CARGOS.- El imputado fue capturado por personal de Carabineros de San Felipe para ser trasladado hasta la Brigada de Delitos Sexuales de la PDI de Los Andes.\" src=\"https:\/\/i0.wp.com\/www.eltrabajo.cl\/portal\/wp-content\/uploads\/2014\/07\/Violador1.jpg?resize=370%2C271\" width=\"370\" height=\"271\" srcset=\"https:\/\/i0.wp.com\/eltrabajo.cl\/portal\/wp-content\/uploads\/2014\/07\/Violador1.jpg?w=528&amp;ssl=1 528w, https:\/\/i0.wp.com\/eltrabajo.cl\/portal\/wp-content\/uploads\/2014\/07\/Violador1.jpg?resize=200%2C146&amp;ssl=1 200w, https:\/\/i0.wp.com\/eltrabajo.cl\/portal\/wp-content\/uploads\/2014\/07\/Violador1.jpg?resize=300%2C219&amp;ssl=1 300w, https:\/\/i0.wp.com\/eltrabajo.cl\/portal\/wp-content\/uploads\/2014\/07\/Violador1.jpg?resize=150%2C109&amp;ssl=1 150w, https:\/\/i0.wp.com\/eltrabajo.cl\/portal\/wp-content\/uploads\/2014\/07\/Violador1.jpg?resize=400%2C293&amp;ssl=1 400w\" sizes=\"auto, (max-width: 370px) 100vw, 370px\" \/><\/a><figcaption id=\"caption-attachment-48939\" class=\"wp-caption-text\">SERIOS CARGOS.- El imputado fue capturado por personal de Carabineros de San Felipe para ser trasladado hasta la Brigada de Delitos Sexuales de la PDI de Los Andes.<\/figcaption><\/figure>\n<p>Por el delito de Violaci\u00f3n fue formalizado un hombre de 29 a\u00f1os de edad identificado como S.E.C.Z., domiciliado en Villa 250 A\u00f1os de San Felipe, acusado de haber ultrajado a una adolescente de 18 a\u00f1os cuando se encontraban a solas al interior de su vivienda.<\/p>\n<p>De acuerdo al testimonio de la v\u00edctima se\u00f1alado ante la Polic\u00eda, los hechos ocurrieron cuando ella regres\u00f3 de dejar a su peque\u00f1a hija al jard\u00edn infantil hasta su domicilio que comparte con el padrastro de su pololo, quien habr\u00eda aprovechado que se encontraban a solas pasado el mediod\u00eda de este lunes.<\/p>\n<p><strong>LA VIOLACI\u00d3N<\/strong><\/p>\n<p>El relato continu\u00f3 explicando que el hombre habr\u00eda accedido a ella carnalmente en un dormitorio mediante el uso de la fuerza, situaci\u00f3n que fue alertada a los pocos minutos posteriores, cuando lleg\u00f3 a la casa su pareja quienes denunciaron los hechos ante la Segunda Comisar\u00eda de Carabineros de San Felipe a eso de las 14:00 horas.<\/p>\n<p>Con el fin de esclarecer la grave denuncia, la v\u00edctima fue trasladada hasta la Unidad de Ginecolog\u00eda del Hospital San Camilo para ser evaluada por especialistas, quienes no encontraron lesiones atribuibles a una violaci\u00f3n. Sin embargo por orden de la fiscal\u00eda se procedi\u00f3 a la detenci\u00f3n del imputado, quien fue trasladado hasta la Brigada de Delitos Sexuales de Los Andes, declarando mantener relaciones sexuales con la adolescente en reiteradas ocasiones de manera consentida.<\/p>\n<p>En horas de la ma\u00f1ana del martes su detenci\u00f3n fue controlada en el Juzgado de Garant\u00eda de San Felipe, audiencia en que la Fiscal de Delitos Sexuales, Daniela Quevedo Henr\u00edquez, lo formaliz\u00f3 por el delito de Violaci\u00f3n, requiriendo cautelares como firma mensual hasta investigar el caso por existir dudas razonables dentro de un plazo de 120 d\u00edas.<\/p>\n<p>\u201cLa v\u00edctima no result\u00f3 con lesi\u00f3n alguna ni corporal ni genital, el imputado fue formalizado por el delito de Violaci\u00f3n de mayor de catorce a\u00f1os y se pidieron medidas cautelares de Prohibici\u00f3n de acercarse a la v\u00edctima en el domicilio o donde ella se encuentre; Firma mensual y Arraigo nacional. El imputado prest\u00f3 declaraci\u00f3n voluntaria en la Polic\u00eda de Investigaciones y \u00e9l se\u00f1ala que esto no era primera vez que ocurr\u00eda y que ser\u00edan actos consentidos. Se hicieron ex\u00e1menes ginecol\u00f3gicos a la v\u00edctima y no existen lesiones atribuibles a una violaci\u00f3n, por lo tanto esta fiscal tomar\u00e1 contacto personalmente con la v\u00edctima para determinar su versi\u00f3n de los hechos\u201d, puntualiz\u00f3 Quevedo.<\/p>\n<p>Pablo Salinas Sald\u00edas<\/p>\n<p>&nbsp;<\/p>\n","protected":false},"excerpt":{"rendered":"<p>Por el delito de Violaci\u00f3n fue formalizado un hombre de 29 a\u00f1os de edad identificado como S.E.C.Z., domiciliado en Villa 250 A\u00f1os de San Felipe, acusado de haber ultrajado a una adolescente&#8230;<\/p>\n","protected":false},"author":482,"featured_media":48939,"comment_status":"open","ping_status":"closed","sticky":false,"template":"","format":"standard","meta":{"advanced_seo_description":"","jetpack_seo_html_title":"","jetpack_seo_noindex":false,"_jetpack_memberships_contains_paid_content":false,"footnotes":""},"categories":[21],"tags":[],"class_list":["post-48938","post","type-post","status-publish","format-standard","has-post-thumbnail","hentry","category-policial"],"jetpack_featured_media_url":"https:\/\/i0.wp.com\/eltrabajo.cl\/portal\/wp-content\/uploads\/2014\/07\/Violador1.jpg?fit=528%2C387&ssl=1","jetpack_sharing_enabled":true,"jetpack_likes_enabled":true,"jetpack-related-posts":[],"_links":{"self":[{"href":"https:\/\/eltrabajo.cl\/portal\/wp-json\/wp\/v2\/posts\/48938","targetHints":{"allow":["GET"]}}],"collection":[{"href":"https:\/\/eltrabajo.cl\/portal\/wp-json\/wp\/v2\/posts"}],"about":[{"href":"https:\/\/eltrabajo.cl\/portal\/wp-json\/wp\/v2\/types\/post"}],"author":[{"embeddable":true,"href":"https:\/\/eltrabajo.cl\/portal\/wp-json\/wp\/v2\/users\/482"}],"replies":[{"embeddable":true,"href":"https:\/\/eltrabajo.cl\/portal\/wp-json\/wp\/v2\/comments?post=48938"}],"version-history":[{"count":0,"href":"https:\/\/eltrabajo.cl\/portal\/wp-json\/wp\/v2\/posts\/48938\/revisions"}],"wp:featuredmedia":[{"embeddable":true,"href":"https:\/\/eltrabajo.cl\/portal\/wp-json\/wp\/v2\/media\/48939"}],"wp:attachment":[{"href":"https:\/\/eltrabajo.cl\/portal\/wp-json\/wp\/v2\/media?parent=48938"}],"wp:term":[{"taxonomy":"category","embeddable":true,"href":"https:\/\/eltrabajo.cl\/portal\/wp-json\/wp\/v2\/categories?post=48938"},{"taxonomy":"post_tag","embeddable":true,"href":"https:\/\/eltrabajo.cl\/portal\/wp-json\/wp\/v2\/tags?post=48938"}],"curies":[{"name":"wp","href":"https:\/\/api.w.org\/{rel}","templated":true}]}}