{"id":48946,"date":"2014-07-18T09:10:56","date_gmt":"2014-07-18T13:10:56","guid":{"rendered":"http:\/\/www.eltrabajo.cl\/portal\/?p=48946"},"modified":"2014-07-18T09:10:56","modified_gmt":"2014-07-18T13:10:56","slug":"curso-de-oficial-de-carabineros-en-solo-tres-semestres","status":"publish","type":"post","link":"https:\/\/eltrabajo.cl\/portal\/curso-de-oficial-de-carabineros-en-solo-tres-semestres\/","title":{"rendered":"Curso de Oficial de Carabineros en s\u00f3lo tres semestres"},"content":{"rendered":"<figure id=\"attachment_48947\" aria-describedby=\"caption-attachment-48947\" style=\"width: 529px\" class=\"wp-caption alignnone\"><a href=\"https:\/\/i0.wp.com\/www.eltrabajo.cl\/portal\/wp-content\/uploads\/2014\/07\/Reclutas1.jpg\"><img data-recalc-dims=\"1\" loading=\"lazy\" decoding=\"async\" class=\"size-full wp-image-48947\" alt=\"EDAD L\u00cdMITE.- El plantel educativo de Carabineros inform\u00f3 que este a\u00f1o s\u00f3lo podr\u00e1n postular los j\u00f3venes chilenos solteros de hasta 29 a\u00f1os.\" src=\"https:\/\/i0.wp.com\/www.eltrabajo.cl\/portal\/wp-content\/uploads\/2014\/07\/Reclutas1.jpg?resize=529%2C291\" width=\"529\" height=\"291\" srcset=\"https:\/\/i0.wp.com\/eltrabajo.cl\/portal\/wp-content\/uploads\/2014\/07\/Reclutas1.jpg?w=529&amp;ssl=1 529w, https:\/\/i0.wp.com\/eltrabajo.cl\/portal\/wp-content\/uploads\/2014\/07\/Reclutas1.jpg?resize=200%2C110&amp;ssl=1 200w, https:\/\/i0.wp.com\/eltrabajo.cl\/portal\/wp-content\/uploads\/2014\/07\/Reclutas1.jpg?resize=300%2C165&amp;ssl=1 300w, https:\/\/i0.wp.com\/eltrabajo.cl\/portal\/wp-content\/uploads\/2014\/07\/Reclutas1.jpg?resize=150%2C82&amp;ssl=1 150w, https:\/\/i0.wp.com\/eltrabajo.cl\/portal\/wp-content\/uploads\/2014\/07\/Reclutas1.jpg?resize=400%2C220&amp;ssl=1 400w\" sizes=\"auto, (max-width: 529px) 100vw, 529px\" \/><\/a><figcaption id=\"caption-attachment-48947\" class=\"wp-caption-text\">EDAD L\u00cdMITE.- El plantel educativo de Carabineros inform\u00f3 que este a\u00f1o s\u00f3lo podr\u00e1n postular los j\u00f3venes chilenos solteros de hasta 29 a\u00f1os.<\/figcaption><\/figure>\n<p><strong>ACONCAGUA<\/strong>.- La Escuela de Carabineros de Chile, Escar, abri\u00f3 esta semana un proceso extraordinario de admisi\u00f3n para profesionales que quieran ingresar al escalaf\u00f3n de oficiales de la instituci\u00f3n, realizando un curso que tendr\u00e1 una duraci\u00f3n de s\u00f3lo tres semestres y otorgar\u00e1 el grado de salida de Subteniente. Los interesados deben aprobar un proceso de selecci\u00f3n y tienen plazo para postular hasta el viernes 25 de julio en la Escar de Providencia, o bien, acudir a la brevedad a la Oficina de Postulaciones de la Prefectura Aconcagua, para solicitar mayores informaciones del proceso.<\/p>\n<figure id=\"attachment_48948\" aria-describedby=\"caption-attachment-48948\" style=\"width: 370px\" class=\"wp-caption alignright\"><a href=\"https:\/\/i0.wp.com\/www.eltrabajo.cl\/portal\/wp-content\/uploads\/2014\/07\/Reclutas2.jpg\"><img data-recalc-dims=\"1\" loading=\"lazy\" decoding=\"async\" class=\" wp-image-48948 \" alt=\"REQUISITOS B\u00c1SICOS.- Para las mujeres se exigir\u00e1 una estatura m\u00ednima de 1.60 descalzas, mientras que 1.70 para los hombres, ambos con antecedentes personales y familiares intachables. \" src=\"https:\/\/i0.wp.com\/www.eltrabajo.cl\/portal\/wp-content\/uploads\/2014\/07\/Reclutas2.jpg?resize=370%2C246\" width=\"370\" height=\"246\" srcset=\"https:\/\/i0.wp.com\/eltrabajo.cl\/portal\/wp-content\/uploads\/2014\/07\/Reclutas2.jpg?w=529&amp;ssl=1 529w, https:\/\/i0.wp.com\/eltrabajo.cl\/portal\/wp-content\/uploads\/2014\/07\/Reclutas2.jpg?resize=200%2C133&amp;ssl=1 200w, https:\/\/i0.wp.com\/eltrabajo.cl\/portal\/wp-content\/uploads\/2014\/07\/Reclutas2.jpg?resize=300%2C199&amp;ssl=1 300w, https:\/\/i0.wp.com\/eltrabajo.cl\/portal\/wp-content\/uploads\/2014\/07\/Reclutas2.jpg?resize=150%2C99&amp;ssl=1 150w, https:\/\/i0.wp.com\/eltrabajo.cl\/portal\/wp-content\/uploads\/2014\/07\/Reclutas2.jpg?resize=400%2C266&amp;ssl=1 400w\" sizes=\"auto, (max-width: 370px) 100vw, 370px\" \/><\/a><figcaption id=\"caption-attachment-48948\" class=\"wp-caption-text\">REQUISITOS B\u00c1SICOS.- Para las mujeres se exigir\u00e1 una estatura m\u00ednima de 1.60 descalzas, mientras que 1.70 para los hombres, ambos con antecedentes personales y familiares intachables.<\/figcaption><\/figure>\n<p>En tanto, el plantel educativo de Carabineros inform\u00f3 que este a\u00f1o s\u00f3lo podr\u00e1n postular los j\u00f3venes chilenos solteros de hasta 29 a\u00f1os, que posean un t\u00edtulo en algunas de las siguientes carreras: Ingenier\u00edas en Electr\u00f3nica; Telecomunicaci\u00f3n y Redes; Industrial, Inform\u00e1tica, Comercial, El\u00e9ctrica, Mec\u00e1nica Automotriz; Log\u00edstica y Abastecimiento. De la misma forma, pueden postular tambi\u00e9n los interesados que a la fecha, est\u00e9n en posesi\u00f3n de un t\u00edtulo de abogado, cart\u00f3grafo, estad\u00edstico, administrador p\u00fablico o ge\u00f3grafo.<\/p>\n<p>Para las mujeres se exigir\u00e1 una estatura m\u00ednima de 1.60 descalzas, mientras que 1.70 para los hombres, ambos con antecedentes personales y familiares intachables, los que ser\u00e1n revisados por la instituci\u00f3n durante el proceso de postulaci\u00f3n, el que tambi\u00e9n incluir\u00e1 pruebas de capacidad f\u00edsica. Finalmente la Escar inform\u00f3 que los interesados pueden realizar sus consultas espec\u00edficas sobre este proceso extraordinario de admisi\u00f3n al mail admisionprofesionalesescar@gm ail.com o llamando al fono: (34) 233 40 27.<\/p>\n","protected":false},"excerpt":{"rendered":"<p>ACONCAGUA.- La Escuela de Carabineros de Chile, Escar, abri\u00f3 esta semana un proceso extraordinario de admisi\u00f3n para profesionales que quieran ingresar al escalaf\u00f3n de oficiales de la instituci\u00f3n, realizando un curso que&#8230;<\/p>\n","protected":false},"author":482,"featured_media":48947,"comment_status":"open","ping_status":"closed","sticky":false,"template":"","format":"standard","meta":{"advanced_seo_description":"","jetpack_seo_html_title":"","jetpack_seo_noindex":false,"_jetpack_memberships_contains_paid_content":false,"footnotes":""},"categories":[15],"tags":[],"class_list":["post-48946","post","type-post","status-publish","format-standard","has-post-thumbnail","hentry","category-comunidad"],"jetpack_featured_media_url":"https:\/\/i0.wp.com\/eltrabajo.cl\/portal\/wp-content\/uploads\/2014\/07\/Reclutas1.jpg?fit=529%2C291&ssl=1","jetpack_sharing_enabled":true,"jetpack_likes_enabled":true,"jetpack-related-posts":[],"_links":{"self":[{"href":"https:\/\/eltrabajo.cl\/portal\/wp-json\/wp\/v2\/posts\/48946","targetHints":{"allow":["GET"]}}],"collection":[{"href":"https:\/\/eltrabajo.cl\/portal\/wp-json\/wp\/v2\/posts"}],"about":[{"href":"https:\/\/eltrabajo.cl\/portal\/wp-json\/wp\/v2\/types\/post"}],"author":[{"embeddable":true,"href":"https:\/\/eltrabajo.cl\/portal\/wp-json\/wp\/v2\/users\/482"}],"replies":[{"embeddable":true,"href":"https:\/\/eltrabajo.cl\/portal\/wp-json\/wp\/v2\/comments?post=48946"}],"version-history":[{"count":0,"href":"https:\/\/eltrabajo.cl\/portal\/wp-json\/wp\/v2\/posts\/48946\/revisions"}],"wp:featuredmedia":[{"embeddable":true,"href":"https:\/\/eltrabajo.cl\/portal\/wp-json\/wp\/v2\/media\/48947"}],"wp:attachment":[{"href":"https:\/\/eltrabajo.cl\/portal\/wp-json\/wp\/v2\/media?parent=48946"}],"wp:term":[{"taxonomy":"category","embeddable":true,"href":"https:\/\/eltrabajo.cl\/portal\/wp-json\/wp\/v2\/categories?post=48946"},{"taxonomy":"post_tag","embeddable":true,"href":"https:\/\/eltrabajo.cl\/portal\/wp-json\/wp\/v2\/tags?post=48946"}],"curies":[{"name":"wp","href":"https:\/\/api.w.org\/{rel}","templated":true}]}}