{"id":48958,"date":"2014-07-18T09:15:22","date_gmt":"2014-07-18T13:15:22","guid":{"rendered":"http:\/\/www.eltrabajo.cl\/portal\/?p=48958"},"modified":"2014-07-18T09:15:22","modified_gmt":"2014-07-18T13:15:22","slug":"virgen-del-carmen-vuelve-a-la-ermita-de-los-banos-del-parron","status":"publish","type":"post","link":"https:\/\/eltrabajo.cl\/portal\/virgen-del-carmen-vuelve-a-la-ermita-de-los-banos-del-parron\/","title":{"rendered":"Virgen del Carmen vuelve a La Ermita de los Ba\u00f1os del Parr\u00f3n"},"content":{"rendered":"<figure id=\"attachment_48959\" aria-describedby=\"caption-attachment-48959\" style=\"width: 529px\" class=\"wp-caption alignnone\"><a href=\"https:\/\/i0.wp.com\/www.eltrabajo.cl\/portal\/wp-content\/uploads\/2014\/07\/Virgen1.jpg\"><img data-recalc-dims=\"1\" loading=\"lazy\" decoding=\"async\" class=\"size-full wp-image-48959\" alt=\"En este d\u00eda fr\u00edo se han reunido alrededor de 300 personas venidas de diversas partes del Valle del Aconcagua a dejar la imagen hasta su casa y su santuario.\" src=\"https:\/\/i0.wp.com\/www.eltrabajo.cl\/portal\/wp-content\/uploads\/2014\/07\/Virgen1.jpg?resize=529%2C334\" width=\"529\" height=\"334\" srcset=\"https:\/\/i0.wp.com\/eltrabajo.cl\/portal\/wp-content\/uploads\/2014\/07\/Virgen1.jpg?w=529&amp;ssl=1 529w, https:\/\/i0.wp.com\/eltrabajo.cl\/portal\/wp-content\/uploads\/2014\/07\/Virgen1.jpg?resize=200%2C126&amp;ssl=1 200w, https:\/\/i0.wp.com\/eltrabajo.cl\/portal\/wp-content\/uploads\/2014\/07\/Virgen1.jpg?resize=300%2C189&amp;ssl=1 300w, https:\/\/i0.wp.com\/eltrabajo.cl\/portal\/wp-content\/uploads\/2014\/07\/Virgen1.jpg?resize=150%2C94&amp;ssl=1 150w, https:\/\/i0.wp.com\/eltrabajo.cl\/portal\/wp-content\/uploads\/2014\/07\/Virgen1.jpg?resize=400%2C252&amp;ssl=1 400w\" sizes=\"auto, (max-width: 529px) 100vw, 529px\" \/><\/a><figcaption id=\"caption-attachment-48959\" class=\"wp-caption-text\">En este d\u00eda fr\u00edo se han reunido alrededor de 300 personas venidas de diversas partes del Valle del Aconcagua a dejar la imagen hasta su casa y su santuario.<\/figcaption><\/figure>\n<p><strong>PUTAENDO<\/strong>.- El mi\u00e9rcoles 16 de julio 2014 a las 06:00 horas, las campanas de la Parroquia Nuestra Se\u00f1ora del Carmen de Rinconada de Silva, despertaban a la comunidad para iniciar la peregrinaci\u00f3n tradicional a la ermita carmelitana Ba\u00f1os del parr\u00f3n, en esta oportunidad la caminata de m\u00e1s de seis kil\u00f3metros al interior del valle pre-cordillerano, a los pies del Monte Orolonco se realiz\u00f3 junto a la hermosa imagen de talla policromada y de vestir de nuestra Se\u00f1ora del Carmen-Patrona de Chile y protectora de los Rinconadinos.<\/p>\n<p>Ella estuvo peregrinando por las 17 comunidades cristianas de esta jurisdicci\u00f3n parroquial-en el contexto de la misi\u00f3n territorial, y en la campa\u00f1a de sensibilizaci\u00f3n y concientizaci\u00f3n del valor patrimonial y religioso que tendr\u00e1n la regularizaci\u00f3n de los terrenos de los santuarios del Santo Cristo de Rinconada de Silva y el Santuario Mariano de la Ermita Carmelitana que deben su origen a las gestiones de la parroquia de Rinconada de Silva y muchos Rinconadinos.<\/p>\n<figure id=\"attachment_48960\" aria-describedby=\"caption-attachment-48960\" style=\"width: 370px\" class=\"wp-caption alignright\"><a href=\"https:\/\/i0.wp.com\/www.eltrabajo.cl\/portal\/wp-content\/uploads\/2014\/07\/Virgen2.jpg\"><img data-recalc-dims=\"1\" loading=\"lazy\" decoding=\"async\" class=\" wp-image-48960 \" alt=\"Los sacerdotes Ricardo G\u00f3mez Herrera y Juan Cort\u00e9s Malbr\u00e1n, encabezaban la peregrinaci\u00f3n entre oraciones cantos y alabanzas a la vez de invitan a los fieles a recibir el sacramento del perd\u00f3n durante todo el caminar.\" src=\"https:\/\/i0.wp.com\/www.eltrabajo.cl\/portal\/wp-content\/uploads\/2014\/07\/Virgen2.jpg?resize=370%2C280\" width=\"370\" height=\"280\" srcset=\"https:\/\/i0.wp.com\/eltrabajo.cl\/portal\/wp-content\/uploads\/2014\/07\/Virgen2.jpg?w=529&amp;ssl=1 529w, https:\/\/i0.wp.com\/eltrabajo.cl\/portal\/wp-content\/uploads\/2014\/07\/Virgen2.jpg?resize=198%2C150&amp;ssl=1 198w, https:\/\/i0.wp.com\/eltrabajo.cl\/portal\/wp-content\/uploads\/2014\/07\/Virgen2.jpg?resize=300%2C226&amp;ssl=1 300w, https:\/\/i0.wp.com\/eltrabajo.cl\/portal\/wp-content\/uploads\/2014\/07\/Virgen2.jpg?resize=150%2C113&amp;ssl=1 150w, https:\/\/i0.wp.com\/eltrabajo.cl\/portal\/wp-content\/uploads\/2014\/07\/Virgen2.jpg?resize=400%2C302&amp;ssl=1 400w\" sizes=\"auto, (max-width: 370px) 100vw, 370px\" \/><\/a><figcaption id=\"caption-attachment-48960\" class=\"wp-caption-text\">Los sacerdotes Ricardo G\u00f3mez Herrera y Juan Cort\u00e9s Malbr\u00e1n, encabezaban la peregrinaci\u00f3n entre oraciones cantos y alabanzas a la vez de invitan a los fieles a recibir el sacramento del perd\u00f3n durante todo el caminar.<\/figcaption><\/figure>\n<p>Con campa\u00f1as de oraci\u00f3n cotidiana, procesiones y homenajes brindados a la Madre del Consuelo, cada comunidad cristiana tuvo el honor de tenerla en sus capillas.<\/p>\n<p>En este d\u00eda fr\u00edo se han reunido alrededor de 300 personas venidas de diversas partes del Valle del Aconcagua a dejar la imagen hasta su casa y su santuario, en donde desde 111 a\u00f1os de historia ha habitado y con su manto protector amparado a cada uno de los sectores de la comuna de Putaendo. Los sacerdotes de la Obra Misionera de la Transfiguraci\u00f3n del Se\u00f1or, presb\u00edteros Ricardo G\u00f3mez Herrera y Juan Cort\u00e9s Malbr\u00e1n, encabezaban la peregrinaci\u00f3n entre oraciones cantos y alabanzas a la vez de invitar a los fieles a recibir el sacramento del perd\u00f3n durante todo el caminar.<\/p>\n<p>En una hermosa Eucarist\u00eda celebrada en la capilla de La Carmelita, los fieles reafirmaron su compromiso de ser hijos atentos y sol\u00edcitos a la protecci\u00f3n de su madre sant\u00edsima a seguir orando por el resguardo espiritual de este su casa y santuario.<\/p>\n<p>Los peregrinos fueron testigos de los arreglos que la parroquia y bienhechores con esfuerzo han realizado de la casa patrimonial, del cuidado de la foresta que se est\u00e1 realizando y constataron de primera fuente, que nunca existi\u00f3 construcciones de lujo en ning\u00fan lugar de los terrenos encargados a la Iglesia, sino que los vestigios de unos r\u00e1dieles sin terminar desestimando los comentarios mal intencionados que fueron surgiendo alrededor de la necesaria regularizaci\u00f3n de los terrenos del santuario.<\/p>\n<p>Los rinconadinos seguir\u00e1n empe\u00f1ados en solicitar a la madre de la rinconada, su protecci\u00f3n, haciendo realidad la visi\u00f3n y misi\u00f3n del creador de estas obras espirituales de Chile, Monse\u00f1or Jos\u00e9 An\u00edbal Carvajal Aspee.<\/p>\n<p>Patricio Gallardo M.<\/p>\n<p>&nbsp;<\/p>\n","protected":false},"excerpt":{"rendered":"<p>PUTAENDO.- El mi\u00e9rcoles 16 de julio 2014 a las 06:00 horas, las campanas de la Parroquia Nuestra Se\u00f1ora del Carmen de Rinconada de Silva, despertaban a la comunidad para iniciar la peregrinaci\u00f3n&#8230;<\/p>\n","protected":false},"author":482,"featured_media":48959,"comment_status":"open","ping_status":"closed","sticky":false,"template":"","format":"standard","meta":{"advanced_seo_description":"","jetpack_seo_html_title":"","jetpack_seo_noindex":false,"_jetpack_memberships_contains_paid_content":false,"footnotes":""},"categories":[15],"tags":[],"class_list":["post-48958","post","type-post","status-publish","format-standard","has-post-thumbnail","hentry","category-comunidad"],"jetpack_featured_media_url":"https:\/\/i0.wp.com\/eltrabajo.cl\/portal\/wp-content\/uploads\/2014\/07\/Virgen1.jpg?fit=529%2C334&ssl=1","jetpack_sharing_enabled":true,"jetpack_likes_enabled":true,"jetpack-related-posts":[],"_links":{"self":[{"href":"https:\/\/eltrabajo.cl\/portal\/wp-json\/wp\/v2\/posts\/48958","targetHints":{"allow":["GET"]}}],"collection":[{"href":"https:\/\/eltrabajo.cl\/portal\/wp-json\/wp\/v2\/posts"}],"about":[{"href":"https:\/\/eltrabajo.cl\/portal\/wp-json\/wp\/v2\/types\/post"}],"author":[{"embeddable":true,"href":"https:\/\/eltrabajo.cl\/portal\/wp-json\/wp\/v2\/users\/482"}],"replies":[{"embeddable":true,"href":"https:\/\/eltrabajo.cl\/portal\/wp-json\/wp\/v2\/comments?post=48958"}],"version-history":[{"count":0,"href":"https:\/\/eltrabajo.cl\/portal\/wp-json\/wp\/v2\/posts\/48958\/revisions"}],"wp:featuredmedia":[{"embeddable":true,"href":"https:\/\/eltrabajo.cl\/portal\/wp-json\/wp\/v2\/media\/48959"}],"wp:attachment":[{"href":"https:\/\/eltrabajo.cl\/portal\/wp-json\/wp\/v2\/media?parent=48958"}],"wp:term":[{"taxonomy":"category","embeddable":true,"href":"https:\/\/eltrabajo.cl\/portal\/wp-json\/wp\/v2\/categories?post=48958"},{"taxonomy":"post_tag","embeddable":true,"href":"https:\/\/eltrabajo.cl\/portal\/wp-json\/wp\/v2\/tags?post=48958"}],"curies":[{"name":"wp","href":"https:\/\/api.w.org\/{rel}","templated":true}]}}