{"id":48963,"date":"2014-07-18T09:22:22","date_gmt":"2014-07-18T13:22:22","guid":{"rendered":"http:\/\/www.eltrabajo.cl\/portal\/?p=48963"},"modified":"2014-07-18T09:22:22","modified_gmt":"2014-07-18T13:22:22","slug":"aiep-y-senda-firman-importante-convenio-en-beneficio-de-estudiantes","status":"publish","type":"post","link":"https:\/\/eltrabajo.cl\/portal\/aiep-y-senda-firman-importante-convenio-en-beneficio-de-estudiantes\/","title":{"rendered":"Aiep y Senda firman importante convenio en beneficio de estudiantes"},"content":{"rendered":"<figure id=\"attachment_48964\" aria-describedby=\"caption-attachment-48964\" style=\"width: 529px\" class=\"wp-caption alignnone\"><a href=\"https:\/\/i0.wp.com\/www.eltrabajo.cl\/portal\/wp-content\/uploads\/2014\/07\/Ceremonia-1.jpg\"><img data-recalc-dims=\"1\" loading=\"lazy\" decoding=\"async\" class=\"size-full wp-image-48964\" alt=\"Durante el convenio estuvieron presente los alcaldes y sus representantes en esta importante ceremonia. En la fotograf\u00eda el Alcalde de San Felipe, Patricio Freire, junto a la Directora Regional Senda, Claudia Berr\u00edos; Mat\u00edas Escabini, Director Escuela Social y Rodrigo Valderrama Director ejecutivo AIEP San Felipe.\" src=\"https:\/\/i0.wp.com\/www.eltrabajo.cl\/portal\/wp-content\/uploads\/2014\/07\/Ceremonia-1.jpg?resize=529%2C401\" width=\"529\" height=\"401\" srcset=\"https:\/\/i0.wp.com\/eltrabajo.cl\/portal\/wp-content\/uploads\/2014\/07\/Ceremonia-1.jpg?w=529&amp;ssl=1 529w, https:\/\/i0.wp.com\/eltrabajo.cl\/portal\/wp-content\/uploads\/2014\/07\/Ceremonia-1.jpg?resize=197%2C150&amp;ssl=1 197w, https:\/\/i0.wp.com\/eltrabajo.cl\/portal\/wp-content\/uploads\/2014\/07\/Ceremonia-1.jpg?resize=300%2C227&amp;ssl=1 300w, https:\/\/i0.wp.com\/eltrabajo.cl\/portal\/wp-content\/uploads\/2014\/07\/Ceremonia-1.jpg?resize=150%2C113&amp;ssl=1 150w, https:\/\/i0.wp.com\/eltrabajo.cl\/portal\/wp-content\/uploads\/2014\/07\/Ceremonia-1.jpg?resize=400%2C303&amp;ssl=1 400w\" sizes=\"auto, (max-width: 529px) 100vw, 529px\" \/><\/a><figcaption id=\"caption-attachment-48964\" class=\"wp-caption-text\">Durante el convenio estuvieron presente los alcaldes y sus representantes en esta importante ceremonia. En la fotograf\u00eda el Alcalde de San Felipe, Patricio Freire, junto a la Directora Regional Senda, Claudia Berr\u00edos; Mat\u00edas Escabini, Director Escuela Social y Rodrigo Valderrama Director ejecutivo AIEP San Felipe.<\/figcaption><\/figure>\n<p>A trav\u00e9s de una ceremonia se firm\u00f3 un protocolo de acuerdo y colaboraci\u00f3n entre el Instituto Aiep de San Felipe y el Servicio Nacional de Prevenci\u00f3n de Drogas y Alcohol (Senda) en beneficio de 300 estudiantes que actualmente estudian las carreras de T\u00e9cnico en Trabajo Social y Trabajo Social.<\/p>\n<p>La idea de este convenio con Senda Regional es que se pueda desplegar en toda la regi\u00f3n, por lo mismo fueron invitados a este acto de relevancia los diez alcaldes de las comunas de San Felipe, Los Andes, San Esteban, Calle Larga, Rinconada, Panquehue, Santa Mar\u00eda, Catemu, Putaendo y Llay Llay, para la firma de este convenio que integra a cada localidad en forma espec\u00edfica para poder realizar el mismo trabajo para el desarrollo de la regi\u00f3n.<\/p>\n<p>As\u00ed lo resalt\u00f3 el Director de la Escuela Social del Aiep, Mat\u00edas Escabini, quien puntualiz\u00f3 que el pacto es que los estudiantes apoyen el trabajo que est\u00e1 realizando Senda en todas las pol\u00edticas p\u00fablicas que se han definido y en el futuro producto del impacto que ha tenido, para poder generar nuevos proyectos.<\/p>\n<p><strong>CONVENIOS SENDA<\/strong><\/p>\n<p>\u201cAc\u00e1 nosotros como Escuela Social Aiep ponemos a disposici\u00f3n de Senda Regional todos nuestros estudiantes de T\u00e9cnico en Trabajo Social y Trabajo Social. Nuestro modelo educativo tiene un alto contenido de formaci\u00f3n y en cada uno de los m\u00f3dulos que los estudiantes est\u00e1n cursando, tienen que ejecutar trabajos pr\u00e1cticos para poder guiar todos los conocimientos que van alcanzado, y en ese sentido en convenio con Senda tiene mucha relevancia, porque desde los talleres de comunitaria y taller de intervenci\u00f3n con grupos ellos ya van aplicando los distintos conocimientos para ir trabajando en las pol\u00edticas de prevenci\u00f3n en el uso y consumo de alcohol y drogas con Senda, levantando informaci\u00f3n y aportar datos relevantes para implementar las pol\u00edticas p\u00fablicas definidas para este \u00e1mbito para revisarlas y analizarlas, para poder hacerlas m\u00e1s eficientes en ese sentido\u201d, indic\u00f3 Escabini.<\/p>\n<p>En tanto la Directora Regional Senda Valpara\u00edso, Claudia Berr\u00edos, sostuvo que este acuerdo no s\u00f3lo consiste en generar pol\u00edticas de prevenci\u00f3n hacia los estudiantes, sino generar dos l\u00edneas de trabajo que dicen relaci\u00f3n con la vinculaci\u00f3n con el medio y la construcci\u00f3n de conocimientos a trav\u00e9s de generar medios de pr\u00e1ctica hacia los alumnos.<\/p>\n<p>\u201cNo solamente estamos interviniendo, sino que estamos entregando conocimientos espec\u00edficamente en lo que es el tratamiento y el consumo de drogas, por lo tanto en ese sentido de alguna manera es generar en el esp\u00edritu de una pol\u00edtica entre todos para los estudiantes y con los estudiantes y adem\u00e1s dando \u00e9nfasis en lo que tiene que ver la particularidad del territorio, porque ac\u00e1 es lo que nos interesa relevar. Si bien tenemos un convenio regional firmado con Aiep, estamos fortaleciendo la labor en el Valle del Aconcagua\u201d, destac\u00f3 Berr\u00edos.<\/p>\n<p>Durante el discurso de la ceremonia se hizo \u00e9nfasis en que el instituto no s\u00f3lo tiene un trabajo de vinculaci\u00f3n con Senda, sino tambi\u00e9n con el sistema p\u00fablico general que a su juicio ha tra\u00eddo buenos resultados en t\u00e9rminos de formaci\u00f3n de los estudiantes, en el impacto que ha generado en las distintas comunidades, mismas que han trabajado principalmente para lograr ejecutar los temas que se han definido a personas calificadas que van a ejecutar estos trabajos como tambi\u00e9n generar nuevos proyectos.<\/p>\n<p>Asimismo el alcalde de Llay Llay, Mario Marillanca, destac\u00f3 la iniciativa para su localidad que beneficiar\u00e1 a estos estudiantes, dejando a disposici\u00f3n espacios para la realizaci\u00f3n de pr\u00e1cticas profesionales: \u201cEn este convenio nosotros estamos dispuestos a prestar los campos cl\u00ednicos por decirlo de una forma, para que los alumnos hagan pr\u00e1ctica en nuestra comuna, en nuestra municipalidad o en la oficina de Senda, etc. Hay una variable que qued\u00f3 pendiente que son las becas, ya que nuestros ni\u00f1os tienen que viajar hacia San Felipe desde Llay Llay y eso significa un costo que le sumamos la colegiatura, muchas veces se les hace imposible estudiar, debiesen considerar becas o medias becas. El trabajo del municipio siempre faltan manos para trabajar y los alumnos son bienvenidos y m\u00e1s de alguna actividad le vamos a encomendar siempre hay cosas de hacer la comunidad se va a ver favorecida en ese aspecto\u201d.<\/p>\n<p>Pablo Salinas Sald\u00edas<\/p>\n<div class=\"tiled-gallery type-rectangular tiled-gallery-unresized\" data-original-width=\"640\" data-carousel-extra='null' itemscope itemtype=\"http:\/\/schema.org\/ImageGallery\" > <div class=\"gallery-row\" style=\"width: 640px; height: 139px;\" data-original-width=\"640\" data-original-height=\"139\" > <div class=\"gallery-group images-1\" style=\"width: 238px; height: 139px;\" data-original-width=\"238\" data-original-height=\"139\" > <div class=\"tiled-gallery-item tiled-gallery-item-small\" itemprop=\"associatedMedia\" itemscope itemtype=\"http:\/\/schema.org\/ImageObject\"> <a href=\"https:\/\/eltrabajo.cl\/portal\/aiep-y-senda-firman-importante-convenio-en-beneficio-de-estudiantes\/ceremonia-5\/\" border=\"0\" itemprop=\"url\"> <meta itemprop=\"width\" content=\"234\"> <meta itemprop=\"height\" content=\"135\"> <img decoding=\"async\" class=\"\" data-attachment-id=\"48965\" data-orig-file=\"https:\/\/eltrabajo.cl\/portal\/wp-content\/uploads\/2014\/07\/Ceremonia-5.jpg\" data-orig-size=\"528,305\" data-comments-opened=\"1\" data-image-meta=\"{&quot;aperture&quot;:&quot;3.1&quot;,&quot;credit&quot;:&quot;&quot;,&quot;camera&quot;:&quot;DSC-W180&quot;,&quot;caption&quot;:&quot;&quot;,&quot;created_timestamp&quot;:&quot;1405598971&quot;,&quot;copyright&quot;:&quot;&quot;,&quot;focal_length&quot;:&quot;6.2&quot;,&quot;iso&quot;:&quot;200&quot;,&quot;shutter_speed&quot;:&quot;0.025&quot;,&quot;title&quot;:&quot;&quot;}\" data-image-title=\"Ceremonia 5\" data-image-description=\"&lt;p&gt;A trav\u00e9s de una emotiva ceremonia se firm\u00f3 un protocolo de acuerdo y colaboraci\u00f3n entre el Instituto Aiep de San Felipe y el Servicio Nacional de Prevenci\u00f3n de Drogas y Alcohol (Senda), en beneficio de 300 alumnos que actualmente estudian las carreras de T\u00e9cnico en Trabajo Social y Trabajo Social.&lt;\/p&gt; \" data-medium-file=\"https:\/\/i0.wp.com\/eltrabajo.cl\/portal\/wp-content\/uploads\/2014\/07\/Ceremonia-5.jpg?fit=300%2C173&#038;ssl=1\" data-large-file=\"https:\/\/i0.wp.com\/eltrabajo.cl\/portal\/wp-content\/uploads\/2014\/07\/Ceremonia-5.jpg?fit=528%2C305&#038;ssl=1\" src=\"https:\/\/i0.wp.com\/eltrabajo.cl\/portal\/wp-content\/uploads\/2014\/07\/Ceremonia-5.jpg?w=234&#038;h=135&#038;ssl=1\" srcset=\"https:\/\/i0.wp.com\/eltrabajo.cl\/portal\/wp-content\/uploads\/2014\/07\/Ceremonia-5.jpg?w=528&amp;ssl=1 528w, https:\/\/i0.wp.com\/eltrabajo.cl\/portal\/wp-content\/uploads\/2014\/07\/Ceremonia-5.jpg?resize=200%2C115&amp;ssl=1 200w, https:\/\/i0.wp.com\/eltrabajo.cl\/portal\/wp-content\/uploads\/2014\/07\/Ceremonia-5.jpg?resize=300%2C173&amp;ssl=1 300w, https:\/\/i0.wp.com\/eltrabajo.cl\/portal\/wp-content\/uploads\/2014\/07\/Ceremonia-5.jpg?resize=150%2C86&amp;ssl=1 150w, https:\/\/i0.wp.com\/eltrabajo.cl\/portal\/wp-content\/uploads\/2014\/07\/Ceremonia-5.jpg?resize=400%2C231&amp;ssl=1 400w\" width=\"234\" height=\"135\" loading=\"lazy\" data-original-width=\"234\" data-original-height=\"135\" itemprop=\"http:\/\/schema.org\/image\" title=\"Ceremonia 5\" alt=\"A trav\u00e9s de una emotiva ceremonia se firm\u00f3 un protocolo de acuerdo y colaboraci\u00f3n entre el Instituto Aiep de San Felipe y el Servicio Nacional de Prevenci\u00f3n de Drogas y Alcohol (Senda), en beneficio de 300 alumnos que actualmente estudian las carreras de T\u00e9cnico en Trabajo Social y Trabajo Social.\" style=\"width: 234px; height: 135px;\" \/> <\/a> <div class=\"tiled-gallery-caption\" itemprop=\"caption description\"> A trav\u00e9s de una emotiva ceremonia se firm\u00f3 un protocolo de acuerdo y colaboraci\u00f3n entre el Instituto Aiep de San Felipe y el Servicio Nacional de Prevenci\u00f3n de Drogas y Alcohol (Senda), en beneficio de 300 alumnos que actualmente estudian las carreras de T\u00e9cnico en Trabajo Social y Trabajo Social. <\/div> <\/div> <\/div> <!-- close group --> <div class=\"gallery-group images-1\" style=\"width: 140px; height: 139px;\" data-original-width=\"140\" data-original-height=\"139\" > <div class=\"tiled-gallery-item tiled-gallery-item-small\" itemprop=\"associatedMedia\" itemscope itemtype=\"http:\/\/schema.org\/ImageObject\"> <a href=\"https:\/\/eltrabajo.cl\/portal\/aiep-y-senda-firman-importante-convenio-en-beneficio-de-estudiantes\/claudia-berrios\/\" border=\"0\" itemprop=\"url\"> <meta itemprop=\"width\" content=\"136\"> <meta itemprop=\"height\" content=\"135\"> <img decoding=\"async\" class=\"\" data-attachment-id=\"48966\" data-orig-file=\"https:\/\/eltrabajo.cl\/portal\/wp-content\/uploads\/2014\/07\/Claudia-Berrios.jpg\" data-orig-size=\"529,525\" data-comments-opened=\"1\" data-image-meta=\"{&quot;aperture&quot;:&quot;3.1&quot;,&quot;credit&quot;:&quot;&quot;,&quot;camera&quot;:&quot;DSC-W180&quot;,&quot;caption&quot;:&quot;&quot;,&quot;created_timestamp&quot;:&quot;1405600713&quot;,&quot;copyright&quot;:&quot;&quot;,&quot;focal_length&quot;:&quot;6.2&quot;,&quot;iso&quot;:&quot;100&quot;,&quot;shutter_speed&quot;:&quot;0.025&quot;,&quot;title&quot;:&quot;&quot;}\" data-image-title=\"Claudia Berrios\" data-image-description=\"&lt;p&gt;Directora Regional Senda Valpara\u00edso, Claudia Berr\u00edos.&lt;\/p&gt; \" data-medium-file=\"https:\/\/i0.wp.com\/eltrabajo.cl\/portal\/wp-content\/uploads\/2014\/07\/Claudia-Berrios.jpg?fit=300%2C297&#038;ssl=1\" data-large-file=\"https:\/\/i0.wp.com\/eltrabajo.cl\/portal\/wp-content\/uploads\/2014\/07\/Claudia-Berrios.jpg?fit=529%2C525&#038;ssl=1\" src=\"https:\/\/i0.wp.com\/eltrabajo.cl\/portal\/wp-content\/uploads\/2014\/07\/Claudia-Berrios.jpg?w=136&#038;h=135&#038;ssl=1\" srcset=\"https:\/\/i0.wp.com\/eltrabajo.cl\/portal\/wp-content\/uploads\/2014\/07\/Claudia-Berrios.jpg?w=529&amp;ssl=1 529w, https:\/\/i0.wp.com\/eltrabajo.cl\/portal\/wp-content\/uploads\/2014\/07\/Claudia-Berrios.jpg?resize=151%2C150&amp;ssl=1 151w, https:\/\/i0.wp.com\/eltrabajo.cl\/portal\/wp-content\/uploads\/2014\/07\/Claudia-Berrios.jpg?resize=300%2C297&amp;ssl=1 300w, https:\/\/i0.wp.com\/eltrabajo.cl\/portal\/wp-content\/uploads\/2014\/07\/Claudia-Berrios.jpg?resize=150%2C148&amp;ssl=1 150w, https:\/\/i0.wp.com\/eltrabajo.cl\/portal\/wp-content\/uploads\/2014\/07\/Claudia-Berrios.jpg?resize=400%2C396&amp;ssl=1 400w\" width=\"136\" height=\"135\" loading=\"lazy\" data-original-width=\"136\" data-original-height=\"135\" itemprop=\"http:\/\/schema.org\/image\" title=\"Claudia Berrios\" alt=\"Directora Regional Senda Valpara\u00edso, Claudia Berr\u00edos.\" style=\"width: 136px; height: 135px;\" \/> <\/a> <div class=\"tiled-gallery-caption\" itemprop=\"caption description\"> Directora Regional Senda Valpara\u00edso, Claudia Berr\u00edos. <\/div> <\/div> <\/div> <!-- close group --> <div class=\"gallery-group images-1\" style=\"width: 131px; height: 139px;\" data-original-width=\"131\" data-original-height=\"139\" > <div class=\"tiled-gallery-item tiled-gallery-item-small\" itemprop=\"associatedMedia\" itemscope itemtype=\"http:\/\/schema.org\/ImageObject\"> <a href=\"https:\/\/eltrabajo.cl\/portal\/aiep-y-senda-firman-importante-convenio-en-beneficio-de-estudiantes\/mario-marillanca-4\/\" border=\"0\" itemprop=\"url\"> <meta itemprop=\"width\" content=\"127\"> <meta itemprop=\"height\" content=\"135\"> <img decoding=\"async\" class=\"\" data-attachment-id=\"48967\" data-orig-file=\"https:\/\/eltrabajo.cl\/portal\/wp-content\/uploads\/2014\/07\/Mario-Marillanca.jpg\" data-orig-size=\"529,561\" data-comments-opened=\"1\" data-image-meta=\"{&quot;aperture&quot;:&quot;3.1&quot;,&quot;credit&quot;:&quot;&quot;,&quot;camera&quot;:&quot;DSC-W180&quot;,&quot;caption&quot;:&quot;&quot;,&quot;created_timestamp&quot;:&quot;1405601080&quot;,&quot;copyright&quot;:&quot;&quot;,&quot;focal_length&quot;:&quot;6.2&quot;,&quot;iso&quot;:&quot;100&quot;,&quot;shutter_speed&quot;:&quot;0.025&quot;,&quot;title&quot;:&quot;&quot;}\" data-image-title=\"Mario Marillanca\" data-image-description=\"&lt;p&gt;Alcalde de la comuna de Llay Llay, Mario Marillanca.&lt;\/p&gt; \" data-medium-file=\"https:\/\/i0.wp.com\/eltrabajo.cl\/portal\/wp-content\/uploads\/2014\/07\/Mario-Marillanca.jpg?fit=282%2C300&#038;ssl=1\" data-large-file=\"https:\/\/i0.wp.com\/eltrabajo.cl\/portal\/wp-content\/uploads\/2014\/07\/Mario-Marillanca.jpg?fit=529%2C561&#038;ssl=1\" src=\"https:\/\/i0.wp.com\/eltrabajo.cl\/portal\/wp-content\/uploads\/2014\/07\/Mario-Marillanca.jpg?w=127&#038;h=135&#038;ssl=1\" srcset=\"https:\/\/i0.wp.com\/eltrabajo.cl\/portal\/wp-content\/uploads\/2014\/07\/Mario-Marillanca.jpg?w=529&amp;ssl=1 529w, https:\/\/i0.wp.com\/eltrabajo.cl\/portal\/wp-content\/uploads\/2014\/07\/Mario-Marillanca.jpg?resize=141%2C150&amp;ssl=1 141w, https:\/\/i0.wp.com\/eltrabajo.cl\/portal\/wp-content\/uploads\/2014\/07\/Mario-Marillanca.jpg?resize=282%2C300&amp;ssl=1 282w, https:\/\/i0.wp.com\/eltrabajo.cl\/portal\/wp-content\/uploads\/2014\/07\/Mario-Marillanca.jpg?resize=400%2C424&amp;ssl=1 400w\" width=\"127\" height=\"135\" loading=\"lazy\" data-original-width=\"127\" data-original-height=\"135\" itemprop=\"http:\/\/schema.org\/image\" title=\"Mario Marillanca\" alt=\"Alcalde de la comuna de Llay Llay, Mario Marillanca.\" style=\"width: 127px; height: 135px;\" \/> <\/a> <div class=\"tiled-gallery-caption\" itemprop=\"caption description\"> Alcalde de la comuna de Llay Llay, Mario Marillanca. <\/div> <\/div> <\/div> <!-- close group --> <div class=\"gallery-group images-1\" style=\"width: 131px; height: 139px;\" data-original-width=\"131\" data-original-height=\"139\" > <div class=\"tiled-gallery-item tiled-gallery-item-small\" itemprop=\"associatedMedia\" itemscope itemtype=\"http:\/\/schema.org\/ImageObject\"> <a href=\"https:\/\/eltrabajo.cl\/portal\/aiep-y-senda-firman-importante-convenio-en-beneficio-de-estudiantes\/matias-escabini\/\" border=\"0\" itemprop=\"url\"> <meta itemprop=\"width\" content=\"127\"> <meta itemprop=\"height\" content=\"135\"> <img decoding=\"async\" class=\"\" data-attachment-id=\"48968\" data-orig-file=\"https:\/\/eltrabajo.cl\/portal\/wp-content\/uploads\/2014\/07\/Matias-Escabini.jpg\" data-orig-size=\"529,562\" data-comments-opened=\"1\" data-image-meta=\"{&quot;aperture&quot;:&quot;3.1&quot;,&quot;credit&quot;:&quot;&quot;,&quot;camera&quot;:&quot;DSC-W180&quot;,&quot;caption&quot;:&quot;&quot;,&quot;created_timestamp&quot;:&quot;1405600813&quot;,&quot;copyright&quot;:&quot;&quot;,&quot;focal_length&quot;:&quot;6.2&quot;,&quot;iso&quot;:&quot;100&quot;,&quot;shutter_speed&quot;:&quot;0.025&quot;,&quot;title&quot;:&quot;&quot;}\" data-image-title=\"Matias Escabini\" data-image-description=\"&lt;p&gt;Director de la Escuela Social del Aiep, Mat\u00edas Escabini.&lt;\/p&gt; \" data-medium-file=\"https:\/\/i0.wp.com\/eltrabajo.cl\/portal\/wp-content\/uploads\/2014\/07\/Matias-Escabini.jpg?fit=282%2C300&#038;ssl=1\" data-large-file=\"https:\/\/i0.wp.com\/eltrabajo.cl\/portal\/wp-content\/uploads\/2014\/07\/Matias-Escabini.jpg?fit=529%2C562&#038;ssl=1\" src=\"https:\/\/i0.wp.com\/eltrabajo.cl\/portal\/wp-content\/uploads\/2014\/07\/Matias-Escabini.jpg?w=127&#038;h=135&#038;ssl=1\" srcset=\"https:\/\/i0.wp.com\/eltrabajo.cl\/portal\/wp-content\/uploads\/2014\/07\/Matias-Escabini.jpg?w=529&amp;ssl=1 529w, https:\/\/i0.wp.com\/eltrabajo.cl\/portal\/wp-content\/uploads\/2014\/07\/Matias-Escabini.jpg?resize=141%2C150&amp;ssl=1 141w, https:\/\/i0.wp.com\/eltrabajo.cl\/portal\/wp-content\/uploads\/2014\/07\/Matias-Escabini.jpg?resize=282%2C300&amp;ssl=1 282w, https:\/\/i0.wp.com\/eltrabajo.cl\/portal\/wp-content\/uploads\/2014\/07\/Matias-Escabini.jpg?resize=400%2C424&amp;ssl=1 400w\" width=\"127\" height=\"135\" loading=\"lazy\" data-original-width=\"127\" data-original-height=\"135\" itemprop=\"http:\/\/schema.org\/image\" title=\"Matias Escabini\" alt=\"Director de la Escuela Social del Aiep, Mat\u00edas Escabini.\" style=\"width: 127px; height: 135px;\" \/> <\/a> <div class=\"tiled-gallery-caption\" itemprop=\"caption description\"> Director de la Escuela Social del Aiep, Mat\u00edas Escabini. <\/div> <\/div> <\/div> <!-- close group --> <\/div> <!-- close row --> <\/div>\n","protected":false},"excerpt":{"rendered":"<p>A trav\u00e9s de una ceremonia se firm\u00f3 un protocolo de acuerdo y colaboraci\u00f3n entre el Instituto Aiep de San Felipe y el Servicio Nacional de Prevenci\u00f3n de Drogas y Alcohol (Senda) en&#8230;<\/p>\n","protected":false},"author":482,"featured_media":48964,"comment_status":"open","ping_status":"closed","sticky":false,"template":"","format":"standard","meta":{"advanced_seo_description":"","jetpack_seo_html_title":"","jetpack_seo_noindex":false,"_jetpack_memberships_contains_paid_content":false,"footnotes":""},"categories":[15],"tags":[],"class_list":["post-48963","post","type-post","status-publish","format-standard","has-post-thumbnail","hentry","category-comunidad"],"jetpack_featured_media_url":"https:\/\/i0.wp.com\/eltrabajo.cl\/portal\/wp-content\/uploads\/2014\/07\/Ceremonia-1.jpg?fit=529%2C401&ssl=1","jetpack_sharing_enabled":true,"jetpack_likes_enabled":true,"jetpack-related-posts":[],"_links":{"self":[{"href":"https:\/\/eltrabajo.cl\/portal\/wp-json\/wp\/v2\/posts\/48963","targetHints":{"allow":["GET"]}}],"collection":[{"href":"https:\/\/eltrabajo.cl\/portal\/wp-json\/wp\/v2\/posts"}],"about":[{"href":"https:\/\/eltrabajo.cl\/portal\/wp-json\/wp\/v2\/types\/post"}],"author":[{"embeddable":true,"href":"https:\/\/eltrabajo.cl\/portal\/wp-json\/wp\/v2\/users\/482"}],"replies":[{"embeddable":true,"href":"https:\/\/eltrabajo.cl\/portal\/wp-json\/wp\/v2\/comments?post=48963"}],"version-history":[{"count":0,"href":"https:\/\/eltrabajo.cl\/portal\/wp-json\/wp\/v2\/posts\/48963\/revisions"}],"wp:featuredmedia":[{"embeddable":true,"href":"https:\/\/eltrabajo.cl\/portal\/wp-json\/wp\/v2\/media\/48964"}],"wp:attachment":[{"href":"https:\/\/eltrabajo.cl\/portal\/wp-json\/wp\/v2\/media?parent=48963"}],"wp:term":[{"taxonomy":"category","embeddable":true,"href":"https:\/\/eltrabajo.cl\/portal\/wp-json\/wp\/v2\/categories?post=48963"},{"taxonomy":"post_tag","embeddable":true,"href":"https:\/\/eltrabajo.cl\/portal\/wp-json\/wp\/v2\/tags?post=48963"}],"curies":[{"name":"wp","href":"https:\/\/api.w.org\/{rel}","templated":true}]}}