{"id":48973,"date":"2014-07-18T09:23:55","date_gmt":"2014-07-18T13:23:55","guid":{"rendered":"http:\/\/www.eltrabajo.cl\/portal\/?p=48973"},"modified":"2014-07-18T09:23:55","modified_gmt":"2014-07-18T13:23:55","slug":"recepcionan-provisoriamente-obras-de-asfalto-en-alameda-alessandri","status":"publish","type":"post","link":"https:\/\/eltrabajo.cl\/portal\/recepcionan-provisoriamente-obras-de-asfalto-en-alameda-alessandri\/","title":{"rendered":"Recepcionan provisoriamente obras de asfalto en Alameda Alessandri"},"content":{"rendered":"<figure id=\"attachment_48974\" aria-describedby=\"caption-attachment-48974\" style=\"width: 317px\" class=\"wp-caption alignleft\"><a href=\"https:\/\/i0.wp.com\/www.eltrabajo.cl\/portal\/wp-content\/uploads\/2014\/07\/JORGE-REYES.jpg\"><img data-recalc-dims=\"1\" loading=\"lazy\" decoding=\"async\" class=\" wp-image-48974 \" alt=\"Jorge Reyes, Director de Obras de la Municipalidad de Putaendo.\" src=\"https:\/\/i0.wp.com\/www.eltrabajo.cl\/portal\/wp-content\/uploads\/2014\/07\/JORGE-REYES.jpg?resize=317%2C332\" width=\"317\" height=\"332\" srcset=\"https:\/\/i0.wp.com\/eltrabajo.cl\/portal\/wp-content\/uploads\/2014\/07\/JORGE-REYES.jpg?w=529&amp;ssl=1 529w, https:\/\/i0.wp.com\/eltrabajo.cl\/portal\/wp-content\/uploads\/2014\/07\/JORGE-REYES.jpg?resize=143%2C150&amp;ssl=1 143w, https:\/\/i0.wp.com\/eltrabajo.cl\/portal\/wp-content\/uploads\/2014\/07\/JORGE-REYES.jpg?resize=286%2C300&amp;ssl=1 286w, https:\/\/i0.wp.com\/eltrabajo.cl\/portal\/wp-content\/uploads\/2014\/07\/JORGE-REYES.jpg?resize=400%2C418&amp;ssl=1 400w\" sizes=\"auto, (max-width: 317px) 100vw, 317px\" \/><\/a><figcaption id=\"caption-attachment-48974\" class=\"wp-caption-text\">Jorge Reyes, Director de Obras de la Municipalidad de Putaendo.<\/figcaption><\/figure>\n<p><strong>PUTAENDO<\/strong>.- Durante la ma\u00f1ana de este jueves, la Direcci\u00f3n de Obras de la Municipalidad de Putaendo procedi\u00f3 al acto administrativo en el cual recepcion\u00f3 provisoriamente las obras de asfalto de un tramo de Alameda Alessandri frente a Villa La Florida. Recordemos que el asfalto de ese tramo era un anhelo de los vecinos de Villa La Florida desde hace a lo menos 20 a\u00f1os, por lo que la habilitaci\u00f3n de estas obras fue un hecho muy bien recibido por los vecinos que esperan el asfalto del segundo tramo de Alameda Alessandri.<\/p>\n<p>El director de obras de la Municipalidad de Putaendo, junto al Concejal Luis Sandoval; el Tesorero de la Junta de Vecinos de Villa La Florida, Pascual Silva y Rodrigo Figueroa en representaci\u00f3n de la empresa constructora, procedieron a la inspecci\u00f3n de los trabajos y a la recepci\u00f3n provisoria de los mismos, ya que la Direcci\u00f3n de Obras de la Municipalidad de Putaendo realiz\u00f3 algunas observaciones, principalmente en la uni\u00f3n de este nuevo tramo con el camino que conduce a Cerro El Llano, lo que la empresa deber\u00e1 subsanar.<\/p>\n<p>Jorge Reyes, Director de Obras de la Municipalidad de Putaendo, sostuvo que este tramo de Alameda Alessandri est\u00e1 en condiciones para ser transitado y que las observaciones que realizaron consisten principalmente en garantizar una condici\u00f3n de calidad de ese tramo para el \u00f3ptimo tr\u00e1nsito de veh\u00edculos y con la finalidad que el agua pueda escurrir con normalidad.<\/p>\n<figure id=\"attachment_48975\" aria-describedby=\"caption-attachment-48975\" style=\"width: 317px\" class=\"wp-caption alignright\"><a href=\"https:\/\/i0.wp.com\/www.eltrabajo.cl\/portal\/wp-content\/uploads\/2014\/07\/PASCUAL-SILVA.jpg\"><img data-recalc-dims=\"1\" loading=\"lazy\" decoding=\"async\" class=\" wp-image-48975 \" alt=\"Tesorero de la Junta de Vecinos de Villa La Florida, Pascual Silva.\" src=\"https:\/\/i0.wp.com\/www.eltrabajo.cl\/portal\/wp-content\/uploads\/2014\/07\/PASCUAL-SILVA.jpg?resize=317%2C307\" width=\"317\" height=\"307\" srcset=\"https:\/\/i0.wp.com\/eltrabajo.cl\/portal\/wp-content\/uploads\/2014\/07\/PASCUAL-SILVA.jpg?w=529&amp;ssl=1 529w, https:\/\/i0.wp.com\/eltrabajo.cl\/portal\/wp-content\/uploads\/2014\/07\/PASCUAL-SILVA.jpg?resize=155%2C150&amp;ssl=1 155w, https:\/\/i0.wp.com\/eltrabajo.cl\/portal\/wp-content\/uploads\/2014\/07\/PASCUAL-SILVA.jpg?resize=150%2C144&amp;ssl=1 150w, https:\/\/i0.wp.com\/eltrabajo.cl\/portal\/wp-content\/uploads\/2014\/07\/PASCUAL-SILVA.jpg?resize=400%2C386&amp;ssl=1 400w\" sizes=\"auto, (max-width: 317px) 100vw, 317px\" \/><\/a><figcaption id=\"caption-attachment-48975\" class=\"wp-caption-text\">Tesorero de la Junta de Vecinos de Villa La Florida, Pascual Silva.<\/figcaption><\/figure>\n<p>Reyes aclar\u00f3 que este trabajo se trata de un pavimento simple y esperan que la durabilidad sea la id\u00f3nea, aunque despu\u00e9s de un a\u00f1o cuando se realice la recepci\u00f3n definitiva de los trabajos existe una boleta de garant\u00eda con la finalidad de hacer las mejoras correspondientes.<\/p>\n<p>Para el Tesorero de la Junta de Vecinos de Villa La Florida, Pascual Silva, esto significa un gran paso para el bienestar de los vecinos, ya que el asfalto de ese tramo de Alameda Alessandri era un anhelo que buscaban desde hace 20 a\u00f1os, por lo que al ver concretado el inicio de un proyecto definitivo agradeci\u00f3 el compromiso del Alcalde Guillermo Reyes y del Concejo Municipal de Putaendo, adem\u00e1s el dirigente adelant\u00f3 que con esta obra esperan tener el apoyo para la instalaci\u00f3n de resaltos o lomos de toro en ese tramo para evitar que se convierta en una \u2018pista de carreras\u2019.<\/p>\n<p>Finalmente Silva declar\u00f3 que con esto para los vecinos de Villa La Florida se acab\u00f3 el barro en el invierno y el polvo en suspensi\u00f3n durante el verano, por lo que est\u00e1n felices con el inicio de esta obra de mejoramiento.<\/p>\n<p>Patricio Gallardo M.<\/p>\n<p>&nbsp;<\/p>\n","protected":false},"excerpt":{"rendered":"<p>PUTAENDO.- Durante la ma\u00f1ana de este jueves, la Direcci\u00f3n de Obras de la Municipalidad de Putaendo procedi\u00f3 al acto administrativo en el cual recepcion\u00f3 provisoriamente las obras de asfalto de un tramo&#8230;<\/p>\n","protected":false},"author":482,"featured_media":48974,"comment_status":"open","ping_status":"closed","sticky":false,"template":"","format":"standard","meta":{"advanced_seo_description":"","jetpack_seo_html_title":"","jetpack_seo_noindex":false,"_jetpack_memberships_contains_paid_content":false,"footnotes":""},"categories":[15],"tags":[],"class_list":["post-48973","post","type-post","status-publish","format-standard","has-post-thumbnail","hentry","category-comunidad"],"jetpack_featured_media_url":"https:\/\/i0.wp.com\/eltrabajo.cl\/portal\/wp-content\/uploads\/2014\/07\/JORGE-REYES.jpg?fit=529%2C554&ssl=1","jetpack_sharing_enabled":true,"jetpack_likes_enabled":true,"jetpack-related-posts":[],"_links":{"self":[{"href":"https:\/\/eltrabajo.cl\/portal\/wp-json\/wp\/v2\/posts\/48973","targetHints":{"allow":["GET"]}}],"collection":[{"href":"https:\/\/eltrabajo.cl\/portal\/wp-json\/wp\/v2\/posts"}],"about":[{"href":"https:\/\/eltrabajo.cl\/portal\/wp-json\/wp\/v2\/types\/post"}],"author":[{"embeddable":true,"href":"https:\/\/eltrabajo.cl\/portal\/wp-json\/wp\/v2\/users\/482"}],"replies":[{"embeddable":true,"href":"https:\/\/eltrabajo.cl\/portal\/wp-json\/wp\/v2\/comments?post=48973"}],"version-history":[{"count":0,"href":"https:\/\/eltrabajo.cl\/portal\/wp-json\/wp\/v2\/posts\/48973\/revisions"}],"wp:featuredmedia":[{"embeddable":true,"href":"https:\/\/eltrabajo.cl\/portal\/wp-json\/wp\/v2\/media\/48974"}],"wp:attachment":[{"href":"https:\/\/eltrabajo.cl\/portal\/wp-json\/wp\/v2\/media?parent=48973"}],"wp:term":[{"taxonomy":"category","embeddable":true,"href":"https:\/\/eltrabajo.cl\/portal\/wp-json\/wp\/v2\/categories?post=48973"},{"taxonomy":"post_tag","embeddable":true,"href":"https:\/\/eltrabajo.cl\/portal\/wp-json\/wp\/v2\/tags?post=48973"}],"curies":[{"name":"wp","href":"https:\/\/api.w.org\/{rel}","templated":true}]}}