{"id":48978,"date":"2014-07-18T09:26:15","date_gmt":"2014-07-18T13:26:15","guid":{"rendered":"http:\/\/www.eltrabajo.cl\/portal\/?p=48978"},"modified":"2014-07-18T09:26:15","modified_gmt":"2014-07-18T13:26:15","slug":"este-domingo-se-correra-san-felipe-en-movimiento-2014","status":"publish","type":"post","link":"https:\/\/eltrabajo.cl\/portal\/este-domingo-se-correra-san-felipe-en-movimiento-2014\/","title":{"rendered":"Este domingo se correr\u00e1 \u2018San Felipe en movimiento 2014\u2019"},"content":{"rendered":"<figure id=\"attachment_48979\" aria-describedby=\"caption-attachment-48979\" style=\"width: 529px\" class=\"wp-caption alignnone\"><a href=\"https:\/\/i0.wp.com\/www.eltrabajo.cl\/portal\/wp-content\/uploads\/2014\/07\/Corrida1.jpg\"><img data-recalc-dims=\"1\" loading=\"lazy\" decoding=\"async\" class=\"size-full wp-image-48979\" alt=\"EN SUS MARCAS.- El pr\u00f3ximo domingo 20 de julio a las 10:00 horas, se dar\u00e1 inicio a la actividad deportiva \u2018San Felipe en movimiento\u2019, consistente en una corrida que contempla dos categor\u00edas familiares y dos categor\u00edas competitivas.\" src=\"https:\/\/i0.wp.com\/www.eltrabajo.cl\/portal\/wp-content\/uploads\/2014\/07\/Corrida1.jpg?resize=529%2C438\" width=\"529\" height=\"438\" srcset=\"https:\/\/i0.wp.com\/eltrabajo.cl\/portal\/wp-content\/uploads\/2014\/07\/Corrida1.jpg?w=529&amp;ssl=1 529w, https:\/\/i0.wp.com\/eltrabajo.cl\/portal\/wp-content\/uploads\/2014\/07\/Corrida1.jpg?resize=181%2C150&amp;ssl=1 181w, https:\/\/i0.wp.com\/eltrabajo.cl\/portal\/wp-content\/uploads\/2014\/07\/Corrida1.jpg?resize=300%2C248&amp;ssl=1 300w, https:\/\/i0.wp.com\/eltrabajo.cl\/portal\/wp-content\/uploads\/2014\/07\/Corrida1.jpg?resize=150%2C124&amp;ssl=1 150w, https:\/\/i0.wp.com\/eltrabajo.cl\/portal\/wp-content\/uploads\/2014\/07\/Corrida1.jpg?resize=400%2C331&amp;ssl=1 400w\" sizes=\"auto, (max-width: 529px) 100vw, 529px\" \/><\/a><figcaption id=\"caption-attachment-48979\" class=\"wp-caption-text\">EN SUS MARCAS.- El pr\u00f3ximo domingo 20 de julio a las 10:00 horas, se dar\u00e1 inicio a la actividad deportiva \u2018San Felipe en movimiento\u2019, consistente en una corrida que contempla dos categor\u00edas familiares y dos categor\u00edas competitivas.<\/figcaption><\/figure>\n<p>El pr\u00f3ximo domingo 20 de julio a las 10:00 horas, se dar\u00e1 inicio a la actividad deportiva \u2018San Felipe en movimiento\u2019, consistente en una corrida que contempla dos categor\u00edas familiares y dos categor\u00edas competitivas, organizadas por el Municipio de San Felipe y donde se espera participen una gran cantidad de corredores locales y del resto de las comunas de la provincia y del pa\u00eds.<\/p>\n<p>As\u00ed lo dio a conocer el Coordinador Comunal de Deportes, Danilo Pe\u00f1a, quien se\u00f1al\u00f3 que \u00abse trata de una actividad que estamos esperando hace bastante tiempo, es una corrida familiar y tambi\u00e9n competitiva, ante la cual hemos recibido bastante inter\u00e9s por parte de los participantes, hay personas que han confirmado su presencia desde Santiago, de la Quinta Regi\u00f3n y de otras comunas del Valle de Aconcagua, por lo que esperamos una gran afluencia de p\u00fablico. La actividad considera cuatro distancias en dos categor\u00edas espec\u00edficas, de 1,5 y 3 kil\u00f3metros la categor\u00eda familiar y de 5 y 10 kil\u00f3metros la categor\u00eda competitiva.<\/p>\n<p>Cabe mencionar que el recorrido contempla la circulaci\u00f3n tanto por el radio urbano, como por \u00e1reas rurales, por calles de Villa Bernardo Cruz, luego hacia el camino Los Molles para continuar hacia el sector de La Troya, de tal manera que frente al Club de Tenis San Felipe se har\u00e1 el giro de los 10 kil\u00f3metros\u00bb, manifest\u00f3 Pe\u00f1a.<\/p>\n<p>La largada de la corrida ser\u00e1 en la esquina de Avenida Maip\u00fa con Avenida Chacabuco, entre la p\u00e9rgola y los juegos infantiles, en donde se dispondr\u00e1 de un escenario para dar realce al inicio de la actividad. Igualmente y en paralelo, se realizar\u00e1 el ya conocido baile entretenido zumba, para aquellos que no deseen participar en la corrida.<\/p>\n<p>Por su parte la Coordinadora del Programa de Promoci\u00f3n Comunal de la Salud, Loreto Olgu\u00edn, indic\u00f3 que \u00abya se encuentra todo coordinado, vamos a tener dos param\u00e9dicos del Cesfam Segismundo Iturra, un param\u00e9dico del Cesfam El Real orientado para la atenci\u00f3n de los corredores, ambulancia y Carabineros con un contingente especialmente dispuesto para el evento. Queremos dejarlos invitados a esta gran corrida familiar \u2018San Felipe en movimiento\u2019 e incentivar a las familias del valle para que participen en esta actividad\u00bb, se\u00f1al\u00f3 Olgu\u00edn.<\/p>\n<p>Consultado Pe\u00f1a sobre las recomendaciones para los interesados en participar, este manifest\u00f3 que \u00abcomo organizadores, cada vez que un participante firma la ficha de inscripci\u00f3n, asumimos que estos est\u00e1n en condiciones f\u00edsicas y sicol\u00f3gicas para desenvolverse sin problemas durante la corrida en sus diferentes categor\u00edas, por lo cual el llamado es a ser muy responsables respecto de inscribirse en las distancias en las cuales se sientan realmente c\u00f3modos, dejando en claro que la actividad organizada permite a los asistentes competir fuertemente o simplemente participar como parte de una rutina cotidiana de ejercicio. De la misma manera, se han tomado todas las precauciones de tr\u00e1nsito durante la corrida para evitar problemas en este sentido, partiendo el circuito por el bandej\u00f3n central de Alameda Chacabuco, luego Toro Mazote al norte hasta Avenida Santa Teresa, luego Yungay para llegar al sector de Costanera en Villa Bernardo Cruz, y en el caso de los 5 kil\u00f3metros dar el giro en Avenida Uno, mientras que los 10 kil\u00f3metros dan la vuelta por Los Molles hasta La Troya, como ya lo comentamos. Mucha hidrataci\u00f3n, antes, durante y despu\u00e9s, un buen desayuno a lo menos 1,5 horas antes de la corrida, son concejos que cualquier deportista debe considerar para evitar fatigas u otro problema de salud\u00bb, indic\u00f3 Pe\u00f1a.<\/p>\n<p>Finalmente y como parte de la l\u00ednea de acci\u00f3n que ha impulsado el Alcalde Patricio Freire, que es la de construir una comuna con todos y para todos, los organizadores indicaron que en esta versi\u00f3n se ha considerado una categor\u00eda orientada a personas con capacidades diferentes, donde ya se ha confirmado la participaci\u00f3n de un corredor no vidente proveniente de la capital, qui\u00e9n se unir\u00e1 al resto de los corredores, por lo cual se invita a todos los vecinos y vecinas a participar.<\/p>\n<div class=\"tiled-gallery type-rectangular tiled-gallery-unresized\" data-original-width=\"640\" data-carousel-extra='null' itemscope itemtype=\"http:\/\/schema.org\/ImageGallery\" > <div class=\"gallery-row\" style=\"width: 640px; height: 318px;\" data-original-width=\"640\" data-original-height=\"318\" > <div class=\"gallery-group images-1\" style=\"width: 337px; height: 318px;\" data-original-width=\"337\" data-original-height=\"318\" > <div class=\"tiled-gallery-item tiled-gallery-item-large\" itemprop=\"associatedMedia\" itemscope itemtype=\"http:\/\/schema.org\/ImageObject\"> <a href=\"https:\/\/eltrabajo.cl\/portal\/este-domingo-se-correra-san-felipe-en-movimiento-2014\/danilo1\/\" border=\"0\" itemprop=\"url\"> <meta itemprop=\"width\" content=\"333\"> <meta itemprop=\"height\" content=\"314\"> <img decoding=\"async\" class=\"\" data-attachment-id=\"48980\" data-orig-file=\"https:\/\/eltrabajo.cl\/portal\/wp-content\/uploads\/2014\/07\/Danilo1.jpg\" data-orig-size=\"529,499\" data-comments-opened=\"1\" data-image-meta=\"{&quot;aperture&quot;:&quot;0&quot;,&quot;credit&quot;:&quot;&quot;,&quot;camera&quot;:&quot;&quot;,&quot;caption&quot;:&quot;&quot;,&quot;created_timestamp&quot;:&quot;0&quot;,&quot;copyright&quot;:&quot;&quot;,&quot;focal_length&quot;:&quot;0&quot;,&quot;iso&quot;:&quot;0&quot;,&quot;shutter_speed&quot;:&quot;0&quot;,&quot;title&quot;:&quot;&quot;}\" data-image-title=\"Danilo1\" data-image-description=\"&lt;p&gt;Coordinador Comunal de Deportes, Danilo Pe\u00f1a.&lt;\/p&gt; \" data-medium-file=\"https:\/\/i0.wp.com\/eltrabajo.cl\/portal\/wp-content\/uploads\/2014\/07\/Danilo1.jpg?fit=300%2C282&#038;ssl=1\" data-large-file=\"https:\/\/i0.wp.com\/eltrabajo.cl\/portal\/wp-content\/uploads\/2014\/07\/Danilo1.jpg?fit=529%2C499&#038;ssl=1\" src=\"https:\/\/i0.wp.com\/eltrabajo.cl\/portal\/wp-content\/uploads\/2014\/07\/Danilo1.jpg?w=333&#038;h=314&#038;ssl=1\" srcset=\"https:\/\/i0.wp.com\/eltrabajo.cl\/portal\/wp-content\/uploads\/2014\/07\/Danilo1.jpg?w=529&amp;ssl=1 529w, https:\/\/i0.wp.com\/eltrabajo.cl\/portal\/wp-content\/uploads\/2014\/07\/Danilo1.jpg?resize=159%2C150&amp;ssl=1 159w, https:\/\/i0.wp.com\/eltrabajo.cl\/portal\/wp-content\/uploads\/2014\/07\/Danilo1.jpg?resize=300%2C282&amp;ssl=1 300w, https:\/\/i0.wp.com\/eltrabajo.cl\/portal\/wp-content\/uploads\/2014\/07\/Danilo1.jpg?resize=150%2C141&amp;ssl=1 150w, https:\/\/i0.wp.com\/eltrabajo.cl\/portal\/wp-content\/uploads\/2014\/07\/Danilo1.jpg?resize=400%2C377&amp;ssl=1 400w\" width=\"333\" height=\"314\" loading=\"lazy\" data-original-width=\"333\" data-original-height=\"314\" itemprop=\"http:\/\/schema.org\/image\" title=\"Danilo1\" alt=\"Coordinador Comunal de Deportes, Danilo Pe\u00f1a.\" style=\"width: 333px; height: 314px;\" \/> <\/a> <div class=\"tiled-gallery-caption\" itemprop=\"caption description\"> Coordinador Comunal de Deportes, Danilo Pe\u00f1a. <\/div> <\/div> <\/div> <!-- close group --> <div class=\"gallery-group images-1\" style=\"width: 303px; height: 318px;\" data-original-width=\"303\" data-original-height=\"318\" > <div class=\"tiled-gallery-item tiled-gallery-item-large\" itemprop=\"associatedMedia\" itemscope itemtype=\"http:\/\/schema.org\/ImageObject\"> <a href=\"https:\/\/eltrabajo.cl\/portal\/este-domingo-se-correra-san-felipe-en-movimiento-2014\/loreto-olguin\/\" border=\"0\" itemprop=\"url\"> <meta itemprop=\"width\" content=\"299\"> <meta itemprop=\"height\" content=\"314\"> <img decoding=\"async\" class=\"\" data-attachment-id=\"48981\" data-orig-file=\"https:\/\/eltrabajo.cl\/portal\/wp-content\/uploads\/2014\/07\/Loreto-Olguin.jpg\" data-orig-size=\"529,555\" data-comments-opened=\"1\" data-image-meta=\"{&quot;aperture&quot;:&quot;0&quot;,&quot;credit&quot;:&quot;&quot;,&quot;camera&quot;:&quot;&quot;,&quot;caption&quot;:&quot;&quot;,&quot;created_timestamp&quot;:&quot;0&quot;,&quot;copyright&quot;:&quot;&quot;,&quot;focal_length&quot;:&quot;0&quot;,&quot;iso&quot;:&quot;0&quot;,&quot;shutter_speed&quot;:&quot;0&quot;,&quot;title&quot;:&quot;&quot;}\" data-image-title=\"Loreto Olguin\" data-image-description=\"&lt;p&gt;Coordinadora del Programa de Promoci\u00f3n Comunal de la Salud, Loreto Olgu\u00edn.&lt;\/p&gt; \" data-medium-file=\"https:\/\/i0.wp.com\/eltrabajo.cl\/portal\/wp-content\/uploads\/2014\/07\/Loreto-Olguin.jpg?fit=285%2C300&#038;ssl=1\" data-large-file=\"https:\/\/i0.wp.com\/eltrabajo.cl\/portal\/wp-content\/uploads\/2014\/07\/Loreto-Olguin.jpg?fit=529%2C555&#038;ssl=1\" src=\"https:\/\/i0.wp.com\/eltrabajo.cl\/portal\/wp-content\/uploads\/2014\/07\/Loreto-Olguin.jpg?w=299&#038;h=314&#038;ssl=1\" srcset=\"https:\/\/i0.wp.com\/eltrabajo.cl\/portal\/wp-content\/uploads\/2014\/07\/Loreto-Olguin.jpg?w=529&amp;ssl=1 529w, https:\/\/i0.wp.com\/eltrabajo.cl\/portal\/wp-content\/uploads\/2014\/07\/Loreto-Olguin.jpg?resize=142%2C150&amp;ssl=1 142w, https:\/\/i0.wp.com\/eltrabajo.cl\/portal\/wp-content\/uploads\/2014\/07\/Loreto-Olguin.jpg?resize=285%2C300&amp;ssl=1 285w, https:\/\/i0.wp.com\/eltrabajo.cl\/portal\/wp-content\/uploads\/2014\/07\/Loreto-Olguin.jpg?resize=400%2C419&amp;ssl=1 400w\" width=\"299\" height=\"314\" loading=\"lazy\" data-original-width=\"299\" data-original-height=\"314\" itemprop=\"http:\/\/schema.org\/image\" title=\"Loreto Olguin\" alt=\"Coordinadora del Programa de Promoci\u00f3n Comunal de la Salud, Loreto Olgu\u00edn.\" style=\"width: 299px; height: 314px;\" \/> <\/a> <div class=\"tiled-gallery-caption\" itemprop=\"caption description\"> Coordinadora del Programa de Promoci\u00f3n Comunal de la Salud, Loreto Olgu\u00edn. <\/div> <\/div> <\/div> <!-- close group --> <\/div> <!-- close row --> <\/div>\n","protected":false},"excerpt":{"rendered":"<p>El pr\u00f3ximo domingo 20 de julio a las 10:00 horas, se dar\u00e1 inicio a la actividad deportiva \u2018San Felipe en movimiento\u2019, consistente en una corrida que contempla dos categor\u00edas familiares y dos&#8230;<\/p>\n","protected":false},"author":482,"featured_media":48979,"comment_status":"open","ping_status":"closed","sticky":false,"template":"","format":"standard","meta":{"advanced_seo_description":"","jetpack_seo_html_title":"","jetpack_seo_noindex":false,"_jetpack_memberships_contains_paid_content":false,"footnotes":""},"categories":[15],"tags":[],"class_list":["post-48978","post","type-post","status-publish","format-standard","has-post-thumbnail","hentry","category-comunidad"],"jetpack_featured_media_url":"https:\/\/i0.wp.com\/eltrabajo.cl\/portal\/wp-content\/uploads\/2014\/07\/Corrida1.jpg?fit=529%2C438&ssl=1","jetpack_sharing_enabled":true,"jetpack_likes_enabled":true,"jetpack-related-posts":[],"_links":{"self":[{"href":"https:\/\/eltrabajo.cl\/portal\/wp-json\/wp\/v2\/posts\/48978","targetHints":{"allow":["GET"]}}],"collection":[{"href":"https:\/\/eltrabajo.cl\/portal\/wp-json\/wp\/v2\/posts"}],"about":[{"href":"https:\/\/eltrabajo.cl\/portal\/wp-json\/wp\/v2\/types\/post"}],"author":[{"embeddable":true,"href":"https:\/\/eltrabajo.cl\/portal\/wp-json\/wp\/v2\/users\/482"}],"replies":[{"embeddable":true,"href":"https:\/\/eltrabajo.cl\/portal\/wp-json\/wp\/v2\/comments?post=48978"}],"version-history":[{"count":0,"href":"https:\/\/eltrabajo.cl\/portal\/wp-json\/wp\/v2\/posts\/48978\/revisions"}],"wp:featuredmedia":[{"embeddable":true,"href":"https:\/\/eltrabajo.cl\/portal\/wp-json\/wp\/v2\/media\/48979"}],"wp:attachment":[{"href":"https:\/\/eltrabajo.cl\/portal\/wp-json\/wp\/v2\/media?parent=48978"}],"wp:term":[{"taxonomy":"category","embeddable":true,"href":"https:\/\/eltrabajo.cl\/portal\/wp-json\/wp\/v2\/categories?post=48978"},{"taxonomy":"post_tag","embeddable":true,"href":"https:\/\/eltrabajo.cl\/portal\/wp-json\/wp\/v2\/tags?post=48978"}],"curies":[{"name":"wp","href":"https:\/\/api.w.org\/{rel}","templated":true}]}}