{"id":48993,"date":"2014-07-18T09:31:42","date_gmt":"2014-07-18T13:31:42","guid":{"rendered":"http:\/\/www.eltrabajo.cl\/portal\/?p=48993"},"modified":"2014-07-18T09:31:42","modified_gmt":"2014-07-18T13:31:42","slug":"abuelito-desaparecido-fue-hallado-muerto-en-el-patio-de-su-casa","status":"publish","type":"post","link":"https:\/\/eltrabajo.cl\/portal\/abuelito-desaparecido-fue-hallado-muerto-en-el-patio-de-su-casa\/","title":{"rendered":"Abuelito desaparecido fue hallado muerto en el patio de su casa"},"content":{"rendered":"<figure id=\"attachment_48994\" aria-describedby=\"caption-attachment-48994\" style=\"width: 529px\" class=\"wp-caption alignnone\"><a href=\"https:\/\/i0.wp.com\/www.eltrabajo.cl\/portal\/wp-content\/uploads\/2014\/07\/muerte-natural.jpg\"><img data-recalc-dims=\"1\" loading=\"lazy\" decoding=\"async\" class=\"size-full wp-image-48994\" alt=\"Gilberto Segundo Cruz Sep\u00falveda ten\u00eda 76 a\u00f1os de edad y viv\u00eda solo en Calle Hermanos Sarmiento de Poblaci\u00f3n San Felipe.\" src=\"https:\/\/i0.wp.com\/www.eltrabajo.cl\/portal\/wp-content\/uploads\/2014\/07\/muerte-natural.jpg?resize=529%2C347\" width=\"529\" height=\"347\" srcset=\"https:\/\/i0.wp.com\/eltrabajo.cl\/portal\/wp-content\/uploads\/2014\/07\/muerte-natural.jpg?w=529&amp;ssl=1 529w, https:\/\/i0.wp.com\/eltrabajo.cl\/portal\/wp-content\/uploads\/2014\/07\/muerte-natural.jpg?resize=200%2C131&amp;ssl=1 200w, https:\/\/i0.wp.com\/eltrabajo.cl\/portal\/wp-content\/uploads\/2014\/07\/muerte-natural.jpg?resize=300%2C196&amp;ssl=1 300w, https:\/\/i0.wp.com\/eltrabajo.cl\/portal\/wp-content\/uploads\/2014\/07\/muerte-natural.jpg?resize=150%2C98&amp;ssl=1 150w, https:\/\/i0.wp.com\/eltrabajo.cl\/portal\/wp-content\/uploads\/2014\/07\/muerte-natural.jpg?resize=400%2C262&amp;ssl=1 400w\" sizes=\"auto, (max-width: 529px) 100vw, 529px\" \/><\/a><figcaption id=\"caption-attachment-48994\" class=\"wp-caption-text\">Gilberto Segundo Cruz Sep\u00falveda ten\u00eda 76 a\u00f1os de edad y viv\u00eda solo en Calle Hermanos Sarmiento de Poblaci\u00f3n San Felipe.<\/figcaption><\/figure>\n<p>Don Gilberto Segundo Cruz Sep\u00falveda ten\u00eda 76 a\u00f1os de edad y viv\u00eda solo en Calle Hermanos Sarmiento de Poblaci\u00f3n San Felipe, pese a su avanzada edad se desempe\u00f1aba como guardia de seguridad en Molino El Puente de esta comuna, pero desde el lunes no se hab\u00eda presentado a su lugar de trabajo.<\/p>\n<p>Esto llam\u00f3 la atenci\u00f3n de su hija Jovita, quien estuvo tratando de ubicarlo desde ese lluvioso d\u00eda sin poder lograr encontrarlo en su casa ni en su trabajo. A la ma\u00f1ana siguiente volvi\u00f3 hasta el domicilio llam\u00e1ndolo reiteradas ocasiones a su tel\u00e9fono celular, sin lograr respuesta de su paradero, observando que la casa estaba completamente con llave, sus vecinos no lo hab\u00edan visto y en su trabajo no hab\u00edan rastros de su presencia.<\/p>\n<p><strong>\u00a0ESTABA TENDIDO\u00a0EN MEDIO del PATIO<\/strong><\/p>\n<p>En su desesperaci\u00f3n pidi\u00f3 permiso a la casa colindante para que su hijo de trece a\u00f1os pudiera acceder a ella por el patio a eso de las 14:20 horas del pasado mi\u00e9rcoles, cuando el ni\u00f1o observ\u00f3 que su abuelito estaba tendido de espalda a un costado de un \u00e1rbol completamente mojado y cubierto de barro.<\/p>\n<p>Luego de poder ingresar hasta la vivienda, Jovita junto a su esposo lo trasladaron hasta su cama comprobando que no reaccionaba, por lo que procedieron a llamar a Carabineros para denunciar el hecho junto con el personal del Samu que constat\u00f3 la muerte en el lugar de Gilberto Cruz.<\/p>\n<p>Por orden del Fiscal de Turno debi\u00f3 concurrir la Brigada de Homicidios de la Polic\u00eda de Investigaciones de Los Andes, indicando que se tratar\u00eda de una muerte natural a consecuencia de un paro cardio-respiratorio, as\u00ed lo inform\u00f3 a Diario El Trabajo el Subcomisario Carlos Alegr\u00eda.<\/p>\n<p>\u201cSe hace el trabajo en el sitio del suceso, conforme al estudio externo del cuerpo no hay lesiones atribuibles a terceras personas y fue derivado hasta el Servicio M\u00e9dico Legal para la autopsia respectiva, quienes van a otorgar la causa precisa y la fecha del fallecimiento, el cuerpo fue encontrado en el patio del domicilio a consecuencia de un paro cardio-respiratorio\u201d.<\/p>\n<p>Pablo Salinas Sald\u00edas<\/p>\n","protected":false},"excerpt":{"rendered":"<p>Don Gilberto Segundo Cruz Sep\u00falveda ten\u00eda 76 a\u00f1os de edad y viv\u00eda solo en Calle Hermanos Sarmiento de Poblaci\u00f3n San Felipe, pese a su avanzada edad se desempe\u00f1aba como guardia de seguridad&#8230;<\/p>\n","protected":false},"author":482,"featured_media":48994,"comment_status":"open","ping_status":"closed","sticky":false,"template":"","format":"standard","meta":{"advanced_seo_description":"","jetpack_seo_html_title":"","jetpack_seo_noindex":false,"_jetpack_memberships_contains_paid_content":false,"footnotes":""},"categories":[21],"tags":[],"class_list":["post-48993","post","type-post","status-publish","format-standard","has-post-thumbnail","hentry","category-policial"],"jetpack_featured_media_url":"https:\/\/i0.wp.com\/eltrabajo.cl\/portal\/wp-content\/uploads\/2014\/07\/muerte-natural.jpg?fit=529%2C347&ssl=1","jetpack_sharing_enabled":true,"jetpack_likes_enabled":true,"jetpack-related-posts":[],"_links":{"self":[{"href":"https:\/\/eltrabajo.cl\/portal\/wp-json\/wp\/v2\/posts\/48993","targetHints":{"allow":["GET"]}}],"collection":[{"href":"https:\/\/eltrabajo.cl\/portal\/wp-json\/wp\/v2\/posts"}],"about":[{"href":"https:\/\/eltrabajo.cl\/portal\/wp-json\/wp\/v2\/types\/post"}],"author":[{"embeddable":true,"href":"https:\/\/eltrabajo.cl\/portal\/wp-json\/wp\/v2\/users\/482"}],"replies":[{"embeddable":true,"href":"https:\/\/eltrabajo.cl\/portal\/wp-json\/wp\/v2\/comments?post=48993"}],"version-history":[{"count":0,"href":"https:\/\/eltrabajo.cl\/portal\/wp-json\/wp\/v2\/posts\/48993\/revisions"}],"wp:featuredmedia":[{"embeddable":true,"href":"https:\/\/eltrabajo.cl\/portal\/wp-json\/wp\/v2\/media\/48994"}],"wp:attachment":[{"href":"https:\/\/eltrabajo.cl\/portal\/wp-json\/wp\/v2\/media?parent=48993"}],"wp:term":[{"taxonomy":"category","embeddable":true,"href":"https:\/\/eltrabajo.cl\/portal\/wp-json\/wp\/v2\/categories?post=48993"},{"taxonomy":"post_tag","embeddable":true,"href":"https:\/\/eltrabajo.cl\/portal\/wp-json\/wp\/v2\/tags?post=48993"}],"curies":[{"name":"wp","href":"https:\/\/api.w.org\/{rel}","templated":true}]}}