{"id":49007,"date":"2014-07-21T11:39:09","date_gmt":"2014-07-21T15:39:09","guid":{"rendered":"http:\/\/www.eltrabajo.cl\/portal\/?p=49007"},"modified":"2014-07-21T11:39:09","modified_gmt":"2014-07-21T15:39:09","slug":"intensifican-controles-en-las-minillas-por-carreras-clandestinas","status":"publish","type":"post","link":"https:\/\/eltrabajo.cl\/portal\/intensifican-controles-en-las-minillas-por-carreras-clandestinas\/","title":{"rendered":"Intensifican controles en Las Minillas por carreras clandestinas"},"content":{"rendered":"<figure id=\"attachment_49008\" aria-describedby=\"caption-attachment-49008\" style=\"width: 529px\" class=\"wp-caption alignnone\"><a href=\"https:\/\/i0.wp.com\/www.eltrabajo.cl\/portal\/wp-content\/uploads\/2014\/07\/Carreras1.jpg\"><img data-recalc-dims=\"1\" loading=\"lazy\" decoding=\"async\" class=\"size-full wp-image-49008\" alt=\"En la instancia personal policial se entrevist\u00f3 con ganaderos y vecinos del sector quienes a su vez le manifestaron su molestia con esta situaci\u00f3n pues perturba la tranquilidad del sector.\" src=\"https:\/\/i0.wp.com\/www.eltrabajo.cl\/portal\/wp-content\/uploads\/2014\/07\/Carreras1.jpg?resize=529%2C358\" width=\"529\" height=\"358\" srcset=\"https:\/\/i0.wp.com\/eltrabajo.cl\/portal\/wp-content\/uploads\/2014\/07\/Carreras1.jpg?w=529&amp;ssl=1 529w, https:\/\/i0.wp.com\/eltrabajo.cl\/portal\/wp-content\/uploads\/2014\/07\/Carreras1.jpg?resize=200%2C135&amp;ssl=1 200w, https:\/\/i0.wp.com\/eltrabajo.cl\/portal\/wp-content\/uploads\/2014\/07\/Carreras1.jpg?resize=300%2C203&amp;ssl=1 300w, https:\/\/i0.wp.com\/eltrabajo.cl\/portal\/wp-content\/uploads\/2014\/07\/Carreras1.jpg?resize=150%2C101&amp;ssl=1 150w, https:\/\/i0.wp.com\/eltrabajo.cl\/portal\/wp-content\/uploads\/2014\/07\/Carreras1.jpg?resize=400%2C270&amp;ssl=1 400w\" sizes=\"auto, (max-width: 529px) 100vw, 529px\" \/><\/a><figcaption id=\"caption-attachment-49008\" class=\"wp-caption-text\">En la instancia personal policial se entrevist\u00f3 con ganaderos y vecinos del sector quienes a su vez le manifestaron su molestia con esta situaci\u00f3n pues perturba la tranquilidad del sector.<\/figcaption><\/figure>\n<p><strong>PUTAENDO.<\/strong>&#8211; Bastante preocupaci\u00f3n existe en Carabineros luego que nuevamente se registraran carreras clandestinas en el sector Las Minillas, por lo que debido a los reclamos de vecinos se intensificar\u00e1n los controles vehiculares en esa zona.<\/p>\n<p>Durante la madrugada del s\u00e1bado, una importante cantidad de veh\u00edculos se traslad\u00f3 hasta el sector Las Minillas, pasado El Tuq\u00faquere, donde se desarrollaron las carreras, lo que gener\u00f3 varios inconvenientes a los vecinos del sector como ruidos molestos y la gran cantidad de botellas de licor y basura que las personas que participan de estas carreras dejan en el lugar.<\/p>\n<p>Por esta raz\u00f3n durante la ma\u00f1ana, el Jefe del Ret\u00e9n de Carabineros de Guzmanes, Suboficial Mayor Luis Campos Garay, recorri\u00f3 el sector y comprob\u00f3 la gran cantidad de basura, botellas de licor y bolsas que hab\u00eda en el lugar, adem\u00e1s constataron cortes de alambrado y destrucci\u00f3n de cierres perimetrales.<\/p>\n<p>En la instancia personal policial se entrevist\u00f3 con ganaderos y vecinos del sector quienes a su vez le manifestaron su molestia con esta situaci\u00f3n pues perturba la tranquilidad del sector.<\/p>\n<p>En este sentido el Suboficial Garay sostuvo que aumentar\u00e1n los controles vehiculares e indic\u00f3 que personal policial se traslad\u00f3 hasta el sector Las Minillas durante el d\u00eda s\u00e1bado y logr\u00f3 cursar cerca de ocho infracciones de tr\u00e1nsito a algunas personas que no alcanzaron a huir de la presencia policial, ya que el personal de Carabineros debe actuar con bastante cuidado pues los conductores de los veh\u00edculos que participan de las carreras, al parecer, seg\u00fan relat\u00f3 el oficial policial, esperan una persecuci\u00f3n para aumentar peligrosamente las velocidades y eso podr\u00eda derivar en un grave accidente de tr\u00e1nsito, a lo que se suma el hecho que algunos conductores incluso bajan la cuesta Las Minillas compitiendo entre si y ocupando ambas pistas, por lo que Carabineros se mostr\u00f3 preocupado por esta situaci\u00f3n que esperan erradicar, pero que en gran medida depende de la responsabilidad de quienes est\u00e1n concurriendo a esos sectores a realizar carreras.<\/p>\n<p>Patricio Gallardo M.<\/p>\n<p>&nbsp;<\/p>\n","protected":false},"excerpt":{"rendered":"<p>PUTAENDO.&#8211; Bastante preocupaci\u00f3n existe en Carabineros luego que nuevamente se registraran carreras clandestinas en el sector Las Minillas, por lo que debido a los reclamos de vecinos se intensificar\u00e1n los controles vehiculares&#8230;<\/p>\n","protected":false},"author":482,"featured_media":49008,"comment_status":"open","ping_status":"closed","sticky":false,"template":"","format":"standard","meta":{"advanced_seo_description":"","jetpack_seo_html_title":"","jetpack_seo_noindex":false,"_jetpack_memberships_contains_paid_content":false,"footnotes":""},"categories":[15],"tags":[],"class_list":["post-49007","post","type-post","status-publish","format-standard","has-post-thumbnail","hentry","category-comunidad"],"jetpack_featured_media_url":"https:\/\/i0.wp.com\/eltrabajo.cl\/portal\/wp-content\/uploads\/2014\/07\/Carreras1.jpg?fit=529%2C358&ssl=1","jetpack_sharing_enabled":true,"jetpack_likes_enabled":true,"jetpack-related-posts":[],"_links":{"self":[{"href":"https:\/\/eltrabajo.cl\/portal\/wp-json\/wp\/v2\/posts\/49007","targetHints":{"allow":["GET"]}}],"collection":[{"href":"https:\/\/eltrabajo.cl\/portal\/wp-json\/wp\/v2\/posts"}],"about":[{"href":"https:\/\/eltrabajo.cl\/portal\/wp-json\/wp\/v2\/types\/post"}],"author":[{"embeddable":true,"href":"https:\/\/eltrabajo.cl\/portal\/wp-json\/wp\/v2\/users\/482"}],"replies":[{"embeddable":true,"href":"https:\/\/eltrabajo.cl\/portal\/wp-json\/wp\/v2\/comments?post=49007"}],"version-history":[{"count":0,"href":"https:\/\/eltrabajo.cl\/portal\/wp-json\/wp\/v2\/posts\/49007\/revisions"}],"wp:featuredmedia":[{"embeddable":true,"href":"https:\/\/eltrabajo.cl\/portal\/wp-json\/wp\/v2\/media\/49008"}],"wp:attachment":[{"href":"https:\/\/eltrabajo.cl\/portal\/wp-json\/wp\/v2\/media?parent=49007"}],"wp:term":[{"taxonomy":"category","embeddable":true,"href":"https:\/\/eltrabajo.cl\/portal\/wp-json\/wp\/v2\/categories?post=49007"},{"taxonomy":"post_tag","embeddable":true,"href":"https:\/\/eltrabajo.cl\/portal\/wp-json\/wp\/v2\/tags?post=49007"}],"curies":[{"name":"wp","href":"https:\/\/api.w.org\/{rel}","templated":true}]}}