{"id":49010,"date":"2014-07-21T11:40:15","date_gmt":"2014-07-21T15:40:15","guid":{"rendered":"http:\/\/www.eltrabajo.cl\/portal\/?p=49010"},"modified":"2014-07-21T11:40:46","modified_gmt":"2014-07-21T15:40:46","slug":"dirigentes-de-clubes-del-adulto-mayor-en-capacitacion-del-senama","status":"publish","type":"post","link":"https:\/\/eltrabajo.cl\/portal\/dirigentes-de-clubes-del-adulto-mayor-en-capacitacion-del-senama\/","title":{"rendered":"Dirigentes de clubes del Adulto Mayor en Capacitaci\u00f3n del Senama"},"content":{"rendered":"<figure id=\"attachment_49011\" aria-describedby=\"caption-attachment-49011\" style=\"width: 529px\" class=\"wp-caption alignnone\"><a href=\"https:\/\/i0.wp.com\/www.eltrabajo.cl\/portal\/wp-content\/uploads\/2014\/07\/Adultos2.jpg\"><img data-recalc-dims=\"1\" loading=\"lazy\" decoding=\"async\" class=\"size-full wp-image-49011\" alt=\"En la Provincia de San Felipe  se inici\u00f3 el proceso de capacitaci\u00f3n para  80 dirigentes de clubes del Adulto Mayor, a trav\u00e9s del Programa Escuela para Dirigentes del Senama.\" src=\"https:\/\/i0.wp.com\/www.eltrabajo.cl\/portal\/wp-content\/uploads\/2014\/07\/Adultos2.jpg?resize=529%2C286\" width=\"529\" height=\"286\" srcset=\"https:\/\/i0.wp.com\/eltrabajo.cl\/portal\/wp-content\/uploads\/2014\/07\/Adultos2.jpg?w=529&amp;ssl=1 529w, https:\/\/i0.wp.com\/eltrabajo.cl\/portal\/wp-content\/uploads\/2014\/07\/Adultos2.jpg?resize=200%2C108&amp;ssl=1 200w, https:\/\/i0.wp.com\/eltrabajo.cl\/portal\/wp-content\/uploads\/2014\/07\/Adultos2.jpg?resize=300%2C162&amp;ssl=1 300w, https:\/\/i0.wp.com\/eltrabajo.cl\/portal\/wp-content\/uploads\/2014\/07\/Adultos2.jpg?resize=150%2C81&amp;ssl=1 150w, https:\/\/i0.wp.com\/eltrabajo.cl\/portal\/wp-content\/uploads\/2014\/07\/Adultos2.jpg?resize=400%2C216&amp;ssl=1 400w\" sizes=\"auto, (max-width: 529px) 100vw, 529px\" \/><\/a><figcaption id=\"caption-attachment-49011\" class=\"wp-caption-text\">En la Provincia de San Felipe se inici\u00f3 el proceso de capacitaci\u00f3n para 80 dirigentes de clubes del Adulto Mayor, a trav\u00e9s del Programa Escuela para Dirigentes del Senama.<\/figcaption><\/figure>\n<p>En la Provincia de San Felipe se inici\u00f3 el proceso de capacitaci\u00f3n para 80 dirigentes de clubes del Adulto Mayor, a trav\u00e9s del Programa Escuela para Dirigentes del Senama. Este programa dependiente del Servicio Nacional del Adulto Mayor, forma a l\u00edderes mayores y desarrolla las competencias de los dirigentes, as\u00ed como el acceso a la informaci\u00f3n de la oferta p\u00fablica nacional y regional, posibilitando as\u00ed la inclusi\u00f3n y participaci\u00f3n activa de este grupo etario.<\/p>\n<p>Como parte de este programa est\u00e1n los consejos asesores regionales del Adulto Mayor, que entre sus tareas esta el apoyar el dise\u00f1o, desarrollo y producci\u00f3n de las asambleas, desarrollar acciones de control ciudadanas y convocar a las asambleas ordinarias y generales para abordar temas que afectan positiva o negativamente en la vida de las personas mayores.<\/p>\n<p>El Gobernador Eduardo Le\u00f3n destac\u00f3 los principales aspectos de la pol\u00edtica p\u00fablica que desarrolla el gobierno en beneficio de la tercera edad y en materia de salud, particularmente en la prevenci\u00f3n de enfermedades cr\u00f3nicas no transmisibles. \u00abEn materia de pensiones, en la medida que se apruebe la reforma tributaria ser\u00e1 posible avanzar en modificaciones tanto en el monto de las pensiones como en la cobertura del Sistema de Pensiones Solidarias\u00bb.<\/p>\n<p>Con relaci\u00f3n a los adultos mayores de alta dependencia en situaci\u00f3n de abandono, se establecer\u00e1 una red p\u00fablica de establecimientos con un sistema de atenci\u00f3n que integre las prestaciones del sistema de pensiones y del sistema de salud p\u00fablico, junto con los dem\u00e1s cuidados necesarios. \u00abSe pondr\u00e1n en funcionamiento 15 establecimientos, uno en cada regi\u00f3n, con el objeto de contar con una oferta p\u00fablica asegurada y establecer el est\u00e1ndar de atenci\u00f3n para esta poblaci\u00f3n\u00bb, dijo la autoridad provincial.<\/p>\n<p>En cuanto al Bono de Invierno, el gobernador inform\u00f3 que en San Felipe 5.965 adultos mayores recibieron este beneficio. La primera jornada se llev\u00f3 a cabo en San Felipe y cont\u00f3 con la presencia del Gobernador Eduardo Le\u00f3n, encargado nacional del Programa buen trato del Adulto Mayor, los alcaldes Patricio Freire y Claudio Zurita de San Felipe y Santa Mar\u00eda respectivamente y el Encargado Regional de Programas de Senama, Sergio Jara.<\/p>\n<p>&nbsp;<\/p>\n","protected":false},"excerpt":{"rendered":"<p>En la Provincia de San Felipe se inici\u00f3 el proceso de capacitaci\u00f3n para 80 dirigentes de clubes del Adulto Mayor, a trav\u00e9s del Programa Escuela para Dirigentes del Senama. Este programa dependiente&#8230;<\/p>\n","protected":false},"author":482,"featured_media":49011,"comment_status":"open","ping_status":"closed","sticky":false,"template":"","format":"standard","meta":{"advanced_seo_description":"","jetpack_seo_html_title":"","jetpack_seo_noindex":false,"_jetpack_memberships_contains_paid_content":false,"footnotes":""},"categories":[15],"tags":[],"class_list":["post-49010","post","type-post","status-publish","format-standard","has-post-thumbnail","hentry","category-comunidad"],"jetpack_featured_media_url":"https:\/\/i0.wp.com\/eltrabajo.cl\/portal\/wp-content\/uploads\/2014\/07\/Adultos2.jpg?fit=529%2C286&ssl=1","jetpack_sharing_enabled":true,"jetpack_likes_enabled":true,"jetpack-related-posts":[],"_links":{"self":[{"href":"https:\/\/eltrabajo.cl\/portal\/wp-json\/wp\/v2\/posts\/49010","targetHints":{"allow":["GET"]}}],"collection":[{"href":"https:\/\/eltrabajo.cl\/portal\/wp-json\/wp\/v2\/posts"}],"about":[{"href":"https:\/\/eltrabajo.cl\/portal\/wp-json\/wp\/v2\/types\/post"}],"author":[{"embeddable":true,"href":"https:\/\/eltrabajo.cl\/portal\/wp-json\/wp\/v2\/users\/482"}],"replies":[{"embeddable":true,"href":"https:\/\/eltrabajo.cl\/portal\/wp-json\/wp\/v2\/comments?post=49010"}],"version-history":[{"count":0,"href":"https:\/\/eltrabajo.cl\/portal\/wp-json\/wp\/v2\/posts\/49010\/revisions"}],"wp:featuredmedia":[{"embeddable":true,"href":"https:\/\/eltrabajo.cl\/portal\/wp-json\/wp\/v2\/media\/49011"}],"wp:attachment":[{"href":"https:\/\/eltrabajo.cl\/portal\/wp-json\/wp\/v2\/media?parent=49010"}],"wp:term":[{"taxonomy":"category","embeddable":true,"href":"https:\/\/eltrabajo.cl\/portal\/wp-json\/wp\/v2\/categories?post=49010"},{"taxonomy":"post_tag","embeddable":true,"href":"https:\/\/eltrabajo.cl\/portal\/wp-json\/wp\/v2\/tags?post=49010"}],"curies":[{"name":"wp","href":"https:\/\/api.w.org\/{rel}","templated":true}]}}