{"id":49016,"date":"2014-07-21T11:41:40","date_gmt":"2014-07-21T15:41:40","guid":{"rendered":"http:\/\/www.eltrabajo.cl\/portal\/?p=49016"},"modified":"2014-07-21T11:41:40","modified_gmt":"2014-07-21T15:41:40","slug":"entregan-resolucion-de-concurso-publico-para-cargos-de-planta","status":"publish","type":"post","link":"https:\/\/eltrabajo.cl\/portal\/entregan-resolucion-de-concurso-publico-para-cargos-de-planta\/","title":{"rendered":"Entregan resoluci\u00f3n de concurso p\u00fablico para cargos de planta"},"content":{"rendered":"<figure id=\"attachment_49017\" aria-describedby=\"caption-attachment-49017\" style=\"width: 317px\" class=\"wp-caption alignleft\"><a href=\"https:\/\/i0.wp.com\/www.eltrabajo.cl\/portal\/wp-content\/uploads\/2014\/07\/MARGARITA-C%C3%81RCAMO.jpg\"><img data-recalc-dims=\"1\" loading=\"lazy\" decoding=\"async\" class=\" wp-image-49017 \" alt=\"Margarita C\u00e1rcamo Pizarro, Jefa de personal de la municipalidad de Llay Llay.\" src=\"https:\/\/i0.wp.com\/www.eltrabajo.cl\/portal\/wp-content\/uploads\/2014\/07\/MARGARITA-C%C3%81RCAMO.jpg?resize=317%2C302\" width=\"317\" height=\"302\" srcset=\"https:\/\/i0.wp.com\/eltrabajo.cl\/portal\/wp-content\/uploads\/2014\/07\/MARGARITA-C%C3%81RCAMO.jpg?w=529&amp;ssl=1 529w, https:\/\/i0.wp.com\/eltrabajo.cl\/portal\/wp-content\/uploads\/2014\/07\/MARGARITA-C%C3%81RCAMO.jpg?resize=157%2C150&amp;ssl=1 157w, https:\/\/i0.wp.com\/eltrabajo.cl\/portal\/wp-content\/uploads\/2014\/07\/MARGARITA-C%C3%81RCAMO.jpg?resize=300%2C285&amp;ssl=1 300w, https:\/\/i0.wp.com\/eltrabajo.cl\/portal\/wp-content\/uploads\/2014\/07\/MARGARITA-C%C3%81RCAMO.jpg?resize=150%2C142&amp;ssl=1 150w, https:\/\/i0.wp.com\/eltrabajo.cl\/portal\/wp-content\/uploads\/2014\/07\/MARGARITA-C%C3%81RCAMO.jpg?resize=400%2C381&amp;ssl=1 400w\" sizes=\"auto, (max-width: 317px) 100vw, 317px\" \/><\/a><figcaption id=\"caption-attachment-49017\" class=\"wp-caption-text\">Margarita C\u00e1rcamo Pizarro, Jefa de personal de la municipalidad de Llay Llay.<\/figcaption><\/figure>\n<p><strong>LLAY LLAY<\/strong>.- Margarita C\u00e1rcamo Pizarro, Jefa de personal de la municipalidad, dio a conocer los nombres de las personas que resultaron seleccionadas para ocupar los cargos vacantes de planta en la Municipalidad de Llay Llay, esto despu\u00e9s de haber notificado personalmente a cada concursante mediante entrevista personal, \u201cpara ocupar los dos cargos administrativos resultaron seleccionadas: Adela P\u00e9rez Rebolledo con 19 a\u00f1os de servicio y Carmen Luz Guerra Riquelme. El cargo de Chofer titular lo ocupo Carlos Pinto Henr\u00edquez con trece a\u00f1os de servicio y el de auxiliar Juan Carlos Donoso Brito, tambi\u00e9n con trece a\u00f1os de servicio\u201d, dijo C\u00e1rcamo.<\/p>\n<p>Entre el 11 de junio y el 4 de julio se recepcionaron los antecedentes del llamado a concurso p\u00fablico para los cargos vacantes de jefatura, administrativos, de chofer y de auxiliar; en este momento ya est\u00e1n resueltos cinco (dos administrativos; un chofer y un auxiliar), pero el cargo para la jefatura grado doce a\u00fan no tiene resuelto el nombramiento del titular, por una apelaci\u00f3n del personal t\u00e9cnico municipal basados en el T\u00edtulo II de la Ley 18.883 que habla acerca de la carrera municipal, respecto a esto la Jefa de Personal, Margarita C\u00e1rcamo explic\u00f3 que \u201cestamos a la espera de la respuesta de contralor\u00eda y\/o la asesor\u00eda t\u00e9cnica municipal para efectuar el nombramiento de la jefatura\u201d.<\/p>\n<p>La comisi\u00f3n evaluadora estuvo compuesta por el Secretario Municipal, Luis Soto, la Directora de Secplac, Elizabeth Villalobos; el Director del Departamento de Control, Roberto Varela y la Jefa de Personal Administraci\u00f3n y Finanzas, Margarita C\u00e1rcamo. El criterio de evaluaci\u00f3n para todos los casos midi\u00f3 experiencia laboral, estudios, aptitudes propias para el cargo, grado de conocimiento en materias del cargo a postular y capacidad de s\u00edntesis y expresi\u00f3n lo cual se realiz\u00f3 a trav\u00e9s de una entrevista personal.<\/p>\n<p>&nbsp;<\/p>\n","protected":false},"excerpt":{"rendered":"<p>LLAY LLAY.- Margarita C\u00e1rcamo Pizarro, Jefa de personal de la municipalidad, dio a conocer los nombres de las personas que resultaron seleccionadas para ocupar los cargos vacantes de planta en la Municipalidad&#8230;<\/p>\n","protected":false},"author":482,"featured_media":49017,"comment_status":"open","ping_status":"closed","sticky":false,"template":"","format":"standard","meta":{"advanced_seo_description":"","jetpack_seo_html_title":"","jetpack_seo_noindex":false,"_jetpack_memberships_contains_paid_content":false,"footnotes":""},"categories":[15],"tags":[],"class_list":["post-49016","post","type-post","status-publish","format-standard","has-post-thumbnail","hentry","category-comunidad"],"jetpack_featured_media_url":"https:\/\/i0.wp.com\/eltrabajo.cl\/portal\/wp-content\/uploads\/2014\/07\/MARGARITA-C%C3%81RCAMO.jpg?fit=529%2C504&ssl=1","jetpack_sharing_enabled":true,"jetpack_likes_enabled":true,"jetpack-related-posts":[],"_links":{"self":[{"href":"https:\/\/eltrabajo.cl\/portal\/wp-json\/wp\/v2\/posts\/49016","targetHints":{"allow":["GET"]}}],"collection":[{"href":"https:\/\/eltrabajo.cl\/portal\/wp-json\/wp\/v2\/posts"}],"about":[{"href":"https:\/\/eltrabajo.cl\/portal\/wp-json\/wp\/v2\/types\/post"}],"author":[{"embeddable":true,"href":"https:\/\/eltrabajo.cl\/portal\/wp-json\/wp\/v2\/users\/482"}],"replies":[{"embeddable":true,"href":"https:\/\/eltrabajo.cl\/portal\/wp-json\/wp\/v2\/comments?post=49016"}],"version-history":[{"count":0,"href":"https:\/\/eltrabajo.cl\/portal\/wp-json\/wp\/v2\/posts\/49016\/revisions"}],"wp:featuredmedia":[{"embeddable":true,"href":"https:\/\/eltrabajo.cl\/portal\/wp-json\/wp\/v2\/media\/49017"}],"wp:attachment":[{"href":"https:\/\/eltrabajo.cl\/portal\/wp-json\/wp\/v2\/media?parent=49016"}],"wp:term":[{"taxonomy":"category","embeddable":true,"href":"https:\/\/eltrabajo.cl\/portal\/wp-json\/wp\/v2\/categories?post=49016"},{"taxonomy":"post_tag","embeddable":true,"href":"https:\/\/eltrabajo.cl\/portal\/wp-json\/wp\/v2\/tags?post=49016"}],"curies":[{"name":"wp","href":"https:\/\/api.w.org\/{rel}","templated":true}]}}