{"id":49027,"date":"2014-07-21T11:46:11","date_gmt":"2014-07-21T15:46:11","guid":{"rendered":"http:\/\/www.eltrabajo.cl\/portal\/?p=49027"},"modified":"2014-07-21T11:46:11","modified_gmt":"2014-07-21T15:46:11","slug":"hondo-pesar-tras-muerte-de-conocida-farmaceutica-en-llay-llay","status":"publish","type":"post","link":"https:\/\/eltrabajo.cl\/portal\/hondo-pesar-tras-muerte-de-conocida-farmaceutica-en-llay-llay\/","title":{"rendered":"Hondo pesar tras muerte de conocida farmac\u00e9utica en Llay Llay"},"content":{"rendered":"<figure id=\"attachment_49028\" aria-describedby=\"caption-attachment-49028\" style=\"width: 317px\" class=\"wp-caption alignleft\"><a href=\"https:\/\/i0.wp.com\/www.eltrabajo.cl\/portal\/wp-content\/uploads\/2014\/07\/MARCELA-ARACENA.jpg\"><img data-recalc-dims=\"1\" loading=\"lazy\" decoding=\"async\" class=\" wp-image-49028 \" alt=\"Marcela Aracena Miranda falleci\u00f3 al interior del ba\u00f1o de su departamento v\u00edctima de un paro cardio respiratorio.\" src=\"https:\/\/i0.wp.com\/www.eltrabajo.cl\/portal\/wp-content\/uploads\/2014\/07\/MARCELA-ARACENA.jpg?resize=317%2C272\" width=\"317\" height=\"272\" srcset=\"https:\/\/i0.wp.com\/eltrabajo.cl\/portal\/wp-content\/uploads\/2014\/07\/MARCELA-ARACENA.jpg?w=529&amp;ssl=1 529w, https:\/\/i0.wp.com\/eltrabajo.cl\/portal\/wp-content\/uploads\/2014\/07\/MARCELA-ARACENA.jpg?resize=175%2C150&amp;ssl=1 175w, https:\/\/i0.wp.com\/eltrabajo.cl\/portal\/wp-content\/uploads\/2014\/07\/MARCELA-ARACENA.jpg?resize=300%2C256&amp;ssl=1 300w, https:\/\/i0.wp.com\/eltrabajo.cl\/portal\/wp-content\/uploads\/2014\/07\/MARCELA-ARACENA.jpg?resize=150%2C128&amp;ssl=1 150w, https:\/\/i0.wp.com\/eltrabajo.cl\/portal\/wp-content\/uploads\/2014\/07\/MARCELA-ARACENA.jpg?resize=400%2C342&amp;ssl=1 400w\" sizes=\"auto, (max-width: 317px) 100vw, 317px\" \/><\/a><figcaption id=\"caption-attachment-49028\" class=\"wp-caption-text\">Marcela Aracena Miranda falleci\u00f3 al interior del ba\u00f1o de su departamento v\u00edctima de un paro cardio respiratorio.<\/figcaption><\/figure>\n<p>Los vecinos de la comuna de Llay Llay a\u00fan no pueden creer la repentina muerte de Marcela Del Pilar Aracena Miranda, de 40 a\u00f1os de edad, quien fue hallada sin vida al interior del ba\u00f1o de su departamento cuando se estaba dando una ducha para concurrir a su trabajo. El hecho qued\u00f3 al descubierto el pasado viernes a eso de las 13:00 horas, cuando personal de Carabineros de esa comuna recibi\u00f3 el llamado de una amiga de la v\u00edctima, quien alert\u00f3 la ausencia de Marcela cuando no lleg\u00f3 hasta su lugar de trabajo en la Farmacia Cruz Verde en Llay Llay, presumiendo una desgracia.<\/p>\n<p><strong>\u00a0POSIBLE INFARTO<\/strong><\/p>\n<p>De acuerdo al informe de Carabineros, los oficiales se trasladaron hasta el departamento 24 de Avenida Balmaceda N\u00ba 224, ingresando hasta ese domicilio donde se hall\u00f3 el cuerpo de Marcela bajo el agua corriendo de la ducha con mucho vapor y un fuerte olor a gas, presumi\u00e9ndose que su deceso de tratar\u00eda de inhalaci\u00f3n de ese compuesto por bastantes horas antes del hallazgo, constat\u00e1ndose su fallecimiento.<\/p>\n<p>Por disposici\u00f3n del Fiscal de Turno se realizaron las pericias de la Brigada de Homicidios de Los Andes, unidad que se constituy\u00f3 en el sitio del suceso descartando la intervenci\u00f3n de terceras personas y que la causa de muerte podr\u00eda tratarse de a un paro cardio respiratorio, seg\u00fan indic\u00f3 a Diario El Trabajo el Subcomisario de la Brigada de Homicidios, Carlos Alegr\u00eda.<\/p>\n<p>\u201cLos informes tanatol\u00f3gicos determinar\u00e1n la causa de muerte, no me inclino por la inhalaci\u00f3n de mon\u00f3xido, porque se hubiese determinado en el momento, se tratar\u00eda de un paro cardio respiratorio, s\u00f3lo los ex\u00e1menes determinar\u00e1n el deceso exacto en el informe de autopsia emanado del Servicio M\u00e9dico Legal. Por las diligencias que realizamos no se aprecia intervenci\u00f3n de terceras personas\u201d, puntualiz\u00f3 el oficial de Investigaciones.<\/p>\n<p>Conocida la noticia en la comuna de Llay Llay, en las redes sociales se inundaron de comentarios de profundo pesar, manifestando las condolencias a la familia de Marcela, madre de tres hijos, quien se hizo conocida por sus labores como farmac\u00e9utica por mucho tiempo en el Hospital San Francisco de esa localidad y en el \u00faltimo tiempo su desempe\u00f1o en la Farmacia Cruz Verde.<\/p>\n<p>Amigos y familiares muy angustiados por su repentiona partida, indicaron a nuestro medio que Marcela se caracterizaba por su amabilidad, buena madre y una excelente disposici\u00f3n en su trabajo que resalt\u00f3 haci\u00e9ndose conocida entre los vecinos.<\/p>\n<p>Luego de sus funerales, Marcela Aracena fue despedida por sus hijos, familiares y amigos con una misa el d\u00eda de ayer domingo a las 16:00 horas en la Iglesia San Ignacio de Llay LLay.<\/p>\n<p>Pablo Salinas Sald\u00edas<\/p>\n","protected":false},"excerpt":{"rendered":"<p>Los vecinos de la comuna de Llay Llay a\u00fan no pueden creer la repentina muerte de Marcela Del Pilar Aracena Miranda, de 40 a\u00f1os de edad, quien fue hallada sin vida al&#8230;<\/p>\n","protected":false},"author":482,"featured_media":49028,"comment_status":"open","ping_status":"closed","sticky":false,"template":"","format":"standard","meta":{"advanced_seo_description":"","jetpack_seo_html_title":"","jetpack_seo_noindex":false,"_jetpack_memberships_contains_paid_content":false,"footnotes":""},"categories":[15],"tags":[],"class_list":["post-49027","post","type-post","status-publish","format-standard","has-post-thumbnail","hentry","category-comunidad"],"jetpack_featured_media_url":"https:\/\/i0.wp.com\/eltrabajo.cl\/portal\/wp-content\/uploads\/2014\/07\/MARCELA-ARACENA.jpg?fit=529%2C453&ssl=1","jetpack_sharing_enabled":true,"jetpack_likes_enabled":true,"jetpack-related-posts":[],"_links":{"self":[{"href":"https:\/\/eltrabajo.cl\/portal\/wp-json\/wp\/v2\/posts\/49027","targetHints":{"allow":["GET"]}}],"collection":[{"href":"https:\/\/eltrabajo.cl\/portal\/wp-json\/wp\/v2\/posts"}],"about":[{"href":"https:\/\/eltrabajo.cl\/portal\/wp-json\/wp\/v2\/types\/post"}],"author":[{"embeddable":true,"href":"https:\/\/eltrabajo.cl\/portal\/wp-json\/wp\/v2\/users\/482"}],"replies":[{"embeddable":true,"href":"https:\/\/eltrabajo.cl\/portal\/wp-json\/wp\/v2\/comments?post=49027"}],"version-history":[{"count":0,"href":"https:\/\/eltrabajo.cl\/portal\/wp-json\/wp\/v2\/posts\/49027\/revisions"}],"wp:featuredmedia":[{"embeddable":true,"href":"https:\/\/eltrabajo.cl\/portal\/wp-json\/wp\/v2\/media\/49028"}],"wp:attachment":[{"href":"https:\/\/eltrabajo.cl\/portal\/wp-json\/wp\/v2\/media?parent=49027"}],"wp:term":[{"taxonomy":"category","embeddable":true,"href":"https:\/\/eltrabajo.cl\/portal\/wp-json\/wp\/v2\/categories?post=49027"},{"taxonomy":"post_tag","embeddable":true,"href":"https:\/\/eltrabajo.cl\/portal\/wp-json\/wp\/v2\/tags?post=49027"}],"curies":[{"name":"wp","href":"https:\/\/api.w.org\/{rel}","templated":true}]}}