{"id":49038,"date":"2014-07-21T11:58:49","date_gmt":"2014-07-21T15:58:49","guid":{"rendered":"http:\/\/www.eltrabajo.cl\/portal\/?p=49038"},"modified":"2014-07-21T11:58:49","modified_gmt":"2014-07-21T15:58:49","slug":"incendio-destruye-por-completo-casa-en-calle-jose-antonio-salinas","status":"publish","type":"post","link":"https:\/\/eltrabajo.cl\/portal\/incendio-destruye-por-completo-casa-en-calle-jose-antonio-salinas\/","title":{"rendered":"Incendio destruye por completo casa en Calle Jos\u00e9 Antonio Salinas"},"content":{"rendered":"<figure id=\"attachment_49039\" aria-describedby=\"caption-attachment-49039\" style=\"width: 529px\" class=\"wp-caption alignnone\"><a href=\"https:\/\/i0.wp.com\/www.eltrabajo.cl\/portal\/wp-content\/uploads\/2014\/07\/Fuego21.jpg\"><img data-recalc-dims=\"1\" loading=\"lazy\" decoding=\"async\" class=\"size-full wp-image-49039\" alt=\"DESCUIDO FATAL.- En el \u00e1mbito extraoficial y de acuerdo a informaci\u00f3n entregada por cercanos a la familia, el incendio podr\u00eda haberse iniciado por un recalentamiento de una salamandra encendida.\" src=\"https:\/\/i0.wp.com\/www.eltrabajo.cl\/portal\/wp-content\/uploads\/2014\/07\/Fuego21.jpg?resize=529%2C348\" width=\"529\" height=\"348\" srcset=\"https:\/\/i0.wp.com\/eltrabajo.cl\/portal\/wp-content\/uploads\/2014\/07\/Fuego21.jpg?w=529&amp;ssl=1 529w, https:\/\/i0.wp.com\/eltrabajo.cl\/portal\/wp-content\/uploads\/2014\/07\/Fuego21.jpg?resize=200%2C131&amp;ssl=1 200w, https:\/\/i0.wp.com\/eltrabajo.cl\/portal\/wp-content\/uploads\/2014\/07\/Fuego21.jpg?resize=300%2C197&amp;ssl=1 300w, https:\/\/i0.wp.com\/eltrabajo.cl\/portal\/wp-content\/uploads\/2014\/07\/Fuego21.jpg?resize=150%2C98&amp;ssl=1 150w, https:\/\/i0.wp.com\/eltrabajo.cl\/portal\/wp-content\/uploads\/2014\/07\/Fuego21.jpg?resize=400%2C263&amp;ssl=1 400w\" sizes=\"auto, (max-width: 529px) 100vw, 529px\" \/><\/a><figcaption id=\"caption-attachment-49039\" class=\"wp-caption-text\">DESCUIDO FATAL.- En el \u00e1mbito extraoficial y de acuerdo a informaci\u00f3n entregada por cercanos a la familia, el incendio podr\u00eda haberse iniciado por un recalentamiento de una salamandra encendida.<\/figcaption><\/figure>\n<p><strong>PUTAENDO<\/strong>.- Un incendio estructural consumi\u00f3 por completo una vivienda de construcci\u00f3n s\u00f3lida ubicada en Calle Jos\u00e9 Antonio Salinas, propiamente en las cercan\u00edas del cementerio de Putaendo.<\/p>\n<p>A eso de las 02:20 horas de este domingo, la vivienda signada con el n\u00famero 293 de propiedad de Amanda Guti\u00e9rrez Cantillana, repentinamente comenz\u00f3 a incendiarse mientras estaban al interior de la casa el sobrino de la propietaria, Jorge Arturo Far\u00edas Guti\u00e9rrez junto a Marilyn Karen \u00c1lvarez Almarza, quienes de acuerdo a informaci\u00f3n preliminar recogida por Diario El Trabajo, sintieron un fuerte olor a humo y se percataron que en el sector donde se encuentra ubicada una salamandra hab\u00eda una gran cantidad de fuego, que ya hab\u00eda alcanzado el techo y muebles, por lo que r\u00e1pidamente salieron del hogar.<\/p>\n<p><strong>P\u00c9RDIDAS TOTALES<\/strong><\/p>\n<p>En cosa de minutos el fuego avanz\u00f3 tan r\u00e1pido que envolvi\u00f3 toda la vivienda y al arribo de Bomberos el incendio estaba propagado y totalmente fuera de control.<\/p>\n<p>M\u00e1s de 40 efectivos de las tres compa\u00f1\u00edas del Cuerpo de Bomberos de Putaendo, apoyados por dos unidades de aire de Bomberos de San Felipe y Los Andes, debieron trabajar intensamente por cerca de una hora para lograr controlar las llamas y evitar que se quemara un veh\u00edculo, mismo que no pudo ser sacado por los propietarios y que estaba a un costado de la vivienda y tambi\u00e9n evitar que alcanzara una dependencia anexa al inmueble siniestrado.<\/p>\n<p>El Comandante del Cuerpo de Bomberos de Putaendo, Luis Sep\u00falveda Hidalgo, confirm\u00f3 que las p\u00e9rdidas son totales y se\u00f1al\u00f3 que ser\u00e1 el Departamento T\u00e9cnico de Bomberos el que deber\u00e1 determinar las causas eventuales del incendio. En el \u00e1mbito extraoficial y de acuerdo a informaci\u00f3n entregada por cercanos a la familia, el incendio podr\u00eda haberse iniciado por un recalentamiento de una salamandra encendida.<\/p>\n<p>La propietaria de la vivienda siniestrada y sus familiares residen en la ciudad de Santiago y hace muchos a\u00f1os que tienen esta vivienda en Calle Jos\u00e9 Antonio Salinas, por lo que son ampliamente conocidos sobre todo, por los vecinos del sector.<\/p>\n<p>Pasadas las 04:15 horas el Comandante del Cuerpo de Bomberos de Putaendo se\u00f1alaba que luego de realizar labores de remoci\u00f3n encontraron una importante cantidad de pesticida industrial lo que est\u00e1 siendo investigado y determinar si eventualmente este producto qu\u00edmico podr\u00eda haber generado alg\u00fan inconveniente al personal de bomberos que trabaj\u00f3 en el lugar.<\/p>\n<p>A eso de las 09:15 horas de este domingo personal de Bomberos nuevamente debi\u00f3 concurrir por un rebrote del incendio, principalmente en el entretecho del inmueble, lo que fue r\u00e1pidamente controlado.<\/p>\n<p>Carlos Far\u00edas, sobrino Amanda Guti\u00e9rrez, ex-funcionaria del hospital psiqui\u00e1trico y del Hospital San Antonio de Putaendo, sostuvo que las p\u00e9rdidas materiales fueron totales y que con este incendio se van muchos recuerdos de esta casa que construyeron sus abuelos, sin embargo, indic\u00f3 que lo material se puede recuperar y que afortunadamente los ocupantes de la vivienda se encuentran en buen estado de salud aunque afectados emocionalmente por esta tragedia, al igual que su t\u00eda Amanda tras enterarse de lo ocurrido.<\/p>\n<p>Patricio Gallardo M.<\/p>\n<div class=\"tiled-gallery type-rectangular tiled-gallery-unresized\" data-original-width=\"640\" data-carousel-extra='null' itemscope itemtype=\"http:\/\/schema.org\/ImageGallery\" > <div class=\"gallery-row\" style=\"width: 640px; height: 290px;\" data-original-width=\"640\" data-original-height=\"290\" > <div class=\"gallery-group images-1\" style=\"width: 427px; height: 290px;\" data-original-width=\"427\" data-original-height=\"290\" > <div class=\"tiled-gallery-item tiled-gallery-item-large\" itemprop=\"associatedMedia\" itemscope itemtype=\"http:\/\/schema.org\/ImageObject\"> <a href=\"https:\/\/eltrabajo.cl\/portal\/incendio-destruye-por-completo-casa-en-calle-jose-antonio-salinas\/fuego1-16\/\" border=\"0\" itemprop=\"url\"> <meta itemprop=\"width\" content=\"423\"> <meta itemprop=\"height\" content=\"286\"> <img decoding=\"async\" class=\"\" data-attachment-id=\"49041\" data-orig-file=\"https:\/\/eltrabajo.cl\/portal\/wp-content\/uploads\/2014\/07\/Fuego11.jpg\" data-orig-size=\"529,358\" data-comments-opened=\"1\" data-image-meta=\"{&quot;aperture&quot;:&quot;3.5&quot;,&quot;credit&quot;:&quot;&quot;,&quot;camera&quot;:&quot;Canon EOS REBEL T3&quot;,&quot;caption&quot;:&quot;&quot;,&quot;created_timestamp&quot;:&quot;1393040210&quot;,&quot;copyright&quot;:&quot;&quot;,&quot;focal_length&quot;:&quot;28&quot;,&quot;iso&quot;:&quot;125&quot;,&quot;shutter_speed&quot;:&quot;0.025&quot;,&quot;title&quot;:&quot;&quot;}\" data-image-title=\"Fuego1\" data-image-description=\"&lt;p&gt;INFERNAL MADRUGADA.- Un incendio estructural consumi\u00f3 por completo una vivienda de construcci\u00f3n s\u00f3lida ubicada en Calle Jos\u00e9 Antonio Salinas, propiamente en las cercan\u00edas del cementerio de Putaendo. &lt;\/p&gt; \" data-medium-file=\"https:\/\/i0.wp.com\/eltrabajo.cl\/portal\/wp-content\/uploads\/2014\/07\/Fuego11.jpg?fit=300%2C203&#038;ssl=1\" data-large-file=\"https:\/\/i0.wp.com\/eltrabajo.cl\/portal\/wp-content\/uploads\/2014\/07\/Fuego11.jpg?fit=529%2C358&#038;ssl=1\" src=\"https:\/\/i0.wp.com\/eltrabajo.cl\/portal\/wp-content\/uploads\/2014\/07\/Fuego11.jpg?w=423&#038;h=286&#038;ssl=1\" srcset=\"https:\/\/i0.wp.com\/eltrabajo.cl\/portal\/wp-content\/uploads\/2014\/07\/Fuego11.jpg?w=529&amp;ssl=1 529w, https:\/\/i0.wp.com\/eltrabajo.cl\/portal\/wp-content\/uploads\/2014\/07\/Fuego11.jpg?resize=200%2C135&amp;ssl=1 200w, https:\/\/i0.wp.com\/eltrabajo.cl\/portal\/wp-content\/uploads\/2014\/07\/Fuego11.jpg?resize=300%2C203&amp;ssl=1 300w, https:\/\/i0.wp.com\/eltrabajo.cl\/portal\/wp-content\/uploads\/2014\/07\/Fuego11.jpg?resize=150%2C101&amp;ssl=1 150w, https:\/\/i0.wp.com\/eltrabajo.cl\/portal\/wp-content\/uploads\/2014\/07\/Fuego11.jpg?resize=400%2C270&amp;ssl=1 400w\" width=\"423\" height=\"286\" loading=\"lazy\" data-original-width=\"423\" data-original-height=\"286\" itemprop=\"http:\/\/schema.org\/image\" title=\"Fuego1\" alt=\"INFERNAL MADRUGADA.- Un incendio estructural consumi\u00f3 por completo una vivienda de construcci\u00f3n s\u00f3lida ubicada en Calle Jos\u00e9 Antonio Salinas, propiamente en las cercan\u00edas del cementerio de Putaendo.\" style=\"width: 423px; height: 286px;\" \/> <\/a> <div class=\"tiled-gallery-caption\" itemprop=\"caption description\"> INFERNAL MADRUGADA.- Un incendio estructural consumi\u00f3 por completo una vivienda de construcci\u00f3n s\u00f3lida ubicada en Calle Jos\u00e9 Antonio Salinas, propiamente en las cercan\u00edas del cementerio de Putaendo. <\/div> <\/div> <\/div> <!-- close group --> <div class=\"gallery-group images-2\" style=\"width: 213px; height: 290px;\" data-original-width=\"213\" data-original-height=\"290\" > <div class=\"tiled-gallery-item tiled-gallery-item-small\" itemprop=\"associatedMedia\" itemscope itemtype=\"http:\/\/schema.org\/ImageObject\"> <a href=\"https:\/\/eltrabajo.cl\/portal\/incendio-destruye-por-completo-casa-en-calle-jose-antonio-salinas\/fuego3-5\/\" border=\"0\" itemprop=\"url\"> <meta itemprop=\"width\" content=\"209\"> <meta itemprop=\"height\" content=\"141\"> <img decoding=\"async\" class=\"\" data-attachment-id=\"49042\" data-orig-file=\"https:\/\/eltrabajo.cl\/portal\/wp-content\/uploads\/2014\/07\/Fuego3.jpg\" data-orig-size=\"529,358\" data-comments-opened=\"1\" data-image-meta=\"{&quot;aperture&quot;:&quot;4&quot;,&quot;credit&quot;:&quot;&quot;,&quot;camera&quot;:&quot;Canon EOS REBEL T3i&quot;,&quot;caption&quot;:&quot;&quot;,&quot;created_timestamp&quot;:&quot;1405859235&quot;,&quot;copyright&quot;:&quot;[wopmind]&quot;,&quot;focal_length&quot;:&quot;18&quot;,&quot;iso&quot;:&quot;400&quot;,&quot;shutter_speed&quot;:&quot;0.016666666666667&quot;,&quot;title&quot;:&quot;&quot;}\" data-image-title=\"Fuego3\" data-image-description=\"&lt;p&gt;P\u00c9RDIDAS TOTALES.- Las p\u00e9rdidas son totales y se\u00f1al\u00f3 que ser\u00e1 el Departamento T\u00e9cnico de Bomberos el que deber\u00e1 determinar las causas eventuales del incendio.&lt;\/p&gt; \" data-medium-file=\"https:\/\/i0.wp.com\/eltrabajo.cl\/portal\/wp-content\/uploads\/2014\/07\/Fuego3.jpg?fit=300%2C203&#038;ssl=1\" data-large-file=\"https:\/\/i0.wp.com\/eltrabajo.cl\/portal\/wp-content\/uploads\/2014\/07\/Fuego3.jpg?fit=529%2C358&#038;ssl=1\" src=\"https:\/\/i0.wp.com\/eltrabajo.cl\/portal\/wp-content\/uploads\/2014\/07\/Fuego3.jpg?w=209&#038;h=141&#038;ssl=1\" srcset=\"https:\/\/i0.wp.com\/eltrabajo.cl\/portal\/wp-content\/uploads\/2014\/07\/Fuego3.jpg?w=529&amp;ssl=1 529w, https:\/\/i0.wp.com\/eltrabajo.cl\/portal\/wp-content\/uploads\/2014\/07\/Fuego3.jpg?resize=200%2C135&amp;ssl=1 200w, https:\/\/i0.wp.com\/eltrabajo.cl\/portal\/wp-content\/uploads\/2014\/07\/Fuego3.jpg?resize=300%2C203&amp;ssl=1 300w, https:\/\/i0.wp.com\/eltrabajo.cl\/portal\/wp-content\/uploads\/2014\/07\/Fuego3.jpg?resize=150%2C101&amp;ssl=1 150w, https:\/\/i0.wp.com\/eltrabajo.cl\/portal\/wp-content\/uploads\/2014\/07\/Fuego3.jpg?resize=400%2C270&amp;ssl=1 400w\" width=\"209\" height=\"141\" loading=\"lazy\" data-original-width=\"209\" data-original-height=\"141\" itemprop=\"http:\/\/schema.org\/image\" title=\"Fuego3\" alt=\"P\u00c9RDIDAS TOTALES.- Las p\u00e9rdidas son totales y se\u00f1al\u00f3 que ser\u00e1 el Departamento T\u00e9cnico de Bomberos el que deber\u00e1 determinar las causas eventuales del incendio.\" style=\"width: 209px; height: 141px;\" \/> <\/a> <div class=\"tiled-gallery-caption\" itemprop=\"caption description\"> P\u00c9RDIDAS TOTALES.- Las p\u00e9rdidas son totales y se\u00f1al\u00f3 que ser\u00e1 el Departamento T\u00e9cnico de Bomberos el que deber\u00e1 determinar las causas eventuales del incendio. <\/div> <\/div> <div class=\"tiled-gallery-item tiled-gallery-item-small\" itemprop=\"associatedMedia\" itemscope itemtype=\"http:\/\/schema.org\/ImageObject\"> <a href=\"https:\/\/eltrabajo.cl\/portal\/incendio-destruye-por-completo-casa-en-calle-jose-antonio-salinas\/fuego4\/\" border=\"0\" itemprop=\"url\"> <meta itemprop=\"width\" content=\"209\"> <meta itemprop=\"height\" content=\"141\"> <img decoding=\"async\" class=\"\" data-attachment-id=\"49043\" data-orig-file=\"https:\/\/eltrabajo.cl\/portal\/wp-content\/uploads\/2014\/07\/Fuego4.jpg\" data-orig-size=\"529,358\" data-comments-opened=\"1\" data-image-meta=\"{&quot;aperture&quot;:&quot;3.5&quot;,&quot;credit&quot;:&quot;&quot;,&quot;camera&quot;:&quot;Canon EOS REBEL T3&quot;,&quot;caption&quot;:&quot;&quot;,&quot;created_timestamp&quot;:&quot;1393039811&quot;,&quot;copyright&quot;:&quot;&quot;,&quot;focal_length&quot;:&quot;28&quot;,&quot;iso&quot;:&quot;6400&quot;,&quot;shutter_speed&quot;:&quot;0.033333333333333&quot;,&quot;title&quot;:&quot;&quot;}\" data-image-title=\"Fuego4\" data-image-description=\"&lt;p&gt;TRABAJO COORDINADO.- M\u00e1s de 40 efectivos de las tres compa\u00f1\u00edas del Cuerpo de Bomberos de Putaendo; de San Felipe y Los Andes, debieron trabajar intensamente por cerca de una hora para lograr controlar las llamas.&lt;\/p&gt; \" data-medium-file=\"https:\/\/i0.wp.com\/eltrabajo.cl\/portal\/wp-content\/uploads\/2014\/07\/Fuego4.jpg?fit=300%2C203&#038;ssl=1\" data-large-file=\"https:\/\/i0.wp.com\/eltrabajo.cl\/portal\/wp-content\/uploads\/2014\/07\/Fuego4.jpg?fit=529%2C358&#038;ssl=1\" src=\"https:\/\/i0.wp.com\/eltrabajo.cl\/portal\/wp-content\/uploads\/2014\/07\/Fuego4.jpg?w=209&#038;h=141&#038;ssl=1\" srcset=\"https:\/\/i0.wp.com\/eltrabajo.cl\/portal\/wp-content\/uploads\/2014\/07\/Fuego4.jpg?w=529&amp;ssl=1 529w, https:\/\/i0.wp.com\/eltrabajo.cl\/portal\/wp-content\/uploads\/2014\/07\/Fuego4.jpg?resize=200%2C135&amp;ssl=1 200w, https:\/\/i0.wp.com\/eltrabajo.cl\/portal\/wp-content\/uploads\/2014\/07\/Fuego4.jpg?resize=300%2C203&amp;ssl=1 300w, https:\/\/i0.wp.com\/eltrabajo.cl\/portal\/wp-content\/uploads\/2014\/07\/Fuego4.jpg?resize=150%2C101&amp;ssl=1 150w, https:\/\/i0.wp.com\/eltrabajo.cl\/portal\/wp-content\/uploads\/2014\/07\/Fuego4.jpg?resize=400%2C270&amp;ssl=1 400w\" width=\"209\" height=\"141\" loading=\"lazy\" data-original-width=\"209\" data-original-height=\"141\" itemprop=\"http:\/\/schema.org\/image\" title=\"Fuego4\" alt=\"TRABAJO COORDINADO.- M\u00e1s de 40 efectivos de las tres compa\u00f1\u00edas del Cuerpo de Bomberos de Putaendo; de San Felipe y Los Andes, debieron trabajar intensamente por cerca de una hora para lograr controlar las llamas.\" style=\"width: 209px; height: 141px;\" \/> <\/a> <div class=\"tiled-gallery-caption\" itemprop=\"caption description\"> TRABAJO COORDINADO.- M\u00e1s de 40 efectivos de las tres compa\u00f1\u00edas del Cuerpo de Bomberos de Putaendo; de San Felipe y Los Andes, debieron trabajar intensamente por cerca de una hora para lograr controlar las llamas. <\/div> <\/div> <\/div> <!-- close group --> <\/div> <!-- close row --> <\/div>\n<p>&nbsp;<\/p>\n","protected":false},"excerpt":{"rendered":"<p>PUTAENDO.- Un incendio estructural consumi\u00f3 por completo una vivienda de construcci\u00f3n s\u00f3lida ubicada en Calle Jos\u00e9 Antonio Salinas, propiamente en las cercan\u00edas del cementerio de Putaendo. A eso de las 02:20 horas&#8230;<\/p>\n","protected":false},"author":482,"featured_media":49039,"comment_status":"open","ping_status":"closed","sticky":false,"template":"","format":"standard","meta":{"advanced_seo_description":"","jetpack_seo_html_title":"","jetpack_seo_noindex":false,"_jetpack_memberships_contains_paid_content":false,"footnotes":""},"categories":[21],"tags":[],"class_list":["post-49038","post","type-post","status-publish","format-standard","has-post-thumbnail","hentry","category-policial"],"jetpack_featured_media_url":"https:\/\/i0.wp.com\/eltrabajo.cl\/portal\/wp-content\/uploads\/2014\/07\/Fuego21.jpg?fit=529%2C348&ssl=1","jetpack_sharing_enabled":true,"jetpack_likes_enabled":true,"jetpack-related-posts":[],"_links":{"self":[{"href":"https:\/\/eltrabajo.cl\/portal\/wp-json\/wp\/v2\/posts\/49038","targetHints":{"allow":["GET"]}}],"collection":[{"href":"https:\/\/eltrabajo.cl\/portal\/wp-json\/wp\/v2\/posts"}],"about":[{"href":"https:\/\/eltrabajo.cl\/portal\/wp-json\/wp\/v2\/types\/post"}],"author":[{"embeddable":true,"href":"https:\/\/eltrabajo.cl\/portal\/wp-json\/wp\/v2\/users\/482"}],"replies":[{"embeddable":true,"href":"https:\/\/eltrabajo.cl\/portal\/wp-json\/wp\/v2\/comments?post=49038"}],"version-history":[{"count":0,"href":"https:\/\/eltrabajo.cl\/portal\/wp-json\/wp\/v2\/posts\/49038\/revisions"}],"wp:featuredmedia":[{"embeddable":true,"href":"https:\/\/eltrabajo.cl\/portal\/wp-json\/wp\/v2\/media\/49039"}],"wp:attachment":[{"href":"https:\/\/eltrabajo.cl\/portal\/wp-json\/wp\/v2\/media?parent=49038"}],"wp:term":[{"taxonomy":"category","embeddable":true,"href":"https:\/\/eltrabajo.cl\/portal\/wp-json\/wp\/v2\/categories?post=49038"},{"taxonomy":"post_tag","embeddable":true,"href":"https:\/\/eltrabajo.cl\/portal\/wp-json\/wp\/v2\/tags?post=49038"}],"curies":[{"name":"wp","href":"https:\/\/api.w.org\/{rel}","templated":true}]}}