{"id":49056,"date":"2014-07-21T12:02:56","date_gmt":"2014-07-21T16:02:56","guid":{"rendered":"http:\/\/www.eltrabajo.cl\/portal\/?p=49056"},"modified":"2014-07-21T12:02:56","modified_gmt":"2014-07-21T16:02:56","slug":"una-joven-herida-de-gravedad-en-volcamiento-de-automovil","status":"publish","type":"post","link":"https:\/\/eltrabajo.cl\/portal\/una-joven-herida-de-gravedad-en-volcamiento-de-automovil\/","title":{"rendered":"Una joven herida de gravedad en volcamiento de autom\u00f3vil"},"content":{"rendered":"<figure id=\"attachment_49057\" aria-describedby=\"caption-attachment-49057\" style=\"width: 528px\" class=\"wp-caption alignnone\"><a href=\"https:\/\/i0.wp.com\/www.eltrabajo.cl\/portal\/wp-content\/uploads\/2014\/07\/Herida1.jpg\"><img data-recalc-dims=\"1\" loading=\"lazy\" decoding=\"async\" class=\"size-full wp-image-49057\" alt=\"Una mujer con lesiones de gravedad y otras dos personas con lesiones leves, fue el saldo del espectacular volcamiento de un autom\u00f3vil ocurrido la madrugada de este s\u00e1bado en la comuna de San Esteban.\" src=\"https:\/\/i0.wp.com\/www.eltrabajo.cl\/portal\/wp-content\/uploads\/2014\/07\/Herida1.jpg?resize=528%2C355\" width=\"528\" height=\"355\" srcset=\"https:\/\/i0.wp.com\/eltrabajo.cl\/portal\/wp-content\/uploads\/2014\/07\/Herida1.jpg?w=528&amp;ssl=1 528w, https:\/\/i0.wp.com\/eltrabajo.cl\/portal\/wp-content\/uploads\/2014\/07\/Herida1.jpg?resize=200%2C134&amp;ssl=1 200w, https:\/\/i0.wp.com\/eltrabajo.cl\/portal\/wp-content\/uploads\/2014\/07\/Herida1.jpg?resize=300%2C201&amp;ssl=1 300w, https:\/\/i0.wp.com\/eltrabajo.cl\/portal\/wp-content\/uploads\/2014\/07\/Herida1.jpg?resize=150%2C100&amp;ssl=1 150w, https:\/\/i0.wp.com\/eltrabajo.cl\/portal\/wp-content\/uploads\/2014\/07\/Herida1.jpg?resize=400%2C268&amp;ssl=1 400w\" sizes=\"auto, (max-width: 528px) 100vw, 528px\" \/><\/a><figcaption id=\"caption-attachment-49057\" class=\"wp-caption-text\">Una mujer con lesiones de gravedad y otras dos personas con lesiones leves, fue el saldo del espectacular volcamiento de un autom\u00f3vil ocurrido la madrugada de este s\u00e1bado en la comuna de San Esteban.<\/figcaption><\/figure>\n<p><strong>SAN ESTEBAN.<\/strong>&#8211; Una mujer con lesiones de gravedad y otras dos personas con lesiones leves, fue el saldo del espectacular volcamiento de un autom\u00f3vil ocurrido la madrugada de este s\u00e1bado en la comuna de San Esteban.<\/p>\n<p>El accidente se registr\u00f3 a las 4:35 horas, cuando Sebasti\u00e1n Rodrigo Oportot Capillay (24) guiaba su autom\u00f3vil marca Chevrolet Spark GT, matr\u00edcula GF GX 90 a gran velocidad por Calle La Chaparrina en direcci\u00f3n al sur y al pasar frente al N\u00ba 781, efectu\u00f3 una maniobra de adelantamiento a otro m\u00f3vil no percat\u00e1ndose la presencia de un lomo de toro.<\/p>\n<figure id=\"attachment_49058\" aria-describedby=\"caption-attachment-49058\" style=\"width: 370px\" class=\"wp-caption alignright\"><a href=\"https:\/\/i0.wp.com\/www.eltrabajo.cl\/portal\/wp-content\/uploads\/2014\/07\/Sebastian1.jpg\"><img data-recalc-dims=\"1\" loading=\"lazy\" decoding=\"async\" class=\" wp-image-49058 \" alt=\"Sebasti\u00e1n Oportot fue formalizado por los delitos de Conducci\u00f3n en estado de ebriedad, causando da\u00f1os y lesiones graves.\" src=\"https:\/\/i0.wp.com\/www.eltrabajo.cl\/portal\/wp-content\/uploads\/2014\/07\/Sebastian1.jpg?resize=370%2C236\" width=\"370\" height=\"236\" srcset=\"https:\/\/i0.wp.com\/eltrabajo.cl\/portal\/wp-content\/uploads\/2014\/07\/Sebastian1.jpg?w=528&amp;ssl=1 528w, https:\/\/i0.wp.com\/eltrabajo.cl\/portal\/wp-content\/uploads\/2014\/07\/Sebastian1.jpg?resize=200%2C127&amp;ssl=1 200w, https:\/\/i0.wp.com\/eltrabajo.cl\/portal\/wp-content\/uploads\/2014\/07\/Sebastian1.jpg?resize=300%2C191&amp;ssl=1 300w, https:\/\/i0.wp.com\/eltrabajo.cl\/portal\/wp-content\/uploads\/2014\/07\/Sebastian1.jpg?resize=150%2C95&amp;ssl=1 150w, https:\/\/i0.wp.com\/eltrabajo.cl\/portal\/wp-content\/uploads\/2014\/07\/Sebastian1.jpg?resize=400%2C255&amp;ssl=1 400w\" sizes=\"auto, (max-width: 370px) 100vw, 370px\" \/><\/a><figcaption id=\"caption-attachment-49058\" class=\"wp-caption-text\">Sebasti\u00e1n Oportot fue formalizado por los delitos de Conducci\u00f3n en estado de ebriedad, causando da\u00f1os y lesiones graves.<\/figcaption><\/figure>\n<p>Al pasar por el reductor de velocidad perdi\u00f3 el control y se volc\u00f3 hacia un costado del camino, pasando a llevar una cerca de postes de madera y alambre de un predio agr\u00edcola. Como consecuencia de lo anterior, una de las ocupantes del m\u00f3vil individualizada como Ver\u00f3nica Acevedo Cerda, result\u00f3 con fracturas de las v\u00e9rtebras T12, L1 y L3 de car\u00e1cter grave, mientras que los otros dos ocupantes identificados como Rosario Ramos Figueroa y Patricio Henr\u00edquez Robles resultaron poli-contusos, siendo todos derivados en ambulancias del Samu hasta el Servicio de Urgencia del Hospital San Juan de Dios.<\/p>\n<p><strong>ESTABA EBRIO<\/strong><\/p>\n<p>En tanto el conductor sali\u00f3 ileso y a la llegada de los carabineros estos constataron que se encontraba en estado de ebriedad. Al lugar debi\u00f3 concurrir la Unidad de Rescate del Cuerpo de Bomberos de San Esteban a fin de colaborar en el socorro de los heridos. Por instrucciones del Fiscal de Turno Alberto Gertosio, el chofer pas\u00f3 a control de detenci\u00f3n en el Tribunal de Garant\u00eda de Los Andes la ma\u00f1ana de este s\u00e1bado.<\/p>\n<p>En la Audiencia de Formalizaci\u00f3n, el fiscal hizo hincapi\u00e9 en que la p\u00e9rdida del control del m\u00f3vil se debi\u00f3 al estado de ebriedad del imputado, quien al ser sometido al alcotest arrojaba que ten\u00eda 1,28 gramos por 1.000 de alcohol en la sangre.<\/p>\n<p>Sebasti\u00e1n Oportot fue formalizado por los delitos de Conducci\u00f3n en estado de ebriedad, causando da\u00f1os y lesiones graves. En su contra se fijaron las medidas cautelares de Firma mensual en el Ministerio P\u00fablico y Retenci\u00f3n de la licencia de conducir por los 90 d\u00edas que durar\u00e1 la investigaci\u00f3n de los hechos.<\/p>\n","protected":false},"excerpt":{"rendered":"<p>SAN ESTEBAN.&#8211; Una mujer con lesiones de gravedad y otras dos personas con lesiones leves, fue el saldo del espectacular volcamiento de un autom\u00f3vil ocurrido la madrugada de este s\u00e1bado en la&#8230;<\/p>\n","protected":false},"author":482,"featured_media":49057,"comment_status":"open","ping_status":"closed","sticky":false,"template":"","format":"standard","meta":{"advanced_seo_description":"","jetpack_seo_html_title":"","jetpack_seo_noindex":false,"_jetpack_memberships_contains_paid_content":false,"footnotes":""},"categories":[21],"tags":[],"class_list":["post-49056","post","type-post","status-publish","format-standard","has-post-thumbnail","hentry","category-policial"],"jetpack_featured_media_url":"https:\/\/i0.wp.com\/eltrabajo.cl\/portal\/wp-content\/uploads\/2014\/07\/Herida1.jpg?fit=528%2C355&ssl=1","jetpack_sharing_enabled":true,"jetpack_likes_enabled":true,"jetpack-related-posts":[],"_links":{"self":[{"href":"https:\/\/eltrabajo.cl\/portal\/wp-json\/wp\/v2\/posts\/49056","targetHints":{"allow":["GET"]}}],"collection":[{"href":"https:\/\/eltrabajo.cl\/portal\/wp-json\/wp\/v2\/posts"}],"about":[{"href":"https:\/\/eltrabajo.cl\/portal\/wp-json\/wp\/v2\/types\/post"}],"author":[{"embeddable":true,"href":"https:\/\/eltrabajo.cl\/portal\/wp-json\/wp\/v2\/users\/482"}],"replies":[{"embeddable":true,"href":"https:\/\/eltrabajo.cl\/portal\/wp-json\/wp\/v2\/comments?post=49056"}],"version-history":[{"count":0,"href":"https:\/\/eltrabajo.cl\/portal\/wp-json\/wp\/v2\/posts\/49056\/revisions"}],"wp:featuredmedia":[{"embeddable":true,"href":"https:\/\/eltrabajo.cl\/portal\/wp-json\/wp\/v2\/media\/49057"}],"wp:attachment":[{"href":"https:\/\/eltrabajo.cl\/portal\/wp-json\/wp\/v2\/media?parent=49056"}],"wp:term":[{"taxonomy":"category","embeddable":true,"href":"https:\/\/eltrabajo.cl\/portal\/wp-json\/wp\/v2\/categories?post=49056"},{"taxonomy":"post_tag","embeddable":true,"href":"https:\/\/eltrabajo.cl\/portal\/wp-json\/wp\/v2\/tags?post=49056"}],"curies":[{"name":"wp","href":"https:\/\/api.w.org\/{rel}","templated":true}]}}