{"id":49061,"date":"2014-07-21T12:04:42","date_gmt":"2014-07-21T16:04:42","guid":{"rendered":"http:\/\/www.eltrabajo.cl\/portal\/?p=49061"},"modified":"2014-07-21T12:04:42","modified_gmt":"2014-07-21T16:04:42","slug":"roban-caja-fuerte-y-destruyen-cajero-en-sede-universitaria","status":"publish","type":"post","link":"https:\/\/eltrabajo.cl\/portal\/roban-caja-fuerte-y-destruyen-cajero-en-sede-universitaria\/","title":{"rendered":"Roban caja fuerte y destruyen cajero en sede universitaria"},"content":{"rendered":"<figure id=\"attachment_49062\" aria-describedby=\"caption-attachment-49062\" style=\"width: 370px\" class=\"wp-caption alignleft\"><a href=\"https:\/\/i0.wp.com\/www.eltrabajo.cl\/portal\/wp-content\/uploads\/2014\/07\/Robo1.jpg\"><img data-recalc-dims=\"1\" loading=\"lazy\" decoding=\"async\" class=\" wp-image-49062 \" alt=\"Los antisociales quemaron el cajero utilizando gas licuado resultando con serios da\u00f1os sin lograr sustraerle dinero cuando ingresaron hasta la Universidad de Valpara\u00edso.\" src=\"https:\/\/i0.wp.com\/www.eltrabajo.cl\/portal\/wp-content\/uploads\/2014\/07\/Robo1.jpg?resize=370%2C491\" width=\"370\" height=\"491\" srcset=\"https:\/\/i0.wp.com\/eltrabajo.cl\/portal\/wp-content\/uploads\/2014\/07\/Robo1.jpg?w=529&amp;ssl=1 529w, https:\/\/i0.wp.com\/eltrabajo.cl\/portal\/wp-content\/uploads\/2014\/07\/Robo1.jpg?resize=113%2C150&amp;ssl=1 113w, https:\/\/i0.wp.com\/eltrabajo.cl\/portal\/wp-content\/uploads\/2014\/07\/Robo1.jpg?resize=226%2C300&amp;ssl=1 226w, https:\/\/i0.wp.com\/eltrabajo.cl\/portal\/wp-content\/uploads\/2014\/07\/Robo1.jpg?resize=400%2C530&amp;ssl=1 400w\" sizes=\"auto, (max-width: 370px) 100vw, 370px\" \/><\/a><figcaption id=\"caption-attachment-49062\" class=\"wp-caption-text\">Los antisociales quemaron el cajero utilizando gas licuado resultando con serios da\u00f1os sin lograr sustraerle dinero cuando ingresaron hasta la Universidad de Valpara\u00edso.<\/figcaption><\/figure>\n<p>A rostro cubierto, un grupo de antisociales irrumpi\u00f3 en las dependencias de la Universidad de Valpara\u00edso en el sector La Troya de San Felipe, agrediendo desmedidamente a tres funcionarios de seguridad para llevarse una caja fuerte receptora de dinero, destruyendo adem\u00e1s un cajero autom\u00e1tico.<\/p>\n<p>Los sucesos ocurrieron a eso de las 03:00 horas de la madrugada del pasado viernes, cuando los delincuentes forzaron unas de las puertas de acceso del edificio central del campus, accediendo para violentar un cajero autom\u00e1tico con el uso de gas licuado, pero sin poder lograr su cometido. Sin embargo lograron llevarse consigo la caja receptora de pagos cercana a $2 millones y una cantidad indeterminada de cheques.<\/p>\n<p><strong>\u00a0<\/strong><strong>GUARDIAS ATADOS<\/strong><\/p>\n<p>A consecuencia de lo anterior resultaron heridos de consideraci\u00f3n tres guardias, quienes trataron de revertir la situaci\u00f3n pero fueron intimidados y maniatados por cuatro sujetos que estar\u00edan armados. De esta forma pudieron desactivar el sistema de seguridad y cortar las l\u00edneas telef\u00f3nicas incluso arrebatando los celulares y dinero que portaban los funcionarios de seguridad para evitar pedir auxilio.<\/p>\n<p>Pasadas las 06:00 de la madrugada, cuando los guardias lograron soltarse, mediante un antiguo celular pudieron alertar a Carabineros, que dispuso de diversos patrullajes por el sector sin obtener resultados positivos. Posteriormente el lugar fue periciado por la Brigada de Robos de la Polic\u00eda de Investigaciones de San Felipe, recogiendo huellas que pudiesen dar con la identidad de los malhechores, quienes habr\u00edan huido movilizados y con intensiones de arrancar de ra\u00edz el cajero autom\u00e1tico.<\/p>\n<p>Asimismo los tres guardias heridos fueron derivados hasta el Servicio de Urgencias del Hospital San Camilo para luego ser trasladados a la Asociaci\u00f3n Chilena de Seguridad. Hasta el momento la Direcci\u00f3n del establecimiento no ha cuantificado los da\u00f1os, por lo que suspendi\u00f3 las actividades acad\u00e9micas y administrativas para el pleno desarrollo de las diligencias policiales en el lugar.<\/p>\n<figure id=\"attachment_49063\" aria-describedby=\"caption-attachment-49063\" style=\"width: 370px\" class=\"wp-caption alignright\"><a href=\"https:\/\/i0.wp.com\/www.eltrabajo.cl\/portal\/wp-content\/uploads\/2014\/07\/Robo2.jpg\"><img data-recalc-dims=\"1\" loading=\"lazy\" decoding=\"async\" class=\" wp-image-49063 \" alt=\"El Rector de la Universidad de Valpara\u00edso, Aldo Valle, lament\u00f3 los sucesos en el campus resaltando que los guardias se encuentran bien de salud despu\u00e9s de ser agredidos violentamente por delincuentes.\" src=\"https:\/\/i0.wp.com\/www.eltrabajo.cl\/portal\/wp-content\/uploads\/2014\/07\/Robo2.jpg?resize=370%2C253\" width=\"370\" height=\"253\" srcset=\"https:\/\/i0.wp.com\/eltrabajo.cl\/portal\/wp-content\/uploads\/2014\/07\/Robo2.jpg?w=528&amp;ssl=1 528w, https:\/\/i0.wp.com\/eltrabajo.cl\/portal\/wp-content\/uploads\/2014\/07\/Robo2.jpg?resize=200%2C137&amp;ssl=1 200w, https:\/\/i0.wp.com\/eltrabajo.cl\/portal\/wp-content\/uploads\/2014\/07\/Robo2.jpg?resize=300%2C205&amp;ssl=1 300w, https:\/\/i0.wp.com\/eltrabajo.cl\/portal\/wp-content\/uploads\/2014\/07\/Robo2.jpg?resize=150%2C102&amp;ssl=1 150w, https:\/\/i0.wp.com\/eltrabajo.cl\/portal\/wp-content\/uploads\/2014\/07\/Robo2.jpg?resize=400%2C274&amp;ssl=1 400w\" sizes=\"auto, (max-width: 370px) 100vw, 370px\" \/><\/a><figcaption id=\"caption-attachment-49063\" class=\"wp-caption-text\">El Rector de la Universidad de Valpara\u00edso, Aldo Valle, lament\u00f3 los sucesos en el campus resaltando que los guardias se encuentran bien de salud despu\u00e9s de ser agredidos violentamente por delincuentes.<\/figcaption><\/figure>\n<p>El Rector de la Universidad de Valpara\u00edso, Aldo Valle, lament\u00f3 el hecho delictual que afect\u00f3 a la casa de estudios superiores luego de reconocer las agresiones hacia los tres funcionarios y los da\u00f1os materiales, acompa\u00f1ado por el Decano de la Facultad de Medicina, Doctor Antonio Orellana y la Directora del Campus San Felipe, Doctora Carmen Castillo.<\/p>\n<p>\u201cLlamamos a la comunidad del Valle de Aconcagua a estar ciertamente, tranquilos, porque vamos a restablecer cuanto antes nuestras actividades, pero tambi\u00e9n llamamos a las autoridades policiales y administrativas para que se ponga el mayor esfuerzo que permitan identificar a estas personas, quienes hacen un da\u00f1o enorme no s\u00f3lo al patrimonio de la universidad, sino que al interrumpir el funcionamiento de una instituci\u00f3n de servicio p\u00fablico\u201d, precis\u00f3.<\/p>\n<p>El rector de la UV indic\u00f3 que afortunadamente esto no signific\u00f3 una situaci\u00f3n mayor, sobre todo para el personal de seguridad. \u201cLos tres guardias defendieron, dentro de sus posibilidades, que el Campus San Felipe no se viera afectado por este robo, pero esa resistencia signific\u00f3 la inmediata agresi\u00f3n de los asaltantes. Lo importante es que se encuentran bien\u201d.<\/p>\n<p>Mientras que el decano de la Facultad de Medicina, Antonio Orellana, subray\u00f3 que \u201cson hechos absolutamente condenables. El da\u00f1o es mayor porque no s\u00f3lo significa llevarse una cantidad de especies, sino que interrumpir la labor acad\u00e9mica del Campus San Felipe\u201d.<\/p>\n<p>Pablo Salinas Sald\u00edas<\/p>\n<p>&nbsp;<\/p>\n","protected":false},"excerpt":{"rendered":"<p>A rostro cubierto, un grupo de antisociales irrumpi\u00f3 en las dependencias de la Universidad de Valpara\u00edso en el sector La Troya de San Felipe, agrediendo desmedidamente a tres funcionarios de seguridad para&#8230;<\/p>\n","protected":false},"author":482,"featured_media":49062,"comment_status":"open","ping_status":"closed","sticky":false,"template":"","format":"standard","meta":{"advanced_seo_description":"","jetpack_seo_html_title":"","jetpack_seo_noindex":false,"_jetpack_memberships_contains_paid_content":false,"footnotes":""},"categories":[21],"tags":[],"class_list":["post-49061","post","type-post","status-publish","format-standard","has-post-thumbnail","hentry","category-policial"],"jetpack_featured_media_url":"https:\/\/i0.wp.com\/eltrabajo.cl\/portal\/wp-content\/uploads\/2014\/07\/Robo1.jpg?fit=529%2C701&ssl=1","jetpack_sharing_enabled":true,"jetpack_likes_enabled":true,"jetpack-related-posts":[],"_links":{"self":[{"href":"https:\/\/eltrabajo.cl\/portal\/wp-json\/wp\/v2\/posts\/49061","targetHints":{"allow":["GET"]}}],"collection":[{"href":"https:\/\/eltrabajo.cl\/portal\/wp-json\/wp\/v2\/posts"}],"about":[{"href":"https:\/\/eltrabajo.cl\/portal\/wp-json\/wp\/v2\/types\/post"}],"author":[{"embeddable":true,"href":"https:\/\/eltrabajo.cl\/portal\/wp-json\/wp\/v2\/users\/482"}],"replies":[{"embeddable":true,"href":"https:\/\/eltrabajo.cl\/portal\/wp-json\/wp\/v2\/comments?post=49061"}],"version-history":[{"count":0,"href":"https:\/\/eltrabajo.cl\/portal\/wp-json\/wp\/v2\/posts\/49061\/revisions"}],"wp:featuredmedia":[{"embeddable":true,"href":"https:\/\/eltrabajo.cl\/portal\/wp-json\/wp\/v2\/media\/49062"}],"wp:attachment":[{"href":"https:\/\/eltrabajo.cl\/portal\/wp-json\/wp\/v2\/media?parent=49061"}],"wp:term":[{"taxonomy":"category","embeddable":true,"href":"https:\/\/eltrabajo.cl\/portal\/wp-json\/wp\/v2\/categories?post=49061"},{"taxonomy":"post_tag","embeddable":true,"href":"https:\/\/eltrabajo.cl\/portal\/wp-json\/wp\/v2\/tags?post=49061"}],"curies":[{"name":"wp","href":"https:\/\/api.w.org\/{rel}","templated":true}]}}