{"id":49076,"date":"2014-07-22T09:26:21","date_gmt":"2014-07-22T13:26:21","guid":{"rendered":"http:\/\/www.eltrabajo.cl\/portal\/?p=49076"},"modified":"2014-07-22T09:26:21","modified_gmt":"2014-07-22T13:26:21","slug":"vandalos-causan-destrozos-en-la-pileta-central-de-la-plaza-de-armas","status":"publish","type":"post","link":"https:\/\/eltrabajo.cl\/portal\/vandalos-causan-destrozos-en-la-pileta-central-de-la-plaza-de-armas\/","title":{"rendered":"V\u00e1ndalos causan destrozos en la pileta central de la plaza de armas"},"content":{"rendered":"<figure id=\"attachment_49077\" aria-describedby=\"caption-attachment-49077\" style=\"width: 529px\" class=\"wp-caption alignnone\"><a href=\"https:\/\/i0.wp.com\/www.eltrabajo.cl\/portal\/wp-content\/uploads\/2014\/07\/Plaza1.jpg\"><img data-recalc-dims=\"1\" loading=\"lazy\" decoding=\"async\" class=\"size-full wp-image-49077\" alt=\"VANDALISMO.- Indignaci\u00f3n y molestia han causado la destrucci\u00f3n de macetas y esca\u00f1os en la pila central de la Plaza de Armas de Los Andes.\" src=\"https:\/\/i0.wp.com\/www.eltrabajo.cl\/portal\/wp-content\/uploads\/2014\/07\/Plaza1.jpg?resize=529%2C359\" width=\"529\" height=\"359\" srcset=\"https:\/\/i0.wp.com\/eltrabajo.cl\/portal\/wp-content\/uploads\/2014\/07\/Plaza1.jpg?w=529&amp;ssl=1 529w, https:\/\/i0.wp.com\/eltrabajo.cl\/portal\/wp-content\/uploads\/2014\/07\/Plaza1.jpg?resize=200%2C135&amp;ssl=1 200w, https:\/\/i0.wp.com\/eltrabajo.cl\/portal\/wp-content\/uploads\/2014\/07\/Plaza1.jpg?resize=300%2C203&amp;ssl=1 300w, https:\/\/i0.wp.com\/eltrabajo.cl\/portal\/wp-content\/uploads\/2014\/07\/Plaza1.jpg?resize=150%2C101&amp;ssl=1 150w, https:\/\/i0.wp.com\/eltrabajo.cl\/portal\/wp-content\/uploads\/2014\/07\/Plaza1.jpg?resize=400%2C271&amp;ssl=1 400w\" sizes=\"auto, (max-width: 529px) 100vw, 529px\" \/><\/a><figcaption id=\"caption-attachment-49077\" class=\"wp-caption-text\">VANDALISMO.- Indignaci\u00f3n y molestia han causado la destrucci\u00f3n de macetas y esca\u00f1os en la pila central de la Plaza de Armas de Los Andes.<\/figcaption><\/figure>\n<p><strong>LOS ANDES<\/strong>.- Indignaci\u00f3n y molestia han causado la destrucci\u00f3n de macetas y esca\u00f1os en la pila central de la Plaza de Armas de Los Andes, actos vand\u00e1licos que habr\u00edan ocurrido en el transcurso de la madrugada de ayer lunes. Con los primeros rayos del sol quedaron al descubierto los destrozos causados por inescrupulosos que las emprendieron en contra de las plantas de ornato que exist\u00edan al interior de la pila y no contentos con ello, rompieron algunas bancas que lanzaron al agua.<\/p>\n<figure id=\"attachment_49078\" aria-describedby=\"caption-attachment-49078\" style=\"width: 370px\" class=\"wp-caption alignright\"><a href=\"https:\/\/i0.wp.com\/www.eltrabajo.cl\/portal\/wp-content\/uploads\/2014\/07\/Plaza2.jpg\"><img data-recalc-dims=\"1\" loading=\"lazy\" decoding=\"async\" class=\" wp-image-49078 \" alt=\"SE REPITE.- Este tipo de hechos se han venido repitiendo en las \u00faltimas semanas, por lo cual la autoridad comunal ya tom\u00f3 contacto con Carabineros.\" src=\"https:\/\/i0.wp.com\/www.eltrabajo.cl\/portal\/wp-content\/uploads\/2014\/07\/Plaza2.jpg?resize=370%2C251\" width=\"370\" height=\"251\" srcset=\"https:\/\/i0.wp.com\/eltrabajo.cl\/portal\/wp-content\/uploads\/2014\/07\/Plaza2.jpg?w=529&amp;ssl=1 529w, https:\/\/i0.wp.com\/eltrabajo.cl\/portal\/wp-content\/uploads\/2014\/07\/Plaza2.jpg?resize=200%2C135&amp;ssl=1 200w, https:\/\/i0.wp.com\/eltrabajo.cl\/portal\/wp-content\/uploads\/2014\/07\/Plaza2.jpg?resize=300%2C203&amp;ssl=1 300w, https:\/\/i0.wp.com\/eltrabajo.cl\/portal\/wp-content\/uploads\/2014\/07\/Plaza2.jpg?resize=150%2C101&amp;ssl=1 150w, https:\/\/i0.wp.com\/eltrabajo.cl\/portal\/wp-content\/uploads\/2014\/07\/Plaza2.jpg?resize=400%2C270&amp;ssl=1 400w\" sizes=\"auto, (max-width: 370px) 100vw, 370px\" \/><\/a><figcaption id=\"caption-attachment-49078\" class=\"wp-caption-text\">SE REPITE.- Este tipo de hechos se han venido repitiendo en las \u00faltimas semanas, por lo cual la autoridad comunal ya tom\u00f3 contacto con Carabineros.<\/figcaption><\/figure>\n<p>Inicialmente no se han reportado de personas detenidas y se desconoce por el momento si alguien vio o escuch\u00f3 algo, pues se presume que los destrozos fueron causados por personas que inger\u00edan alcohol en el lugar. Al respecto, el Administrador Municipal, Juan Pablo Pozo, denunci\u00f3 que \u201cesta es la acci\u00f3n reiterada de antisociales que act\u00faan de manera claramente orquestada\u201d.<\/p>\n<p>Este tipo de hechos se han venido repitiendo en las \u00faltimas semanas, por lo cual la autoridad comunal ya tom\u00f3 contacto con Carabineros. Desde comienzos de este mes se han estado realizando faenas de reparaci\u00f3n de luminarias, bancas y paisajismo, trabajos que tambi\u00e9n se han visto afectados por culpa de estos ataques.<\/p>\n<p>\u201cEvidentemente ya no se trata de un hecho aislado, ni de una broma inocente, ac\u00e1 estamos frente a acciones organizadas, con una clara mala intenci\u00f3n que busca da\u00f1ar el patrimonio de la comuna de manera cobarde\u201d, apunt\u00f3 el administrador, este fin de semana culminamos el trabajo de reparaci\u00f3n de gran parte de las luminarias que se encontraban en mal estado, adem\u00e1s de rescatar las bancas que hab\u00edan sufrido destrozos, sin embargo, al parecer esto provoc\u00f3 la ira de estos antisociales, que nuevamente las emprendieron contra la plaza, esta vez con mucha m\u00e1s violencia que en ocasiones anteriores\u201d, denunci\u00f3.<\/p>\n<p>Asimismo, Pozo realiz\u00f3 un llamado a los responsables para deponer esta actitud y asumir las consecuencias de sus actos. \u201cLos llamamos a que recapaciten, porque nosotros vamos a usar todas las armas legales para defender el patrimonio comunal, los culpables de estos hechos est\u00e1n da\u00f1ando a toda la ciudadan\u00eda, no a las autoridades que, por nuestra parte, vamos a persistir en nuestro deber de mejorar y mantener los espacios p\u00fablicos\u201d.<\/p>\n<p>&nbsp;<\/p>\n","protected":false},"excerpt":{"rendered":"<p>LOS ANDES.- Indignaci\u00f3n y molestia han causado la destrucci\u00f3n de macetas y esca\u00f1os en la pila central de la Plaza de Armas de Los Andes, actos vand\u00e1licos que habr\u00edan ocurrido en el&#8230;<\/p>\n","protected":false},"author":482,"featured_media":49077,"comment_status":"open","ping_status":"closed","sticky":false,"template":"","format":"standard","meta":{"advanced_seo_description":"","jetpack_seo_html_title":"","jetpack_seo_noindex":false,"_jetpack_memberships_contains_paid_content":false,"footnotes":""},"categories":[15],"tags":[],"class_list":["post-49076","post","type-post","status-publish","format-standard","has-post-thumbnail","hentry","category-comunidad"],"jetpack_featured_media_url":"https:\/\/i0.wp.com\/eltrabajo.cl\/portal\/wp-content\/uploads\/2014\/07\/Plaza1.jpg?fit=529%2C359&ssl=1","jetpack_sharing_enabled":true,"jetpack_likes_enabled":true,"jetpack-related-posts":[],"_links":{"self":[{"href":"https:\/\/eltrabajo.cl\/portal\/wp-json\/wp\/v2\/posts\/49076","targetHints":{"allow":["GET"]}}],"collection":[{"href":"https:\/\/eltrabajo.cl\/portal\/wp-json\/wp\/v2\/posts"}],"about":[{"href":"https:\/\/eltrabajo.cl\/portal\/wp-json\/wp\/v2\/types\/post"}],"author":[{"embeddable":true,"href":"https:\/\/eltrabajo.cl\/portal\/wp-json\/wp\/v2\/users\/482"}],"replies":[{"embeddable":true,"href":"https:\/\/eltrabajo.cl\/portal\/wp-json\/wp\/v2\/comments?post=49076"}],"version-history":[{"count":0,"href":"https:\/\/eltrabajo.cl\/portal\/wp-json\/wp\/v2\/posts\/49076\/revisions"}],"wp:featuredmedia":[{"embeddable":true,"href":"https:\/\/eltrabajo.cl\/portal\/wp-json\/wp\/v2\/media\/49077"}],"wp:attachment":[{"href":"https:\/\/eltrabajo.cl\/portal\/wp-json\/wp\/v2\/media?parent=49076"}],"wp:term":[{"taxonomy":"category","embeddable":true,"href":"https:\/\/eltrabajo.cl\/portal\/wp-json\/wp\/v2\/categories?post=49076"},{"taxonomy":"post_tag","embeddable":true,"href":"https:\/\/eltrabajo.cl\/portal\/wp-json\/wp\/v2\/tags?post=49076"}],"curies":[{"name":"wp","href":"https:\/\/api.w.org\/{rel}","templated":true}]}}