{"id":49082,"date":"2014-07-22T09:27:45","date_gmt":"2014-07-22T13:27:45","guid":{"rendered":"http:\/\/www.eltrabajo.cl\/portal\/?p=49082"},"modified":"2014-07-22T09:27:45","modified_gmt":"2014-07-22T13:27:45","slug":"cicletada-familiar-reunio-a-cientos-de-familias","status":"publish","type":"post","link":"https:\/\/eltrabajo.cl\/portal\/cicletada-familiar-reunio-a-cientos-de-familias\/","title":{"rendered":"Cicletada familiar reuni\u00f3 a cientos de familias"},"content":{"rendered":"<figure id=\"attachment_49083\" aria-describedby=\"caption-attachment-49083\" style=\"width: 529px\" class=\"wp-caption alignnone\"><a href=\"https:\/\/i0.wp.com\/www.eltrabajo.cl\/portal\/wp-content\/uploads\/2014\/07\/Cicletada1.jpg\"><img data-recalc-dims=\"1\" loading=\"lazy\" decoding=\"async\" class=\"size-full wp-image-49083\" alt=\"En un ambiente familiar que incluy\u00f3 zumba; baile entretenido; entrega de frutas y promoci\u00f3n del reciclaje, m\u00e1s de 300 personas se congregaron con sus bicicletas desde las 15:00 horas en la Plaza de Armas de Los Andes.\" src=\"https:\/\/i0.wp.com\/www.eltrabajo.cl\/portal\/wp-content\/uploads\/2014\/07\/Cicletada1.jpg?resize=529%2C401\" width=\"529\" height=\"401\" srcset=\"https:\/\/i0.wp.com\/eltrabajo.cl\/portal\/wp-content\/uploads\/2014\/07\/Cicletada1.jpg?w=529&amp;ssl=1 529w, https:\/\/i0.wp.com\/eltrabajo.cl\/portal\/wp-content\/uploads\/2014\/07\/Cicletada1.jpg?resize=197%2C150&amp;ssl=1 197w, https:\/\/i0.wp.com\/eltrabajo.cl\/portal\/wp-content\/uploads\/2014\/07\/Cicletada1.jpg?resize=300%2C227&amp;ssl=1 300w, https:\/\/i0.wp.com\/eltrabajo.cl\/portal\/wp-content\/uploads\/2014\/07\/Cicletada1.jpg?resize=150%2C113&amp;ssl=1 150w, https:\/\/i0.wp.com\/eltrabajo.cl\/portal\/wp-content\/uploads\/2014\/07\/Cicletada1.jpg?resize=400%2C303&amp;ssl=1 400w\" sizes=\"auto, (max-width: 529px) 100vw, 529px\" \/><\/a><figcaption id=\"caption-attachment-49083\" class=\"wp-caption-text\">En un ambiente familiar que incluy\u00f3 zumba; baile entretenido; entrega de frutas y promoci\u00f3n del reciclaje, m\u00e1s de 300 personas se congregaron con sus bicicletas desde las 15:00 horas en la Plaza de Armas de Los Andes.<\/figcaption><\/figure>\n<p><strong>LOS ANDES<\/strong>.- Una soleada tarde de s\u00e1bado fue el escenario ideal para que cientos de personas participaran en la Cicletada Familiar Ecol\u00f3gica, organizada por el municipio andino a trav\u00e9s del Plan Comunal de promoci\u00f3n de la salud. En un ambiente familiar que incluy\u00f3 zumba; baile entretenido; entrega de frutas y promoci\u00f3n del reciclaje, m\u00e1s de 300 personas se congregaron con sus bicicletas desde las 15:00 horas en la Plaza de Armas de Los Andes.<\/p>\n<figure id=\"attachment_49084\" aria-describedby=\"caption-attachment-49084\" style=\"width: 370px\" class=\"wp-caption alignright\"><a href=\"https:\/\/i0.wp.com\/www.eltrabajo.cl\/portal\/wp-content\/uploads\/2014\/07\/Cicletada2.jpg\"><img data-recalc-dims=\"1\" loading=\"lazy\" decoding=\"async\" class=\" wp-image-49084 \" alt=\"La soleada tarde de s\u00e1bado fue el escenario ideal para que cientos de personas participaran en la Cicletada Familiar Ecol\u00f3gica, organizada por el municipio andino a trav\u00e9s del Plan Comunal de promoci\u00f3n de la salud.\" src=\"https:\/\/i0.wp.com\/www.eltrabajo.cl\/portal\/wp-content\/uploads\/2014\/07\/Cicletada2.jpg?resize=370%2C282\" width=\"370\" height=\"282\" srcset=\"https:\/\/i0.wp.com\/eltrabajo.cl\/portal\/wp-content\/uploads\/2014\/07\/Cicletada2.jpg?w=529&amp;ssl=1 529w, https:\/\/i0.wp.com\/eltrabajo.cl\/portal\/wp-content\/uploads\/2014\/07\/Cicletada2.jpg?resize=196%2C150&amp;ssl=1 196w, https:\/\/i0.wp.com\/eltrabajo.cl\/portal\/wp-content\/uploads\/2014\/07\/Cicletada2.jpg?resize=300%2C228&amp;ssl=1 300w, https:\/\/i0.wp.com\/eltrabajo.cl\/portal\/wp-content\/uploads\/2014\/07\/Cicletada2.jpg?resize=150%2C114&amp;ssl=1 150w, https:\/\/i0.wp.com\/eltrabajo.cl\/portal\/wp-content\/uploads\/2014\/07\/Cicletada2.jpg?resize=400%2C304&amp;ssl=1 400w\" sizes=\"auto, (max-width: 370px) 100vw, 370px\" \/><\/a><figcaption id=\"caption-attachment-49084\" class=\"wp-caption-text\">La soleada tarde de s\u00e1bado fue el escenario ideal para que cientos de personas participaran en la Cicletada Familiar Ecol\u00f3gica, organizada por el municipio andino a trav\u00e9s del Plan Comunal de promoci\u00f3n de la salud.<\/figcaption><\/figure>\n<p>Entre los ciclistas se encontraba tambi\u00e9n el Alcalde Mauricio Navarro, quien se caracteriza por usar habitualmente este medio de transporte. El jefe comunal se mostr\u00f3 satisfecho por la convocatoria lograda, adelantando que el municipio seguir\u00e1 impulsando este tipo de actividades familiares, promoviendo h\u00e1bitos saludables y de sustentabilidad ambiental.<\/p>\n<p>\u201cCon esto tambi\u00e9n estamos celebrando en familia y al aire libre un nuevo aniversario de nuestra ciudad, manifestando tambi\u00e9n el sue\u00f1o de tener m\u00e1s bicicletas, m\u00e1s ciclov\u00edas, m\u00e1s puntos de reciclaje, mejores \u00e1reas verdes y m\u00e1s espacios de encuentro\u201d, apunt\u00f3 Navarro. La ruta de los entusiastas ciclistas incluy\u00f3 un recorrido por la nueva ciclo-v\u00eda de Avenida Enrique de la Fuente, circundando el cerro La Virgen, hasta llegar al Centro Municipal de Reciclaje (Punto Verde), ubicado en Avenida Argentina Oriente.<\/p>\n<p>En el lugar de llegada los participantes recibieron \u00e1rboles y bolsas de compost dispuestos por la Unidad Municipal de Sustentabilidad. En esta labor, colaboraron las doce candidatas a Miss Los Andes, quienes sumaron una gran cuota de simpat\u00eda y belleza a la jornada, adelantando que estar\u00e1n presentes en las distintas actividades de celebraci\u00f3n del aniversario 223 de la ciudad.<\/p>\n","protected":false},"excerpt":{"rendered":"<p>LOS ANDES.- Una soleada tarde de s\u00e1bado fue el escenario ideal para que cientos de personas participaran en la Cicletada Familiar Ecol\u00f3gica, organizada por el municipio andino a trav\u00e9s del Plan Comunal&#8230;<\/p>\n","protected":false},"author":482,"featured_media":49083,"comment_status":"open","ping_status":"closed","sticky":false,"template":"","format":"standard","meta":{"advanced_seo_description":"","jetpack_seo_html_title":"","jetpack_seo_noindex":false,"_jetpack_memberships_contains_paid_content":false,"footnotes":""},"categories":[15],"tags":[],"class_list":["post-49082","post","type-post","status-publish","format-standard","has-post-thumbnail","hentry","category-comunidad"],"jetpack_featured_media_url":"https:\/\/i0.wp.com\/eltrabajo.cl\/portal\/wp-content\/uploads\/2014\/07\/Cicletada1.jpg?fit=529%2C401&ssl=1","jetpack_sharing_enabled":true,"jetpack_likes_enabled":true,"jetpack-related-posts":[],"_links":{"self":[{"href":"https:\/\/eltrabajo.cl\/portal\/wp-json\/wp\/v2\/posts\/49082","targetHints":{"allow":["GET"]}}],"collection":[{"href":"https:\/\/eltrabajo.cl\/portal\/wp-json\/wp\/v2\/posts"}],"about":[{"href":"https:\/\/eltrabajo.cl\/portal\/wp-json\/wp\/v2\/types\/post"}],"author":[{"embeddable":true,"href":"https:\/\/eltrabajo.cl\/portal\/wp-json\/wp\/v2\/users\/482"}],"replies":[{"embeddable":true,"href":"https:\/\/eltrabajo.cl\/portal\/wp-json\/wp\/v2\/comments?post=49082"}],"version-history":[{"count":0,"href":"https:\/\/eltrabajo.cl\/portal\/wp-json\/wp\/v2\/posts\/49082\/revisions"}],"wp:featuredmedia":[{"embeddable":true,"href":"https:\/\/eltrabajo.cl\/portal\/wp-json\/wp\/v2\/media\/49083"}],"wp:attachment":[{"href":"https:\/\/eltrabajo.cl\/portal\/wp-json\/wp\/v2\/media?parent=49082"}],"wp:term":[{"taxonomy":"category","embeddable":true,"href":"https:\/\/eltrabajo.cl\/portal\/wp-json\/wp\/v2\/categories?post=49082"},{"taxonomy":"post_tag","embeddable":true,"href":"https:\/\/eltrabajo.cl\/portal\/wp-json\/wp\/v2\/tags?post=49082"}],"curies":[{"name":"wp","href":"https:\/\/api.w.org\/{rel}","templated":true}]}}