{"id":49103,"date":"2014-07-22T09:35:10","date_gmt":"2014-07-22T13:35:10","guid":{"rendered":"http:\/\/www.eltrabajo.cl\/portal\/?p=49103"},"modified":"2014-07-22T09:35:10","modified_gmt":"2014-07-22T13:35:10","slug":"nina-liderara-campana-contra-la-bulimia-y-anorexia","status":"publish","type":"post","link":"https:\/\/eltrabajo.cl\/portal\/nina-liderara-campana-contra-la-bulimia-y-anorexia\/","title":{"rendered":"Ni\u00f1a liderar\u00e1 campa\u00f1a contra la bulimia y anorexia"},"content":{"rendered":"<figure id=\"attachment_49104\" aria-describedby=\"caption-attachment-49104\" style=\"width: 370px\" class=\"wp-caption alignleft\"><a href=\"https:\/\/i0.wp.com\/www.eltrabajo.cl\/portal\/wp-content\/uploads\/2014\/07\/Bulimia1.jpg\"><img data-recalc-dims=\"1\" loading=\"lazy\" decoding=\"async\" class=\" wp-image-49104 \" alt=\"La ni\u00f1a Nicole Carolina Vargas Donoso, de trece a\u00f1os de edad, ha iniciado una importante campa\u00f1a para crear conciencia sobre los da\u00f1os que origina la bulimia y la anorexia.\" src=\"https:\/\/i0.wp.com\/www.eltrabajo.cl\/portal\/wp-content\/uploads\/2014\/07\/Bulimia1.jpg?resize=370%2C245\" width=\"370\" height=\"245\" srcset=\"https:\/\/i0.wp.com\/eltrabajo.cl\/portal\/wp-content\/uploads\/2014\/07\/Bulimia1.jpg?w=529&amp;ssl=1 529w, https:\/\/i0.wp.com\/eltrabajo.cl\/portal\/wp-content\/uploads\/2014\/07\/Bulimia1.jpg?resize=200%2C132&amp;ssl=1 200w, https:\/\/i0.wp.com\/eltrabajo.cl\/portal\/wp-content\/uploads\/2014\/07\/Bulimia1.jpg?resize=300%2C198&amp;ssl=1 300w, https:\/\/i0.wp.com\/eltrabajo.cl\/portal\/wp-content\/uploads\/2014\/07\/Bulimia1.jpg?resize=150%2C99&amp;ssl=1 150w, https:\/\/i0.wp.com\/eltrabajo.cl\/portal\/wp-content\/uploads\/2014\/07\/Bulimia1.jpg?resize=400%2C264&amp;ssl=1 400w\" sizes=\"auto, (max-width: 370px) 100vw, 370px\" \/><\/a><figcaption id=\"caption-attachment-49104\" class=\"wp-caption-text\">La ni\u00f1a Nicole Carolina Vargas Donoso, de trece a\u00f1os de edad, ha iniciado una importante campa\u00f1a para crear conciencia sobre los da\u00f1os que origina la bulimia y la anorexia.<\/figcaption><\/figure>\n<p><strong>PUTAENDO<\/strong>.- La ni\u00f1a Nicole Carolina Vargas Donoso, de trece a\u00f1os de edad, ha iniciado una importante campa\u00f1a para crear conciencia sobre los da\u00f1os que origina la bulimia y la anorexia, luego de haberla sufrido y superado en el \u00faltimo tiempo. Esta joven que reside en Villa Los R\u00edos, incluso fue entrevistada junto a otra joven de la ciudad de San Antonio por el Noticiero 24 horas de TVN, que fue transmitido la noche del jueves y s\u00f3lo un par de horas antes recibi\u00f3 a nuestro medio junto a su madre para contarnos su dram\u00e1tica experiencia.<\/p>\n<p><strong>INTERNET MATA<\/strong><\/p>\n<p>Nicole sostuvo que comenz\u00f3 a sentirse diferente a sus compa\u00f1eras de colegio, aunque reconoce que nunca fue v\u00edctima de bullying, pero siempre se encontraba gorda y cada vez quer\u00eda estar m\u00e1s delgada, pues de alguna manera estaba obsesionada con su eventual sobrepeso. De esta manera hace m\u00e1s un a\u00f1o comenz\u00f3 a buscar en Internet formas para bajar de peso y lleg\u00f3 a conocer la p\u00e1gina \u2018Princesitas\u2019 y sin problema alguno ingres\u00f3 al mundo de las Ana-M\u00eda, que significa Ana: Anorexia, M\u00eda: Bulimia, lugar en el cual encontr\u00f3 varios consejos para comenzar a enga\u00f1ar a sus padres y poder bajar de peso.<\/p>\n<p>Esta joven indic\u00f3 que comenz\u00f3 a pasar horas y horas frente al computador y poco a poco aprendi\u00f3 t\u00e9cnicas, como por ejemplo c\u00f3mo poder vomitar sin ser descubierta por su familia, adem\u00e1s de otras maniobras tendientes a evitar ingerir cualquier tipo de alimentos y s\u00f3lo consumir agua.<\/p>\n<p>Pasaba el tiempo y Nicole asegura que se transform\u00f3 en un h\u00e1bito y cada vez aprend\u00eda m\u00e1s m\u00e9todos que las \u2018Princesitas\u2019 le entregaban en un secreto que guardaba sigilosamente.<\/p>\n<p>Hace un par de meses su madre, Ingebord Donoso, se percat\u00f3 que algo raro ocurr\u00eda, ya que en menos de 20 d\u00edas not\u00f3 una baja de m\u00e1s de cuetro kilos en el peso de su hija, por lo que decidi\u00f3 llevarla a Valpara\u00edso donde hace un tiempo atr\u00e1s fue operada, pensando que pod\u00eda tratarse de un cuadro cl\u00ednico, ante lo cual le practicaron una serie de ex\u00e1menes que arrojaron que Nicole estaba sana.<\/p>\n<p>Donoso, bastante preocupada no lograba entender por qu\u00e9 su hija sufri\u00f3 la alteraci\u00f3n de su per\u00edodo menstrual y pr\u00e1cticamente este desapareci\u00f3, adem\u00e1s su pelo se empez\u00f3 a caer, las u\u00f1as se comenzaron a quebrar junto a otros s\u00edntomas, hasta que un d\u00eda recibi\u00f3 el llamado de la orientadora del colegio, quien recibi\u00f3 el crudo testimonio de Nicole, quien cont\u00f3 la verdad de la situaci\u00f3n que estaba viviendo.<\/p>\n<p><strong>LAS CONSECUENCIAS<\/strong><\/p>\n<p>En efecto, Nicole Carolina Vargas Donoso comenz\u00f3 a sentir fuertes dolores en los huesos hasta que decidi\u00f3 contar su verdad y fue en ese instante cuando su familia se percat\u00f3 del drama que estaba viviendo y que pas\u00f3 inadvertido para ellos, pues incluso Nicole nos cont\u00f3 que se sentaba a comer, a almorzar o tomar once con total normalidad junto a su familia, pero luego al ingresar al ba\u00f1o pon\u00eda m\u00fasica en su celular y aplicaba las t\u00e9cnicas para vomitar en forma inmediata todo el alimento consumido, lo que nunca fue advertido por su madre.<\/p>\n<p>Hoy, Nicole se recupera poco a poco y los m\u00e9dicos le diagnosticaron un Trastorno de Conducta Alimenticia (TCA) y con el cari\u00f1o de su madre ha comenzado a salir adelante, pero lo m\u00e1s importante es que Nicole ha decidido emprender una gran tarea para contar su testimonio y ayudar a otras adolescentes para que no caigan en estas redes sociales que literalmente las atrapan y enga\u00f1an haci\u00e9ndoles creer que entre m\u00e1s delgadas ser\u00e1n m\u00e1s exitosas.<\/p>\n<p>Su testimonio es crudo, fuerte y a su vez valiente, ya que tal como se\u00f1al\u00f3 ella misma y su madre, afortunadamente pudieron salir a tiempo de la influencia de las \u2018Princesitas\u2019 cuando ya los efectos f\u00edsicos estaban causando estragos.<\/p>\n<p>Ingebord Donoso asegur\u00f3 que nunca imagin\u00f3 que su hija era v\u00edctima de la anorexia y la bulimia y jam\u00e1s pens\u00f3 que el Internet era el lugar donde visitaba estas p\u00e1ginas, pues como toda adolescente su hija se encarg\u00f3 que nunca descubrieran las conversaciones que manten\u00eda con las \u2018Princesitas\u2019.<\/p>\n<p>En los pr\u00f3ximos d\u00edas Nicole Vargas Donoso comenzar\u00e1 a colocar afiches en varios sectores de la comuna para contar su experiencia y contactar a padres y a j\u00f3venes que puedan estar sufriendo esta enfermedad, de la cual se puede salir, aunque reconoce que ha sido una de las experiencias que nunca pens\u00f3 vivir y que s\u00f3lo dio a trav\u00e9s de la televisi\u00f3n.<\/p>\n<p>Patricio Gallardo M.<\/p>\n<p>&nbsp;<\/p>\n","protected":false},"excerpt":{"rendered":"<p>PUTAENDO.- La ni\u00f1a Nicole Carolina Vargas Donoso, de trece a\u00f1os de edad, ha iniciado una importante campa\u00f1a para crear conciencia sobre los da\u00f1os que origina la bulimia y la anorexia, luego de&#8230;<\/p>\n","protected":false},"author":482,"featured_media":49104,"comment_status":"open","ping_status":"closed","sticky":false,"template":"","format":"standard","meta":{"advanced_seo_description":"","jetpack_seo_html_title":"","jetpack_seo_noindex":false,"_jetpack_memberships_contains_paid_content":false,"footnotes":""},"categories":[15],"tags":[],"class_list":["post-49103","post","type-post","status-publish","format-standard","has-post-thumbnail","hentry","category-comunidad"],"jetpack_featured_media_url":"https:\/\/i0.wp.com\/eltrabajo.cl\/portal\/wp-content\/uploads\/2014\/07\/Bulimia1.jpg?fit=529%2C350&ssl=1","jetpack_sharing_enabled":true,"jetpack_likes_enabled":true,"jetpack-related-posts":[],"_links":{"self":[{"href":"https:\/\/eltrabajo.cl\/portal\/wp-json\/wp\/v2\/posts\/49103","targetHints":{"allow":["GET"]}}],"collection":[{"href":"https:\/\/eltrabajo.cl\/portal\/wp-json\/wp\/v2\/posts"}],"about":[{"href":"https:\/\/eltrabajo.cl\/portal\/wp-json\/wp\/v2\/types\/post"}],"author":[{"embeddable":true,"href":"https:\/\/eltrabajo.cl\/portal\/wp-json\/wp\/v2\/users\/482"}],"replies":[{"embeddable":true,"href":"https:\/\/eltrabajo.cl\/portal\/wp-json\/wp\/v2\/comments?post=49103"}],"version-history":[{"count":0,"href":"https:\/\/eltrabajo.cl\/portal\/wp-json\/wp\/v2\/posts\/49103\/revisions"}],"wp:featuredmedia":[{"embeddable":true,"href":"https:\/\/eltrabajo.cl\/portal\/wp-json\/wp\/v2\/media\/49104"}],"wp:attachment":[{"href":"https:\/\/eltrabajo.cl\/portal\/wp-json\/wp\/v2\/media?parent=49103"}],"wp:term":[{"taxonomy":"category","embeddable":true,"href":"https:\/\/eltrabajo.cl\/portal\/wp-json\/wp\/v2\/categories?post=49103"},{"taxonomy":"post_tag","embeddable":true,"href":"https:\/\/eltrabajo.cl\/portal\/wp-json\/wp\/v2\/tags?post=49103"}],"curies":[{"name":"wp","href":"https:\/\/api.w.org\/{rel}","templated":true}]}}