{"id":49111,"date":"2014-07-22T09:38:10","date_gmt":"2014-07-22T13:38:10","guid":{"rendered":"http:\/\/www.eltrabajo.cl\/portal\/?p=49111"},"modified":"2014-07-22T09:38:10","modified_gmt":"2014-07-22T13:38:10","slug":"suplantaron-su-identidad-para-contratar-servicios-de-movistar","status":"publish","type":"post","link":"https:\/\/eltrabajo.cl\/portal\/suplantaron-su-identidad-para-contratar-servicios-de-movistar\/","title":{"rendered":"Suplantaron su identidad para contratar servicios de Movistar"},"content":{"rendered":"<figure id=\"attachment_49112\" aria-describedby=\"caption-attachment-49112\" style=\"width: 317px\" class=\"wp-caption alignleft\"><a href=\"https:\/\/i0.wp.com\/www.eltrabajo.cl\/portal\/wp-content\/uploads\/2014\/07\/Maria-Salinas.jpg\"><img data-recalc-dims=\"1\" loading=\"lazy\" decoding=\"async\" class=\" wp-image-49112 \" alt=\"Mar\u00eda Salinas Garc\u00eda, Directora Regional de la Federaci\u00f3n de Uniones Comunales V Cordillera y Presidente del Codelo del Cesfam de Putaendo.\" src=\"https:\/\/i0.wp.com\/www.eltrabajo.cl\/portal\/wp-content\/uploads\/2014\/07\/Maria-Salinas.jpg?resize=317%2C323\" width=\"317\" height=\"323\" srcset=\"https:\/\/i0.wp.com\/eltrabajo.cl\/portal\/wp-content\/uploads\/2014\/07\/Maria-Salinas.jpg?w=529&amp;ssl=1 529w, https:\/\/i0.wp.com\/eltrabajo.cl\/portal\/wp-content\/uploads\/2014\/07\/Maria-Salinas.jpg?resize=147%2C150&amp;ssl=1 147w, https:\/\/i0.wp.com\/eltrabajo.cl\/portal\/wp-content\/uploads\/2014\/07\/Maria-Salinas.jpg?resize=294%2C300&amp;ssl=1 294w, https:\/\/i0.wp.com\/eltrabajo.cl\/portal\/wp-content\/uploads\/2014\/07\/Maria-Salinas.jpg?resize=400%2C406&amp;ssl=1 400w\" sizes=\"auto, (max-width: 317px) 100vw, 317px\" \/><\/a><figcaption id=\"caption-attachment-49112\" class=\"wp-caption-text\">Mar\u00eda Salinas Garc\u00eda, Directora Regional de la Federaci\u00f3n de Uniones Comunales V Cordillera y Presidente del Codelo del Cesfam de Putaendo.<\/figcaption><\/figure>\n<p><strong>PUTAENDO.<\/strong>&#8211; La conocida dirigente Mar\u00eda Salinas Garc\u00eda, Directora Regional de la Federaci\u00f3n de Uniones Comunales V Cordillera y Presidente del Codelo del Cesfam de Putaendo, denunci\u00f3 que fue estafada luego que suplantaran su identidad para contratar servicios de Movistar, lo que hasta la fecha la ha sumido en varios inconvenientes y una alta deuda.<\/p>\n<p>La dirigente se\u00f1al\u00f3 que a mediados del mes pasado recibi\u00f3 un llamado telef\u00f3nico por parte de una ejecutiva de Movistar para cobrarle la suma de $180.000 por una deuda que manten\u00eda por un servicio contratado que conten\u00eda Internet, tel\u00e9fono y televisi\u00f3n satelital.<\/p>\n<p>Salinas le indic\u00f3 a la ejecutiva que esto se trataba de un error, pues en su hogar ubicado en el sector El Arenal no existe factibilidad de Internet de Movistar y ella no cuenta ni con tel\u00e9fono fijo ni con televisi\u00f3n satelital. La afectada sostuvo que en Movistar le insistieron que mantiene una deuda luego de haber contratado el servicio para un domicilio ubicado en uno de los pasajes de Villa Mercedes de Putaendo, lo que gener\u00f3 un desaz\u00f3n en la dirigente que sigui\u00f3 recibiendo llamados telef\u00f3nicos por parte de ejecutivos de la empresa, quienes le insist\u00edan que debe pagar esa deuda pues en el contrato de la empresa aparece su nombre, su RUT y su firma.<\/p>\n<p>Con estos antecedentes, Mar\u00eda Salinas concurri\u00f3 hasta la sucursal de Movistar en la ciudad de San Felipe y estamp\u00f3 el reclamo correspondiente, asegurando que nunca firm\u00f3 un contrato para la prestaci\u00f3n de estos servicios en Villa Mercedes, adem\u00e1s la dirigente afirm\u00f3 que lleg\u00f3 hasta el domicilio que figura en el contrato y pudo averiguar qui\u00e9n vive ah\u00ed, por lo que asegur\u00f3 que no tiene vinculaci\u00f3n alguna con los integrantes de esa familia.<\/p>\n<p>Mar\u00eda Salinas tambi\u00e9n denunci\u00f3 los hechos ante Carabineros y acudi\u00f3 hasta la Fiscal\u00eda de San Felipe para reafirmar su denuncia, pues ya tiene antecedentes de quien ser\u00eda la persona que suplant\u00f3 su identidad, la que incluso tuvo el descaro de llamar por tel\u00e9fono a Movistar para reclamar la raz\u00f3n de la suspensi\u00f3n del servicio.<\/p>\n<p>Finalmente la dirigente declar\u00f3 que hoy la deuda a su nombre supera los $200.000 y adem\u00e1s asegur\u00f3 que ha recibido llamados telef\u00f3nicos de n\u00fameros desconocidos con amenazas para que no siga adelante con la denuncia que est\u00e1 realizando, lo que seg\u00fan sus palabras, le da m\u00e1s motivos para continuar con su leg\u00edtimo reclamo.<\/p>\n<p>Patricio Gallardo M.<\/p>\n","protected":false},"excerpt":{"rendered":"<p>PUTAENDO.&#8211; La conocida dirigente Mar\u00eda Salinas Garc\u00eda, Directora Regional de la Federaci\u00f3n de Uniones Comunales V Cordillera y Presidente del Codelo del Cesfam de Putaendo, denunci\u00f3 que fue estafada luego que suplantaran&#8230;<\/p>\n","protected":false},"author":482,"featured_media":49112,"comment_status":"open","ping_status":"closed","sticky":false,"template":"","format":"standard","meta":{"advanced_seo_description":"","jetpack_seo_html_title":"","jetpack_seo_noindex":false,"_jetpack_memberships_contains_paid_content":false,"footnotes":""},"categories":[21],"tags":[],"class_list":["post-49111","post","type-post","status-publish","format-standard","has-post-thumbnail","hentry","category-policial"],"jetpack_featured_media_url":"https:\/\/i0.wp.com\/eltrabajo.cl\/portal\/wp-content\/uploads\/2014\/07\/Maria-Salinas.jpg?fit=529%2C538&ssl=1","jetpack_sharing_enabled":true,"jetpack_likes_enabled":true,"jetpack-related-posts":[],"_links":{"self":[{"href":"https:\/\/eltrabajo.cl\/portal\/wp-json\/wp\/v2\/posts\/49111","targetHints":{"allow":["GET"]}}],"collection":[{"href":"https:\/\/eltrabajo.cl\/portal\/wp-json\/wp\/v2\/posts"}],"about":[{"href":"https:\/\/eltrabajo.cl\/portal\/wp-json\/wp\/v2\/types\/post"}],"author":[{"embeddable":true,"href":"https:\/\/eltrabajo.cl\/portal\/wp-json\/wp\/v2\/users\/482"}],"replies":[{"embeddable":true,"href":"https:\/\/eltrabajo.cl\/portal\/wp-json\/wp\/v2\/comments?post=49111"}],"version-history":[{"count":0,"href":"https:\/\/eltrabajo.cl\/portal\/wp-json\/wp\/v2\/posts\/49111\/revisions"}],"wp:featuredmedia":[{"embeddable":true,"href":"https:\/\/eltrabajo.cl\/portal\/wp-json\/wp\/v2\/media\/49112"}],"wp:attachment":[{"href":"https:\/\/eltrabajo.cl\/portal\/wp-json\/wp\/v2\/media?parent=49111"}],"wp:term":[{"taxonomy":"category","embeddable":true,"href":"https:\/\/eltrabajo.cl\/portal\/wp-json\/wp\/v2\/categories?post=49111"},{"taxonomy":"post_tag","embeddable":true,"href":"https:\/\/eltrabajo.cl\/portal\/wp-json\/wp\/v2\/tags?post=49111"}],"curies":[{"name":"wp","href":"https:\/\/api.w.org\/{rel}","templated":true}]}}