{"id":49115,"date":"2014-07-22T09:40:49","date_gmt":"2014-07-22T13:40:49","guid":{"rendered":"http:\/\/www.eltrabajo.cl\/portal\/?p=49115"},"modified":"2014-07-22T09:40:49","modified_gmt":"2014-07-22T13:40:49","slug":"empresarios-paraguayos-financiaron-delegacion-deportiva-con-marihuana","status":"publish","type":"post","link":"https:\/\/eltrabajo.cl\/portal\/empresarios-paraguayos-financiaron-delegacion-deportiva-con-marihuana\/","title":{"rendered":"Empresarios paraguayos financiaron delegaci\u00f3n deportiva con marihuana"},"content":{"rendered":"<figure id=\"attachment_49116\" aria-describedby=\"caption-attachment-49116\" style=\"width: 528px\" class=\"wp-caption alignnone\"><a href=\"https:\/\/i0.wp.com\/www.eltrabajo.cl\/portal\/wp-content\/uploads\/2014\/07\/Deportistas1.jpg\"><img data-recalc-dims=\"1\" loading=\"lazy\" decoding=\"async\" class=\"size-full wp-image-49116\" alt=\"DEPORTISTAS DE REGRESO.- Estos ni\u00f1os y j\u00f3venes deportistas fueron enga\u00f1ados por los traficantes de droga para involucrarlos en un il\u00edcito.\" src=\"https:\/\/i0.wp.com\/www.eltrabajo.cl\/portal\/wp-content\/uploads\/2014\/07\/Deportistas1.jpg?resize=528%2C355\" width=\"528\" height=\"355\" srcset=\"https:\/\/i0.wp.com\/eltrabajo.cl\/portal\/wp-content\/uploads\/2014\/07\/Deportistas1.jpg?w=528&amp;ssl=1 528w, https:\/\/i0.wp.com\/eltrabajo.cl\/portal\/wp-content\/uploads\/2014\/07\/Deportistas1.jpg?resize=200%2C134&amp;ssl=1 200w, https:\/\/i0.wp.com\/eltrabajo.cl\/portal\/wp-content\/uploads\/2014\/07\/Deportistas1.jpg?resize=300%2C201&amp;ssl=1 300w, https:\/\/i0.wp.com\/eltrabajo.cl\/portal\/wp-content\/uploads\/2014\/07\/Deportistas1.jpg?resize=150%2C100&amp;ssl=1 150w, https:\/\/i0.wp.com\/eltrabajo.cl\/portal\/wp-content\/uploads\/2014\/07\/Deportistas1.jpg?resize=400%2C268&amp;ssl=1 400w\" sizes=\"auto, (max-width: 528px) 100vw, 528px\" \/><\/a><figcaption id=\"caption-attachment-49116\" class=\"wp-caption-text\">DEPORTISTAS DE REGRESO.- Estos ni\u00f1os y j\u00f3venes deportistas fueron enga\u00f1ados por los traficantes de droga para involucrarlos en un il\u00edcito.<\/figcaption><\/figure>\n<p><strong>LOS ANDES<\/strong>.- El viaje efectuado a nuestro pa\u00eds por una delegaci\u00f3n deportiva del Club 8 de Diciembre de Paraguay, fue financiado por dos empresarios de ese pa\u00eds justamente como una forma de internar clandestinamente a Chile el millonario cargamento de marihuana incautado por Aduanas y la PDI el pasado s\u00e1bado en Los Libertadores. As\u00ed al menos se desprende de las declaraciones formuladas por algunos dirigentes que acompa\u00f1aban la delegaci\u00f3n y tambi\u00e9n representantes de la embajada del Paraguay en nuestro pa\u00eds.<\/p>\n<p><strong>\u00a0\u2018BRUCE\u2019 IMPECABLE<\/strong><\/p>\n<p>Como se recordar\u00e1, el bus ingres\u00f3 al pa\u00eds la tarde del s\u00e1bado transportando a 36 ni\u00f1os de entre doce y 16 a\u00f1os pertenecientes a las series U-14 y U-15 de ese club, los cuales ven\u00edan a cargo de cuatro adultos. En una revisi\u00f3n de rutina efectuada por funcionarios aduaneros, el can de nombre \u2018Bruce\u2019, marc\u00f3 el veh\u00edculo y tras ser revisado se encontraron ocultos en diferentes partes de la carrocer\u00eda los paquetes con droga.<\/p>\n<p>Gracias a gestiones realizadas desde la gobernaci\u00f3n provincial, los ni\u00f1os pudieron ser bajados hasta la ciudad de Los Andes, quedando alojados en dos hoteles de Los Andes y siendo atendidos por psic\u00f3logos y otros profesionales, adem\u00e1s de tomar contacto con sus padres. Posteriormente la tarde el domingo los ni\u00f1os abordaron un bus de regreso a su pa\u00eds, siendo escoltados hasta la frontera por carros de la PDI. En tanto, los adultos quedaron detenidos y ser\u00e1n formalizados por el delito de Tr\u00e1fico il\u00edcito de drogas.<\/p>\n<p><strong>\u00a0TORNEO FANTASMA<\/strong><\/p>\n<p>Seg\u00fan se pudo establecer, hace un tiempo dos empresarios, uno de Paraguay y un extranjero, invitaron al club a tomar parte de un Torneo Internacional de F\u00fatbol Inferiores, con todos los gastos pagados. De hecho, les regalaron la indumentaria para los equipos y el bus donde viajar\u00edan tambi\u00e9n fue por costo de los empresarios, al cual incluso colocaron el logo del club. Adem\u00e1s cancelaron el hotel donde la delegaci\u00f3n alojar\u00eda en la ciudad de Santiago.<\/p>\n<p>Despu\u00e9s de encontrarse el cargamento de marihuana y con el paso de las horas, se comprob\u00f3 que no hab\u00eda torneo.<\/p>\n<p><strong>\u00a0GRAN VERG\u00dcENZA<\/strong><\/p>\n<p>En conversaci\u00f3n con nuestro medio, el Presidente del Club 8 de Diciembre, Derliz Mart\u00ednez se\u00f1al\u00f3 que no ten\u00edan idea que el bus iba cargado con droga. \u201cEn un momento, cuando llegamos a la aduana vimos que los polic\u00edas se manejaban diferentes, nos dimos cuenta que algo pasaba y despu\u00e9s, lastimosamente, vimos la droga que se quitaba del cami\u00f3n (bus), lo que fue una pena para nosotros, los padres y los ni\u00f1os porque fuimos enga\u00f1ados. Se hizo una reuni\u00f3n con los padres de los 36 chicos y todos quedaron convencidos porque nos mostraron documentos, pero fue todo un gran montaje\u201d, explic\u00f3 el dirigente.<\/p>\n<p>Agreg\u00f3 que era la primera vez que el club participaba de un torneo fuera de su pa\u00eds, \u201cpor lo que esto ha sido muy malo, no tengo palabras, y ojala nos sirva como ejemplo a nosotros y a muchas personas m\u00e1s\u201d.<\/p>\n<p>Por su parte la Gobernadora Mar\u00eda Victoria Rodr\u00edguez, dijo que esta ha sido una experiencia muy dura para estos ni\u00f1os y j\u00f3venes deportistas, quienes fueron enga\u00f1ados por los traficantes de droga para involucrarlos en un il\u00edcito.<\/p>\n<p>\u201chicimos todo lo que corresponde como gobierno para dar un apoyo humanitario especialmente a los ni\u00f1os, quienes fueron v\u00edctimas de este hecho y que est\u00e1 en v\u00edas de investigaci\u00f3n\u201d, expuso la autoridad. En el mismo tenor, el representante de la embajada del Paraguay, Jos\u00e9 Mar\u00eda Gonz\u00e1lez, declar\u00f3 que los integrantes de la delegaci\u00f3n ven\u00edan con mucha ilusi\u00f3n a nuestro pa\u00eds, \u201clastimosamente personas inescrupulosas han echado por tierra todas esas ilusiones, ya que fueron sorprendidos en su buena fe. Para nosotros lo grave es que se jug\u00f3 con los anhelos de menores, haberles hecho pasar un mal rato y desagradable\u201d, apunt\u00f3.<\/p>\n<p>Gonz\u00e1lez remarc\u00f3 que los padres de los chicos estaban muy preocupados por su situaci\u00f3n, por lo que debieron llevar adelante todas las coordinaciones respectivas para tranquilizarlos y comunicarles que ya fueron enviados de vuelta.<\/p>\n<p><strong>CABECILLA APRESADO<\/strong><\/p>\n<p>En localidad paraguaya de Puerto Falc\u00f3n, fue detenido un ciudadano ecuatoriano quien ser\u00eda el ide\u00f3logo del viaje de la delegaci\u00f3n del Club Deportivo 8 de Diciembre, se trata de Juan Antonio Vela Zalazar, de 39 a\u00f1os, quien fue detenido por personal de Interpol en un operativo desarrollado en ese puesto fronterizo, luego que se le siguiera la pista tras su salida de Chile el mismo d\u00eda s\u00e1bado. Vela adquiri\u00f3 pasajes hacia el Paraguay en el terminal Retiro de Buenos Aires y desde all\u00ed comenz\u00f3 el operativo para su detenci\u00f3n.<\/p>\n<p>Sin embargo el sujeto dijo a la Polic\u00eda guaran\u00ed que ser\u00edan otros los organizadores y financistas de esta operaci\u00f3n. En tanto, la tripulaci\u00f3n del bus fue puesta a disposici\u00f3n del Tribunal de Garant\u00eda de Los Andes y formalizada en audiencia privada por el delito de Tr\u00e1fico il\u00edcito de drogas. Se trata de Alberto Arsenio Gonz\u00e1lez, Lorenzo Rojas Gonz\u00e1lez, Bernardo Canales P\u00e9rez y Alberto Jara Gerding, quienes quedaron en Prisi\u00f3n Preventiva. En tanto, la Brigada Antinarc\u00f3ticos de la PDI contin\u00faa con las diligencias para lograr la ubicaci\u00f3n de los receptores de la droga en la ciudad de Santiago.<\/p>\n<div class=\"tiled-gallery type-rectangular tiled-gallery-unresized\" data-original-width=\"640\" data-carousel-extra='null' itemscope itemtype=\"http:\/\/schema.org\/ImageGallery\" > <div class=\"gallery-row\" style=\"width: 640px; height: 306px;\" data-original-width=\"640\" data-original-height=\"306\" > <div class=\"gallery-group images-1\" style=\"width: 456px; height: 306px;\" data-original-width=\"456\" data-original-height=\"306\" > <div class=\"tiled-gallery-item tiled-gallery-item-large\" itemprop=\"associatedMedia\" itemscope itemtype=\"http:\/\/schema.org\/ImageObject\"> <a href=\"https:\/\/eltrabajo.cl\/portal\/empresarios-paraguayos-financiaron-delegacion-deportiva-con-marihuana\/deportistas2\/\" border=\"0\" itemprop=\"url\"> <meta itemprop=\"width\" content=\"452\"> <meta itemprop=\"height\" content=\"302\"> <img decoding=\"async\" class=\"\" data-attachment-id=\"49117\" data-orig-file=\"https:\/\/eltrabajo.cl\/portal\/wp-content\/uploads\/2014\/07\/Deportistas2.jpg\" data-orig-size=\"529,353\" data-comments-opened=\"1\" data-image-meta=\"{&quot;aperture&quot;:&quot;0&quot;,&quot;credit&quot;:&quot;&quot;,&quot;camera&quot;:&quot;&quot;,&quot;caption&quot;:&quot;&quot;,&quot;created_timestamp&quot;:&quot;0&quot;,&quot;copyright&quot;:&quot;&quot;,&quot;focal_length&quot;:&quot;0&quot;,&quot;iso&quot;:&quot;0&quot;,&quot;shutter_speed&quot;:&quot;0&quot;,&quot;title&quot;:&quot;&quot;}\" data-image-title=\"Deportistas2\" data-image-description=\"&lt;p&gt;AMARGA EXPERIENCIA.- Los padres de los chicos estaban muy preocupados por su situaci\u00f3n, por lo que debieron llevar adelante todas las coordinaciones respectivas para tranquilizarlos y comunicarles que ya fueron enviados de vuelta.&lt;\/p&gt; \" data-medium-file=\"https:\/\/i0.wp.com\/eltrabajo.cl\/portal\/wp-content\/uploads\/2014\/07\/Deportistas2.jpg?fit=300%2C200&#038;ssl=1\" data-large-file=\"https:\/\/i0.wp.com\/eltrabajo.cl\/portal\/wp-content\/uploads\/2014\/07\/Deportistas2.jpg?fit=529%2C353&#038;ssl=1\" src=\"https:\/\/i0.wp.com\/eltrabajo.cl\/portal\/wp-content\/uploads\/2014\/07\/Deportistas2.jpg?w=452&#038;h=302&#038;ssl=1\" srcset=\"https:\/\/i0.wp.com\/eltrabajo.cl\/portal\/wp-content\/uploads\/2014\/07\/Deportistas2.jpg?w=529&amp;ssl=1 529w, https:\/\/i0.wp.com\/eltrabajo.cl\/portal\/wp-content\/uploads\/2014\/07\/Deportistas2.jpg?resize=200%2C133&amp;ssl=1 200w, https:\/\/i0.wp.com\/eltrabajo.cl\/portal\/wp-content\/uploads\/2014\/07\/Deportistas2.jpg?resize=300%2C200&amp;ssl=1 300w, https:\/\/i0.wp.com\/eltrabajo.cl\/portal\/wp-content\/uploads\/2014\/07\/Deportistas2.jpg?resize=150%2C100&amp;ssl=1 150w, https:\/\/i0.wp.com\/eltrabajo.cl\/portal\/wp-content\/uploads\/2014\/07\/Deportistas2.jpg?resize=400%2C266&amp;ssl=1 400w\" width=\"452\" height=\"302\" loading=\"lazy\" data-original-width=\"452\" data-original-height=\"302\" itemprop=\"http:\/\/schema.org\/image\" title=\"Deportistas2\" alt=\"AMARGA EXPERIENCIA.- Los padres de los chicos estaban muy preocupados por su situaci\u00f3n, por lo que debieron llevar adelante todas las coordinaciones respectivas para tranquilizarlos y comunicarles que ya fueron enviados de vuelta.\" style=\"width: 452px; height: 302px;\" \/> <\/a> <div class=\"tiled-gallery-caption\" itemprop=\"caption description\"> AMARGA EXPERIENCIA.- Los padres de los chicos estaban muy preocupados por su situaci\u00f3n, por lo que debieron llevar adelante todas las coordinaciones respectivas para tranquilizarlos y comunicarles que ya fueron enviados de vuelta. <\/div> <\/div> <\/div> <!-- close group --> <div class=\"gallery-group images-2\" style=\"width: 184px; height: 306px;\" data-original-width=\"184\" data-original-height=\"306\" > <div class=\"tiled-gallery-item tiled-gallery-item-small\" itemprop=\"associatedMedia\" itemscope itemtype=\"http:\/\/schema.org\/ImageObject\"> <a href=\"https:\/\/eltrabajo.cl\/portal\/empresarios-paraguayos-financiaron-delegacion-deportiva-con-marihuana\/detenido1-18\/\" border=\"0\" itemprop=\"url\"> <meta itemprop=\"width\" content=\"180\"> <meta itemprop=\"height\" content=\"118\"> <img decoding=\"async\" class=\"\" data-attachment-id=\"49118\" data-orig-file=\"https:\/\/eltrabajo.cl\/portal\/wp-content\/uploads\/2014\/07\/Detenido11.jpg\" data-orig-size=\"529,349\" data-comments-opened=\"1\" data-image-meta=\"{&quot;aperture&quot;:&quot;0&quot;,&quot;credit&quot;:&quot;&quot;,&quot;camera&quot;:&quot;&quot;,&quot;caption&quot;:&quot;&quot;,&quot;created_timestamp&quot;:&quot;0&quot;,&quot;copyright&quot;:&quot;&quot;,&quot;focal_length&quot;:&quot;0&quot;,&quot;iso&quot;:&quot;0&quot;,&quot;shutter_speed&quot;:&quot;0&quot;,&quot;title&quot;:&quot;&quot;}\" data-image-title=\"Detenido1\" data-image-description=\"&lt;p&gt;INTERPOL LO CAPTURA.- En localidad paraguaya de Puerto Falc\u00f3n, fue detenido Juan Antonio Vela Zalazar, de 39 a\u00f1os, ciudadano ecuatoriano e ide\u00f3logo del viaje de la delegaci\u00f3n del Club Deportivo 8 de Diciembre.&lt;\/p&gt; \" data-medium-file=\"https:\/\/i0.wp.com\/eltrabajo.cl\/portal\/wp-content\/uploads\/2014\/07\/Detenido11.jpg?fit=300%2C197&#038;ssl=1\" data-large-file=\"https:\/\/i0.wp.com\/eltrabajo.cl\/portal\/wp-content\/uploads\/2014\/07\/Detenido11.jpg?fit=529%2C349&#038;ssl=1\" src=\"https:\/\/i0.wp.com\/eltrabajo.cl\/portal\/wp-content\/uploads\/2014\/07\/Detenido11.jpg?w=180&#038;h=118&#038;ssl=1\" srcset=\"https:\/\/i0.wp.com\/eltrabajo.cl\/portal\/wp-content\/uploads\/2014\/07\/Detenido11.jpg?w=529&amp;ssl=1 529w, https:\/\/i0.wp.com\/eltrabajo.cl\/portal\/wp-content\/uploads\/2014\/07\/Detenido11.jpg?resize=200%2C131&amp;ssl=1 200w, https:\/\/i0.wp.com\/eltrabajo.cl\/portal\/wp-content\/uploads\/2014\/07\/Detenido11.jpg?resize=300%2C197&amp;ssl=1 300w, https:\/\/i0.wp.com\/eltrabajo.cl\/portal\/wp-content\/uploads\/2014\/07\/Detenido11.jpg?resize=150%2C98&amp;ssl=1 150w, https:\/\/i0.wp.com\/eltrabajo.cl\/portal\/wp-content\/uploads\/2014\/07\/Detenido11.jpg?resize=400%2C263&amp;ssl=1 400w\" width=\"180\" height=\"118\" loading=\"lazy\" data-original-width=\"180\" data-original-height=\"118\" itemprop=\"http:\/\/schema.org\/image\" title=\"Detenido1\" alt=\"INTERPOL LO CAPTURA.- En localidad paraguaya de Puerto Falc\u00f3n, fue detenido Juan Antonio Vela Zalazar, de 39 a\u00f1os, ciudadano ecuatoriano e ide\u00f3logo del viaje de la delegaci\u00f3n del Club Deportivo 8 de Diciembre.\" style=\"width: 180px; height: 118px;\" \/> <\/a> <div class=\"tiled-gallery-caption\" itemprop=\"caption description\"> INTERPOL LO CAPTURA.- En localidad paraguaya de Puerto Falc\u00f3n, fue detenido Juan Antonio Vela Zalazar, de 39 a\u00f1os, ciudadano ecuatoriano e ide\u00f3logo del viaje de la delegaci\u00f3n del Club Deportivo 8 de Diciembre. <\/div> <\/div> <div class=\"tiled-gallery-item tiled-gallery-item-small\" itemprop=\"associatedMedia\" itemscope itemtype=\"http:\/\/schema.org\/ImageObject\"> <a href=\"https:\/\/eltrabajo.cl\/portal\/empresarios-paraguayos-financiaron-delegacion-deportiva-con-marihuana\/martinez1-2\/\" border=\"0\" itemprop=\"url\"> <meta itemprop=\"width\" content=\"180\"> <meta itemprop=\"height\" content=\"180\"> <img decoding=\"async\" class=\"\" data-attachment-id=\"49119\" data-orig-file=\"https:\/\/eltrabajo.cl\/portal\/wp-content\/uploads\/2014\/07\/Martinez1.jpg\" data-orig-size=\"529,529\" data-comments-opened=\"1\" data-image-meta=\"{&quot;aperture&quot;:&quot;3.1&quot;,&quot;credit&quot;:&quot;&quot;,&quot;camera&quot;:&quot;DSC-H200&quot;,&quot;caption&quot;:&quot;&quot;,&quot;created_timestamp&quot;:&quot;1405874770&quot;,&quot;copyright&quot;:&quot;Copyright 2009&quot;,&quot;focal_length&quot;:&quot;4.3&quot;,&quot;iso&quot;:&quot;80&quot;,&quot;shutter_speed&quot;:&quot;0.005&quot;,&quot;title&quot;:&quot;&quot;}\" data-image-title=\"Martinez1\" data-image-description=\"&lt;p&gt;Presidente del Club 8 de Diciembre, Derliz Mart\u00ednez.&lt;\/p&gt; \" data-medium-file=\"https:\/\/i0.wp.com\/eltrabajo.cl\/portal\/wp-content\/uploads\/2014\/07\/Martinez1.jpg?fit=300%2C300&#038;ssl=1\" data-large-file=\"https:\/\/i0.wp.com\/eltrabajo.cl\/portal\/wp-content\/uploads\/2014\/07\/Martinez1.jpg?fit=529%2C529&#038;ssl=1\" src=\"https:\/\/i0.wp.com\/eltrabajo.cl\/portal\/wp-content\/uploads\/2014\/07\/Martinez1.jpg?w=180&#038;h=180&#038;crop=1&#038;ssl=1\" srcset=\"https:\/\/i0.wp.com\/eltrabajo.cl\/portal\/wp-content\/uploads\/2014\/07\/Martinez1.jpg?w=529&amp;ssl=1 529w, https:\/\/i0.wp.com\/eltrabajo.cl\/portal\/wp-content\/uploads\/2014\/07\/Martinez1.jpg?resize=150%2C150&amp;ssl=1 150w, https:\/\/i0.wp.com\/eltrabajo.cl\/portal\/wp-content\/uploads\/2014\/07\/Martinez1.jpg?resize=300%2C300&amp;ssl=1 300w, https:\/\/i0.wp.com\/eltrabajo.cl\/portal\/wp-content\/uploads\/2014\/07\/Martinez1.jpg?resize=400%2C400&amp;ssl=1 400w\" width=\"180\" height=\"180\" loading=\"lazy\" data-original-width=\"180\" data-original-height=\"180\" itemprop=\"http:\/\/schema.org\/image\" title=\"Martinez1\" alt=\"Presidente del Club 8 de Diciembre, Derliz Mart\u00ednez.\" style=\"width: 180px; height: 180px;\" \/> <\/a> <div class=\"tiled-gallery-caption\" itemprop=\"caption description\"> Presidente del Club 8 de Diciembre, Derliz Mart\u00ednez. <\/div> <\/div> <\/div> <!-- close group --> <\/div> <!-- close row --> <\/div>\n","protected":false},"excerpt":{"rendered":"<p>LOS ANDES.- El viaje efectuado a nuestro pa\u00eds por una delegaci\u00f3n deportiva del Club 8 de Diciembre de Paraguay, fue financiado por dos empresarios de ese pa\u00eds justamente como una forma de&#8230;<\/p>\n","protected":false},"author":482,"featured_media":49116,"comment_status":"open","ping_status":"closed","sticky":false,"template":"","format":"standard","meta":{"advanced_seo_description":"","jetpack_seo_html_title":"","jetpack_seo_noindex":false,"_jetpack_memberships_contains_paid_content":false,"footnotes":""},"categories":[21],"tags":[],"class_list":["post-49115","post","type-post","status-publish","format-standard","has-post-thumbnail","hentry","category-policial"],"jetpack_featured_media_url":"https:\/\/i0.wp.com\/eltrabajo.cl\/portal\/wp-content\/uploads\/2014\/07\/Deportistas1.jpg?fit=528%2C355&ssl=1","jetpack_sharing_enabled":true,"jetpack_likes_enabled":true,"jetpack-related-posts":[],"_links":{"self":[{"href":"https:\/\/eltrabajo.cl\/portal\/wp-json\/wp\/v2\/posts\/49115","targetHints":{"allow":["GET"]}}],"collection":[{"href":"https:\/\/eltrabajo.cl\/portal\/wp-json\/wp\/v2\/posts"}],"about":[{"href":"https:\/\/eltrabajo.cl\/portal\/wp-json\/wp\/v2\/types\/post"}],"author":[{"embeddable":true,"href":"https:\/\/eltrabajo.cl\/portal\/wp-json\/wp\/v2\/users\/482"}],"replies":[{"embeddable":true,"href":"https:\/\/eltrabajo.cl\/portal\/wp-json\/wp\/v2\/comments?post=49115"}],"version-history":[{"count":0,"href":"https:\/\/eltrabajo.cl\/portal\/wp-json\/wp\/v2\/posts\/49115\/revisions"}],"wp:featuredmedia":[{"embeddable":true,"href":"https:\/\/eltrabajo.cl\/portal\/wp-json\/wp\/v2\/media\/49116"}],"wp:attachment":[{"href":"https:\/\/eltrabajo.cl\/portal\/wp-json\/wp\/v2\/media?parent=49115"}],"wp:term":[{"taxonomy":"category","embeddable":true,"href":"https:\/\/eltrabajo.cl\/portal\/wp-json\/wp\/v2\/categories?post=49115"},{"taxonomy":"post_tag","embeddable":true,"href":"https:\/\/eltrabajo.cl\/portal\/wp-json\/wp\/v2\/tags?post=49115"}],"curies":[{"name":"wp","href":"https:\/\/api.w.org\/{rel}","templated":true}]}}