{"id":49122,"date":"2014-07-22T09:42:19","date_gmt":"2014-07-22T13:42:19","guid":{"rendered":"http:\/\/www.eltrabajo.cl\/portal\/?p=49122"},"modified":"2014-07-22T09:42:19","modified_gmt":"2014-07-22T13:42:19","slug":"condenado-a-diez-anos-y-un-dia-el-violador-que-ultrajo-a-hermanitas","status":"publish","type":"post","link":"https:\/\/eltrabajo.cl\/portal\/condenado-a-diez-anos-y-un-dia-el-violador-que-ultrajo-a-hermanitas\/","title":{"rendered":"Condenado a diez a\u00f1os y un d\u00eda el violador que ultraj\u00f3 a hermanitas"},"content":{"rendered":"<figure id=\"attachment_49123\" aria-describedby=\"caption-attachment-49123\" style=\"width: 317px\" class=\"wp-caption alignleft\"><a href=\"https:\/\/i0.wp.com\/www.eltrabajo.cl\/portal\/wp-content\/uploads\/2014\/07\/MANUEL-SCOTT.jpg\"><img data-recalc-dims=\"1\" loading=\"lazy\" decoding=\"async\" class=\" wp-image-49123 \" alt=\"CULPABLE.- Manuel Scott Godoy fue condenado por el Tribunal Oral en Lo Penal de San Felipe a cumplir una pena de diez a\u00f1os y un d\u00eda por el delito de Violaci\u00f3n y Abuso Sexual, cometidos el a\u00f1o 2013.\" src=\"https:\/\/i0.wp.com\/www.eltrabajo.cl\/portal\/wp-content\/uploads\/2014\/07\/MANUEL-SCOTT.jpg?resize=317%2C422\" width=\"317\" height=\"422\" srcset=\"https:\/\/i0.wp.com\/eltrabajo.cl\/portal\/wp-content\/uploads\/2014\/07\/MANUEL-SCOTT.jpg?w=529&amp;ssl=1 529w, https:\/\/i0.wp.com\/eltrabajo.cl\/portal\/wp-content\/uploads\/2014\/07\/MANUEL-SCOTT.jpg?resize=112%2C150&amp;ssl=1 112w, https:\/\/i0.wp.com\/eltrabajo.cl\/portal\/wp-content\/uploads\/2014\/07\/MANUEL-SCOTT.jpg?resize=225%2C300&amp;ssl=1 225w, https:\/\/i0.wp.com\/eltrabajo.cl\/portal\/wp-content\/uploads\/2014\/07\/MANUEL-SCOTT.jpg?resize=400%2C531&amp;ssl=1 400w\" sizes=\"auto, (max-width: 317px) 100vw, 317px\" \/><\/a><figcaption id=\"caption-attachment-49123\" class=\"wp-caption-text\">CULPABLE.- Manuel Scott Godoy fue condenado por el Tribunal Oral en Lo Penal de San Felipe a cumplir una pena de diez a\u00f1os y un d\u00eda por el delito de Violaci\u00f3n y Abuso Sexual, cometidos el a\u00f1o 2013.<\/figcaption><\/figure>\n<p>Tras la lectura de sentencia emitida por el Tribunal Oral en Lo Penal de San Felipe, \u00e9ste resolvi\u00f3 condenar a Manuel Victorino Scott Godoy a siete a\u00f1os de c\u00e1rcel por el delito de Violaci\u00f3n, adem\u00e1s de tres a\u00f1os y un d\u00eda por Abuso Sexual, siendo v\u00edctimas dos hijas de su ex-pareja en la comuna de Panquehue, lo que se traduce a una pena efectiva de diez a\u00f1os y un d\u00eda de c\u00e1rcel.<\/p>\n<p>Como se recuerda, los jueces del tribunal generaron convicci\u00f3n tras los relatos de las menores agredidas de seis y ocho a\u00f1os de edad y las pruebas presentadas por la Fiscal de Delitos Sexuales, Daniela Quevedo Henr\u00edquez, que demostraron la culpabilidad de Scott de 39 a\u00f1os en los dos delitos por lo que hoy se le condena, pese a que el condenado negaba los hechos.<\/p>\n<p>La acusaci\u00f3n reflej\u00f3 que las peque\u00f1as hermanas fueron atacadas sexualmente por la pareja de su madre. Una de las ni\u00f1as confes\u00f3 haber sido v\u00edctima de una violaci\u00f3n al interior de su dormitorio cuando se encontraba dormida. Escena que fue visualizada por su progenitora, quien descubri\u00f3 a su pareja cometiendo este crimen por el cual fue denunciado.<\/p>\n<p><strong>HUELLA DACTILAR<\/strong><\/p>\n<p>Adem\u00e1s se a\u00f1adi\u00f3 a la acusaci\u00f3n un episodio de abuso sexual que sufri\u00f3 previamente otra hija de la mujer, cuando Manuel Scott se trasladaba con la menor al interior de un microb\u00fas desde San Felipe hacia Panquehue, ocasi\u00f3n en que la ni\u00f1a fue sometida a abusos deshonestos por parte del condenado.<\/p>\n<p>Durante el juicio oral la fiscal\u00eda estaba requiriendo 30 a\u00f1os de presidio por los delitos, sin embargo pese a que el victimario manten\u00eda tres condenas anteriores por otros delitos, el tribunal decidi\u00f3 condenarlo a diez a\u00f1os y un d\u00eda por sus cr\u00edmenes, adem\u00e1s de las penas accesorias del Registro de su huella dactilar y ADN como agresor sexual, abon\u00e1ndose los d\u00edas que permaneci\u00f3 en Prisi\u00f3n Preventiva desde el 28 de junio del 2013.<\/p>\n<p>\u201cSe conden\u00f3 al acusado a siete a\u00f1os por el delito de Violaci\u00f3n m\u00e1s tres a\u00f1os y un d\u00eda por Abuso Sexual. Fueron dos menores afectadas, respectivamente. El Ministerio P\u00fablico por su parte no presentar\u00e1 Recurso de Nulidad tras la sentencia del tribunal oral\u201d, precis\u00f3 la Fiscal Daniela Quevedo. La sentencia quedar\u00e1 ejecutoriada dentro de un plazo de diez d\u00edas si es que la Defensa no presenta un Recurso de Nulidad.<\/p>\n<p>Pablo Salinas Sald\u00edas<\/p>\n","protected":false},"excerpt":{"rendered":"<p>Tras la lectura de sentencia emitida por el Tribunal Oral en Lo Penal de San Felipe, \u00e9ste resolvi\u00f3 condenar a Manuel Victorino Scott Godoy a siete a\u00f1os de c\u00e1rcel por el delito&#8230;<\/p>\n","protected":false},"author":482,"featured_media":49123,"comment_status":"open","ping_status":"closed","sticky":false,"template":"","format":"standard","meta":{"advanced_seo_description":"","jetpack_seo_html_title":"","jetpack_seo_noindex":false,"_jetpack_memberships_contains_paid_content":false,"footnotes":""},"categories":[21],"tags":[],"class_list":["post-49122","post","type-post","status-publish","format-standard","has-post-thumbnail","hentry","category-policial"],"jetpack_featured_media_url":"https:\/\/i0.wp.com\/eltrabajo.cl\/portal\/wp-content\/uploads\/2014\/07\/MANUEL-SCOTT.jpg?fit=529%2C703&ssl=1","jetpack_sharing_enabled":true,"jetpack_likes_enabled":true,"jetpack-related-posts":[],"_links":{"self":[{"href":"https:\/\/eltrabajo.cl\/portal\/wp-json\/wp\/v2\/posts\/49122","targetHints":{"allow":["GET"]}}],"collection":[{"href":"https:\/\/eltrabajo.cl\/portal\/wp-json\/wp\/v2\/posts"}],"about":[{"href":"https:\/\/eltrabajo.cl\/portal\/wp-json\/wp\/v2\/types\/post"}],"author":[{"embeddable":true,"href":"https:\/\/eltrabajo.cl\/portal\/wp-json\/wp\/v2\/users\/482"}],"replies":[{"embeddable":true,"href":"https:\/\/eltrabajo.cl\/portal\/wp-json\/wp\/v2\/comments?post=49122"}],"version-history":[{"count":0,"href":"https:\/\/eltrabajo.cl\/portal\/wp-json\/wp\/v2\/posts\/49122\/revisions"}],"wp:featuredmedia":[{"embeddable":true,"href":"https:\/\/eltrabajo.cl\/portal\/wp-json\/wp\/v2\/media\/49123"}],"wp:attachment":[{"href":"https:\/\/eltrabajo.cl\/portal\/wp-json\/wp\/v2\/media?parent=49122"}],"wp:term":[{"taxonomy":"category","embeddable":true,"href":"https:\/\/eltrabajo.cl\/portal\/wp-json\/wp\/v2\/categories?post=49122"},{"taxonomy":"post_tag","embeddable":true,"href":"https:\/\/eltrabajo.cl\/portal\/wp-json\/wp\/v2\/tags?post=49122"}],"curies":[{"name":"wp","href":"https:\/\/api.w.org\/{rel}","templated":true}]}}