{"id":49126,"date":"2014-07-22T10:06:03","date_gmt":"2014-07-22T14:06:03","guid":{"rendered":"http:\/\/www.eltrabajo.cl\/portal\/?p=49126"},"modified":"2014-07-22T10:06:03","modified_gmt":"2014-07-22T14:06:03","slug":"dos-heridos-en-violento-choque-de-autos-en-santo-domingo-esquina-yungay","status":"publish","type":"post","link":"https:\/\/eltrabajo.cl\/portal\/dos-heridos-en-violento-choque-de-autos-en-santo-domingo-esquina-yungay\/","title":{"rendered":"Dos heridos en violento choque de autos en Santo Domingo esquina Yungay"},"content":{"rendered":"<figure id=\"attachment_49127\" aria-describedby=\"caption-attachment-49127\" style=\"width: 529px\" class=\"wp-caption alignnone\"><a href=\"https:\/\/i0.wp.com\/www.eltrabajo.cl\/portal\/wp-content\/uploads\/2014\/07\/Semaforo1.jpg\"><img data-recalc-dims=\"1\" loading=\"lazy\" decoding=\"async\" class=\"size-full wp-image-49127\" alt=\"FUERTE GOLPE.- El veh\u00edculo marca Nissan producto del choque impact\u00f3 sobre el sem\u00e1foro ubicado en la intersecci\u00f3n de calles Santo Domingo con Avenida Yungay de San Felipe la ma\u00f1ana de ayer lunes.\" src=\"https:\/\/i0.wp.com\/www.eltrabajo.cl\/portal\/wp-content\/uploads\/2014\/07\/Semaforo1.jpg?resize=529%2C401\" width=\"529\" height=\"401\" srcset=\"https:\/\/i0.wp.com\/eltrabajo.cl\/portal\/wp-content\/uploads\/2014\/07\/Semaforo1.jpg?w=529&amp;ssl=1 529w, https:\/\/i0.wp.com\/eltrabajo.cl\/portal\/wp-content\/uploads\/2014\/07\/Semaforo1.jpg?resize=197%2C150&amp;ssl=1 197w, https:\/\/i0.wp.com\/eltrabajo.cl\/portal\/wp-content\/uploads\/2014\/07\/Semaforo1.jpg?resize=300%2C227&amp;ssl=1 300w, https:\/\/i0.wp.com\/eltrabajo.cl\/portal\/wp-content\/uploads\/2014\/07\/Semaforo1.jpg?resize=150%2C113&amp;ssl=1 150w, https:\/\/i0.wp.com\/eltrabajo.cl\/portal\/wp-content\/uploads\/2014\/07\/Semaforo1.jpg?resize=400%2C303&amp;ssl=1 400w\" sizes=\"auto, (max-width: 529px) 100vw, 529px\" \/><\/a><figcaption id=\"caption-attachment-49127\" class=\"wp-caption-text\">FUERTE GOLPE.- El veh\u00edculo marca Nissan producto del choque impact\u00f3 sobre el sem\u00e1foro ubicado en la intersecci\u00f3n de calles Santo Domingo con Avenida Yungay de San Felipe la ma\u00f1ana de ayer lunes.<\/figcaption><\/figure>\n<p>Dos personas resultaron heridas a consecuencia de un violento choque entre dos veh\u00edculos que se registr\u00f3 en la intersecci\u00f3n de calle Santo Domingo con Avenida Yungay de San Felipe, alrededor de las 10:00 horas de ayer lunes. Informes preliminares indican que el conductor del veh\u00edculo marca Nissan Sunny de color blanco, transitaba por calle Santo Domingo en direcci\u00f3n al oriente, mientras que el autom\u00f3vil Chevrolet de color rojo se desplazaba por Avenida Yungay hacia el sector sur, presumi\u00e9ndose que uno de los dos conductores no respet\u00f3 el sem\u00e1foro ubicado en dicha arteria.<\/p>\n<figure id=\"attachment_49128\" aria-describedby=\"caption-attachment-49128\" style=\"width: 370px\" class=\"wp-caption alignright\"><a href=\"https:\/\/i0.wp.com\/www.eltrabajo.cl\/portal\/wp-content\/uploads\/2014\/07\/Semaforo2.jpg\"><img data-recalc-dims=\"1\" loading=\"lazy\" decoding=\"async\" class=\" wp-image-49128 \" alt=\"ESPECTACULAR.- El veh\u00edculo marca Chevrolet sobrepas\u00f3 la calzada hacia el bandej\u00f3n central de la Alameda Yungay, impactando sobre un poste ubicado en ese lugar.\" src=\"https:\/\/i0.wp.com\/www.eltrabajo.cl\/portal\/wp-content\/uploads\/2014\/07\/Semaforo2.jpg?resize=370%2C281\" width=\"370\" height=\"281\" srcset=\"https:\/\/i0.wp.com\/eltrabajo.cl\/portal\/wp-content\/uploads\/2014\/07\/Semaforo2.jpg?w=529&amp;ssl=1 529w, https:\/\/i0.wp.com\/eltrabajo.cl\/portal\/wp-content\/uploads\/2014\/07\/Semaforo2.jpg?resize=197%2C150&amp;ssl=1 197w, https:\/\/i0.wp.com\/eltrabajo.cl\/portal\/wp-content\/uploads\/2014\/07\/Semaforo2.jpg?resize=300%2C227&amp;ssl=1 300w, https:\/\/i0.wp.com\/eltrabajo.cl\/portal\/wp-content\/uploads\/2014\/07\/Semaforo2.jpg?resize=150%2C113&amp;ssl=1 150w, https:\/\/i0.wp.com\/eltrabajo.cl\/portal\/wp-content\/uploads\/2014\/07\/Semaforo2.jpg?resize=400%2C303&amp;ssl=1 400w\" sizes=\"auto, (max-width: 370px) 100vw, 370px\" \/><\/a><figcaption id=\"caption-attachment-49128\" class=\"wp-caption-text\">ESPECTACULAR.- El veh\u00edculo marca Chevrolet sobrepas\u00f3 la calzada hacia el bandej\u00f3n central de la Alameda Yungay, impactando sobre un poste ubicado en ese lugar.<\/figcaption><\/figure>\n<p>A consecuencia del accidente de tr\u00e1nsito, ambos conductores resultaron heridos debiendo ser asistidos por personal del Samu que se constituy\u00f3 en el lugar para ser trasladados hasta la Unidad de Urgencias del Hospital San Camilo de San Felipe.<\/p>\n<p>En cuanto a los da\u00f1os materiales de ambos autom\u00f3viles, \u00e9stos fueron de consideraci\u00f3n tras el violento impacto, provocando adem\u00e1s da\u00f1os a uno de los sem\u00e1foros, dej\u00e1ndolo inutilizable cuando sobrepasaron el bandej\u00f3n central de la Alameda Yungay, debiendo recurrir a la cooperaci\u00f3n del personal de la Unidad de Rescates de la Primera Compa\u00f1\u00eda de Bomberos de San Felipe.<\/p>\n<p>En tanto Carabineros dispuso de diversas diligencias para investigar de acuerdo a las declaraciones de los protagonistas y testigos del accidente, para poner en antecedente al Juzgado de Polic\u00eda local, como tambi\u00e9n restablecer el tr\u00e1nsito vehicular que se mantuvo por un tiempo interrumpido.<\/p>\n<p>Pablo Salinas Sald\u00edas<\/p>\n","protected":false},"excerpt":{"rendered":"<p>Dos personas resultaron heridas a consecuencia de un violento choque entre dos veh\u00edculos que se registr\u00f3 en la intersecci\u00f3n de calle Santo Domingo con Avenida Yungay de San Felipe, alrededor de las&#8230;<\/p>\n","protected":false},"author":482,"featured_media":49127,"comment_status":"open","ping_status":"closed","sticky":false,"template":"","format":"standard","meta":{"advanced_seo_description":"","jetpack_seo_html_title":"","jetpack_seo_noindex":false,"_jetpack_memberships_contains_paid_content":false,"footnotes":""},"categories":[21],"tags":[],"class_list":["post-49126","post","type-post","status-publish","format-standard","has-post-thumbnail","hentry","category-policial"],"jetpack_featured_media_url":"https:\/\/i0.wp.com\/eltrabajo.cl\/portal\/wp-content\/uploads\/2014\/07\/Semaforo1.jpg?fit=529%2C401&ssl=1","jetpack_sharing_enabled":true,"jetpack_likes_enabled":true,"jetpack-related-posts":[],"_links":{"self":[{"href":"https:\/\/eltrabajo.cl\/portal\/wp-json\/wp\/v2\/posts\/49126","targetHints":{"allow":["GET"]}}],"collection":[{"href":"https:\/\/eltrabajo.cl\/portal\/wp-json\/wp\/v2\/posts"}],"about":[{"href":"https:\/\/eltrabajo.cl\/portal\/wp-json\/wp\/v2\/types\/post"}],"author":[{"embeddable":true,"href":"https:\/\/eltrabajo.cl\/portal\/wp-json\/wp\/v2\/users\/482"}],"replies":[{"embeddable":true,"href":"https:\/\/eltrabajo.cl\/portal\/wp-json\/wp\/v2\/comments?post=49126"}],"version-history":[{"count":0,"href":"https:\/\/eltrabajo.cl\/portal\/wp-json\/wp\/v2\/posts\/49126\/revisions"}],"wp:featuredmedia":[{"embeddable":true,"href":"https:\/\/eltrabajo.cl\/portal\/wp-json\/wp\/v2\/media\/49127"}],"wp:attachment":[{"href":"https:\/\/eltrabajo.cl\/portal\/wp-json\/wp\/v2\/media?parent=49126"}],"wp:term":[{"taxonomy":"category","embeddable":true,"href":"https:\/\/eltrabajo.cl\/portal\/wp-json\/wp\/v2\/categories?post=49126"},{"taxonomy":"post_tag","embeddable":true,"href":"https:\/\/eltrabajo.cl\/portal\/wp-json\/wp\/v2\/tags?post=49126"}],"curies":[{"name":"wp","href":"https:\/\/api.w.org\/{rel}","templated":true}]}}