{"id":4913,"date":"2011-10-18T09:28:17","date_gmt":"2011-10-18T13:28:17","guid":{"rendered":"http:\/\/www.eltrabajo.cl\/portal\/?p=4913"},"modified":"2011-10-18T09:28:17","modified_gmt":"2011-10-18T13:28:17","slug":"unos-dos-mil-millones-demandara-nuevo-cesfam-cordillera-andina","status":"publish","type":"post","link":"https:\/\/eltrabajo.cl\/portal\/unos-dos-mil-millones-demandara-nuevo-cesfam-cordillera-andina\/","title":{"rendered":"Unos dos mil millones demandar\u00e1 nuevo Cesfam Cordillera Andina"},"content":{"rendered":"<figure id=\"attachment_4914\" aria-describedby=\"caption-attachment-4914\" style=\"width: 600px\" class=\"wp-caption alignnone\"><a href=\"http:\/\/www.eltrabajo.cl\/portal\/archives\/4913\/dialogo_empresa\" rel=\"attachment wp-att-4914\"><img data-recalc-dims=\"1\" loading=\"lazy\" decoding=\"async\" class=\"size-full wp-image-4914\" title=\"DIALOGO_EMPRESA\" src=\"https:\/\/i0.wp.com\/www.eltrabajo.cl\/portal\/wp-content\/uploads\/2011\/10\/DIALOGO_EMPRESA.jpg?resize=600%2C400\" alt=\"\" width=\"600\" height=\"400\" srcset=\"https:\/\/i0.wp.com\/eltrabajo.cl\/portal\/wp-content\/uploads\/2011\/10\/DIALOGO_EMPRESA.jpg?w=600&amp;ssl=1 600w, https:\/\/i0.wp.com\/eltrabajo.cl\/portal\/wp-content\/uploads\/2011\/10\/DIALOGO_EMPRESA.jpg?resize=200%2C133&amp;ssl=1 200w, https:\/\/i0.wp.com\/eltrabajo.cl\/portal\/wp-content\/uploads\/2011\/10\/DIALOGO_EMPRESA.jpg?resize=300%2C200&amp;ssl=1 300w, https:\/\/i0.wp.com\/eltrabajo.cl\/portal\/wp-content\/uploads\/2011\/10\/DIALOGO_EMPRESA.jpg?resize=150%2C100&amp;ssl=1 150w, https:\/\/i0.wp.com\/eltrabajo.cl\/portal\/wp-content\/uploads\/2011\/10\/DIALOGO_EMPRESA.jpg?resize=400%2C266&amp;ssl=1 400w\" sizes=\"auto, (max-width: 600px) 100vw, 600px\" \/><\/a><figcaption id=\"caption-attachment-4914\" class=\"wp-caption-text\">Autoridades en visita al lugar donde se construir\u00e1 el nuevo Cesfam Cordillera Andina.<\/figcaption><\/figure>\n<p><strong>El Director del Servicio de Salud Aconcagua, Rodrigo Infante, explic\u00f3 que de acuerdo a los plazos establecidos en el proceso, a fines de esta semana se tendr\u00e1 claridad sobre la contratista que tendr\u00e1 la responsabilidad de llevar a cabo la construcci\u00f3n de la nueva infraestructura del establecimiento asistencial<\/strong>.<\/p>\n<p>Confirmando lo adelantado durante los \u00faltimos d\u00edas sobre la construcci\u00f3n del nuevo Cesfam Cordillera Andina, el Director del Servicio de Salud Aconcagua, Rodrigo Infante, confirm\u00f3 que el pr\u00f3ximo viernes se conocer\u00e1 la empresa que se har\u00e1 cargo de la ejecuci\u00f3n de las obras que permitir\u00e1n normalizar el centro asistencial de la parte norte de Los Andes.<\/p>\n<p>En la oportunidad, la autoridad explic\u00f3 que en cada una de las visitas a terreno se ha sido muy claro con los posibles oferentes en los montos y plazos que tiene la obra, la que tiene un presupuesto cercano a los 2.000 millones de pesos y que contempla 4.500 metros cuadrados, lo que significa un establecimiento tres veces m\u00e1s grande que el actual y con tres pisos de construcci\u00f3n.<\/p>\n<p>\u00abEl Gobierno del Presidente Pi\u00f1era ha tenido la voluntad de construir este Cesfam y no hacerlo esperar m\u00e1s. Por ello es que ya hemos dado curso a la licitaci\u00f3n y el viernes esperamos adjudicar las obras a la empresa que oferte las mejores condiciones. En una visita a terreno pude conocer a varios oferentes y con todo nuestro equipo fuimos muy claros en decirles que en esta obra seremos muy estrictos con los plazos, como lo fuimos por ejemplo con el Hospital de Putaendo o el Cecosf de Lo Calvo\u00bb, expres\u00f3 Rodrigo Infante.<\/p>\n<p>El Director del Servicio de Salud manifest\u00f3 que los plazos que se manejan para la construcci\u00f3n del Cesfam est\u00e1n cifrados entre 330 y 360 d\u00edas, lo que significa que a fines del 2012 se podr\u00eda contar con la obra terminada. \u00abNuestro objetivo es que los usuarios y funcionarios est\u00e9n s\u00f3lo un invierno fuera del Cesfam, por lo que trabajaremos fuertemente en los tiempos de la obra, entregando el terreno a la empresa los primeros d\u00edas de diciembre\u00bb, dijo Infante, quien aclar\u00f3 que el Cesfam se instalar\u00e1 durante este tiempo en una casa ubicada en el centro de Los Andes, la que se adecuar\u00e1 a las necesidades de los usuarios y funcionarios.<\/p>\n<p>La autoridad recalc\u00f3 que se est\u00e1 trabajando en conjunto con los municipios de la Provincia de Los Andes para acelerar o generar los proyectos para nuevos establecimientos de salud en las cuatro comunas. \u00abEn el caso del Cesfam Centenario de Los Andes estamos a la espera de la firma de los documentos referentes a los fondos del Gobierno Regional para avanzar a las siguientes etapas, con San Esteban y Rinconada estamos trabajando con ambos municipios para la generaci\u00f3n de los proyectos que permitan a estas comunas contar con nuevos establecimientos, y en Calle Larga hemos visto como ya se cuenta con un terreno y con los fondos que el Gobierno ha entregado para que se construya el nuevo Centro de Salud Familiar\u00bb, concluy\u00f3 el Director del Servicio de Salud.<\/p>\n","protected":false},"excerpt":{"rendered":"<p>El Director del Servicio de Salud Aconcagua, Rodrigo Infante, explic\u00f3 que de acuerdo a los plazos establecidos en el proceso, a fines de esta semana se tendr\u00e1 claridad sobre la contratista que&#8230;<\/p>\n","protected":false},"author":482,"featured_media":4914,"comment_status":"open","ping_status":"open","sticky":false,"template":"","format":"standard","meta":{"advanced_seo_description":"","jetpack_seo_html_title":"","jetpack_seo_noindex":false,"_jetpack_memberships_contains_paid_content":false,"footnotes":""},"categories":[18],"tags":[],"class_list":["post-4913","post","type-post","status-publish","format-standard","has-post-thumbnail","hentry","category-salud"],"jetpack_featured_media_url":"https:\/\/i0.wp.com\/eltrabajo.cl\/portal\/wp-content\/uploads\/2011\/10\/DIALOGO_EMPRESA.jpg?fit=600%2C400&ssl=1","jetpack_sharing_enabled":true,"jetpack_likes_enabled":true,"jetpack-related-posts":[],"_links":{"self":[{"href":"https:\/\/eltrabajo.cl\/portal\/wp-json\/wp\/v2\/posts\/4913","targetHints":{"allow":["GET"]}}],"collection":[{"href":"https:\/\/eltrabajo.cl\/portal\/wp-json\/wp\/v2\/posts"}],"about":[{"href":"https:\/\/eltrabajo.cl\/portal\/wp-json\/wp\/v2\/types\/post"}],"author":[{"embeddable":true,"href":"https:\/\/eltrabajo.cl\/portal\/wp-json\/wp\/v2\/users\/482"}],"replies":[{"embeddable":true,"href":"https:\/\/eltrabajo.cl\/portal\/wp-json\/wp\/v2\/comments?post=4913"}],"version-history":[{"count":0,"href":"https:\/\/eltrabajo.cl\/portal\/wp-json\/wp\/v2\/posts\/4913\/revisions"}],"wp:featuredmedia":[{"embeddable":true,"href":"https:\/\/eltrabajo.cl\/portal\/wp-json\/wp\/v2\/media\/4914"}],"wp:attachment":[{"href":"https:\/\/eltrabajo.cl\/portal\/wp-json\/wp\/v2\/media?parent=4913"}],"wp:term":[{"taxonomy":"category","embeddable":true,"href":"https:\/\/eltrabajo.cl\/portal\/wp-json\/wp\/v2\/categories?post=4913"},{"taxonomy":"post_tag","embeddable":true,"href":"https:\/\/eltrabajo.cl\/portal\/wp-json\/wp\/v2\/tags?post=4913"}],"curies":[{"name":"wp","href":"https:\/\/api.w.org\/{rel}","templated":true}]}}