{"id":49145,"date":"2014-07-23T09:26:02","date_gmt":"2014-07-23T13:26:02","guid":{"rendered":"http:\/\/www.eltrabajo.cl\/portal\/?p=49145"},"modified":"2014-07-23T09:31:14","modified_gmt":"2014-07-23T13:31:14","slug":"mas-de-300-adultos-mayores-compartieron-en-la-mateada-2014","status":"publish","type":"post","link":"https:\/\/eltrabajo.cl\/portal\/mas-de-300-adultos-mayores-compartieron-en-la-mateada-2014\/","title":{"rendered":"M\u00e1s de 300 adultos mayores compartieron en la mateada 2014"},"content":{"rendered":"<figure id=\"attachment_49146\" aria-describedby=\"caption-attachment-49146\" style=\"width: 528px\" class=\"wp-caption alignnone\"><a href=\"https:\/\/i0.wp.com\/www.eltrabajo.cl\/portal\/wp-content\/uploads\/2014\/07\/Abuelos12.jpg\"><img data-recalc-dims=\"1\" loading=\"lazy\" decoding=\"async\" class=\"size-full wp-image-49146\" alt=\"Tradicional actividad permiti\u00f3 a vecinos de la comuna compartir y disfrutar de un grato momento.\" src=\"https:\/\/i0.wp.com\/www.eltrabajo.cl\/portal\/wp-content\/uploads\/2014\/07\/Abuelos12.jpg?resize=528%2C328\" width=\"528\" height=\"328\" srcset=\"https:\/\/i0.wp.com\/eltrabajo.cl\/portal\/wp-content\/uploads\/2014\/07\/Abuelos12.jpg?w=528&amp;ssl=1 528w, https:\/\/i0.wp.com\/eltrabajo.cl\/portal\/wp-content\/uploads\/2014\/07\/Abuelos12.jpg?resize=200%2C124&amp;ssl=1 200w, https:\/\/i0.wp.com\/eltrabajo.cl\/portal\/wp-content\/uploads\/2014\/07\/Abuelos12.jpg?resize=300%2C186&amp;ssl=1 300w, https:\/\/i0.wp.com\/eltrabajo.cl\/portal\/wp-content\/uploads\/2014\/07\/Abuelos12.jpg?resize=150%2C93&amp;ssl=1 150w, https:\/\/i0.wp.com\/eltrabajo.cl\/portal\/wp-content\/uploads\/2014\/07\/Abuelos12.jpg?resize=400%2C248&amp;ssl=1 400w\" sizes=\"auto, (max-width: 528px) 100vw, 528px\" \/><\/a><figcaption id=\"caption-attachment-49146\" class=\"wp-caption-text\">Tradicional actividad permiti\u00f3 a vecinos de la comuna compartir y disfrutar de un grato momento.<\/figcaption><\/figure>\n<p><strong>CALLE LARGA<\/strong>.- Una entretenida jornada disfrutaron m\u00e1s de 300 socios de los clubes de Adulto Mayor de Calle Larga, en la tradicional mateada realizada en dependencias del gimnasio municipal de la comuna. Tal como se ha realizado desde hace varios a\u00f1os, en esta actividad los adultos mayores pudieron disfrutar y compartir de un grato momento, instancia en la que adem\u00e1s degustaron el tradicional mate, como tambi\u00e9n pasteles y diversas comidas confeccionadas por ellos mismos.<\/p>\n<figure id=\"attachment_49147\" aria-describedby=\"caption-attachment-49147\" style=\"width: 370px\" class=\"wp-caption alignright\"><a href=\"https:\/\/i0.wp.com\/www.eltrabajo.cl\/portal\/wp-content\/uploads\/2014\/07\/Abuelos21.jpg\"><img data-recalc-dims=\"1\" loading=\"lazy\" decoding=\"async\" class=\" wp-image-49147 \" alt=\"Una entretenida jornada disfrutaron m\u00e1s de 300 socios de los clubes de Adulto Mayor de Calle Larga, en la tradicional mateada realizada en dependencias del gimnasio municipal de esa comuna.\" src=\"https:\/\/i0.wp.com\/www.eltrabajo.cl\/portal\/wp-content\/uploads\/2014\/07\/Abuelos21.jpg?resize=370%2C193\" width=\"370\" height=\"193\" srcset=\"https:\/\/i0.wp.com\/eltrabajo.cl\/portal\/wp-content\/uploads\/2014\/07\/Abuelos21.jpg?w=529&amp;ssl=1 529w, https:\/\/i0.wp.com\/eltrabajo.cl\/portal\/wp-content\/uploads\/2014\/07\/Abuelos21.jpg?resize=200%2C104&amp;ssl=1 200w, https:\/\/i0.wp.com\/eltrabajo.cl\/portal\/wp-content\/uploads\/2014\/07\/Abuelos21.jpg?resize=300%2C156&amp;ssl=1 300w, https:\/\/i0.wp.com\/eltrabajo.cl\/portal\/wp-content\/uploads\/2014\/07\/Abuelos21.jpg?resize=150%2C78&amp;ssl=1 150w, https:\/\/i0.wp.com\/eltrabajo.cl\/portal\/wp-content\/uploads\/2014\/07\/Abuelos21.jpg?resize=400%2C208&amp;ssl=1 400w\" sizes=\"auto, (max-width: 370px) 100vw, 370px\" \/><\/a><figcaption id=\"caption-attachment-49147\" class=\"wp-caption-text\">Una entretenida jornada disfrutaron m\u00e1s de 300 socios de los clubes de Adulto Mayor de Calle Larga, en la tradicional mateada realizada en dependencias del gimnasio municipal de esa comuna.<\/figcaption><\/figure>\n<p>Sobre esta actividad, misma que re\u00fane cada a\u00f1o a una gran cantidad de vecinos de la comuna, se refiri\u00f3 el Alcalde Nelson Venegas. \u201cEsta es una actividad que tradicionalmente se viene realizando en esta fecha. La idea es que con actividades como \u00e9sta los adultos mayores puedan distraerse y socializar entre ellos. Estos es sumamente importante porque uno de los problemas que tienen algunos de los datos mayores es la soledad, por eso es que a trav\u00e9s de estas instancias ellos salen de esa soledad y lo pasan bien, mejorando as\u00ed tambi\u00e9n su calidad de vida\u201d, sostuvo Venegas.<\/p>\n<p>Tambi\u00e9n Sonia Alfaro, Presidente de la Uni\u00f3n Comunal de adultos mayores de Calle Larga, destac\u00f3 la realizaci\u00f3n de esta tradicional actividad en nuestra comuna.<\/p>\n<p>\u201cEs tradicional esta actividad pero cada a\u00f1o va tomando m\u00e1s fuerza. Queremos seguir con esta actividad con m\u00e1s fuerza todav\u00eda, con el apoyo de las autoridades que es sumamente importante. En esta mateada como en otras que organiza la Municipalidad los vecinos y vecinas comparten y se distraen de sus actividades diarias y eso es sumamente importante para todos nosotros\u201d, agreg\u00f3 la presidenta de la Uni\u00f3n Comunal de adultos mayores de Calle Larga.<\/p>\n<p>Durante esta actividad once clubes de Adulto Mayor recibieron del municipio una subvenci\u00f3n de $100.000 y la Uni\u00f3n Comunal de adultos mayores recibi\u00f3 $120.000. Este dinero ser\u00e1 utilizado por las agrupaciones para la realizaci\u00f3n de diversas actividades que beneficiar\u00e1n a sus socios.<\/p>\n<p>&nbsp;<\/p>\n","protected":false},"excerpt":{"rendered":"<p>CALLE LARGA.- Una entretenida jornada disfrutaron m\u00e1s de 300 socios de los clubes de Adulto Mayor de Calle Larga, en la tradicional mateada realizada en dependencias del gimnasio municipal de la comuna&#8230;.<\/p>\n","protected":false},"author":482,"featured_media":49146,"comment_status":"open","ping_status":"closed","sticky":false,"template":"","format":"standard","meta":{"advanced_seo_description":"","jetpack_seo_html_title":"","jetpack_seo_noindex":false,"_jetpack_memberships_contains_paid_content":false,"footnotes":""},"categories":[15],"tags":[],"class_list":["post-49145","post","type-post","status-publish","format-standard","has-post-thumbnail","hentry","category-comunidad"],"jetpack_featured_media_url":"https:\/\/i0.wp.com\/eltrabajo.cl\/portal\/wp-content\/uploads\/2014\/07\/Abuelos12.jpg?fit=528%2C328&ssl=1","jetpack_sharing_enabled":true,"jetpack_likes_enabled":true,"jetpack-related-posts":[],"_links":{"self":[{"href":"https:\/\/eltrabajo.cl\/portal\/wp-json\/wp\/v2\/posts\/49145","targetHints":{"allow":["GET"]}}],"collection":[{"href":"https:\/\/eltrabajo.cl\/portal\/wp-json\/wp\/v2\/posts"}],"about":[{"href":"https:\/\/eltrabajo.cl\/portal\/wp-json\/wp\/v2\/types\/post"}],"author":[{"embeddable":true,"href":"https:\/\/eltrabajo.cl\/portal\/wp-json\/wp\/v2\/users\/482"}],"replies":[{"embeddable":true,"href":"https:\/\/eltrabajo.cl\/portal\/wp-json\/wp\/v2\/comments?post=49145"}],"version-history":[{"count":0,"href":"https:\/\/eltrabajo.cl\/portal\/wp-json\/wp\/v2\/posts\/49145\/revisions"}],"wp:featuredmedia":[{"embeddable":true,"href":"https:\/\/eltrabajo.cl\/portal\/wp-json\/wp\/v2\/media\/49146"}],"wp:attachment":[{"href":"https:\/\/eltrabajo.cl\/portal\/wp-json\/wp\/v2\/media?parent=49145"}],"wp:term":[{"taxonomy":"category","embeddable":true,"href":"https:\/\/eltrabajo.cl\/portal\/wp-json\/wp\/v2\/categories?post=49145"},{"taxonomy":"post_tag","embeddable":true,"href":"https:\/\/eltrabajo.cl\/portal\/wp-json\/wp\/v2\/tags?post=49145"}],"curies":[{"name":"wp","href":"https:\/\/api.w.org\/{rel}","templated":true}]}}