{"id":49150,"date":"2014-07-23T09:27:11","date_gmt":"2014-07-23T13:27:11","guid":{"rendered":"http:\/\/www.eltrabajo.cl\/portal\/?p=49150"},"modified":"2014-07-23T09:27:11","modified_gmt":"2014-07-23T13:27:11","slug":"vecinos-de-piguchen-denuncian-continuo-envenenamiento-de-perros","status":"publish","type":"post","link":"https:\/\/eltrabajo.cl\/portal\/vecinos-de-piguchen-denuncian-continuo-envenenamiento-de-perros\/","title":{"rendered":"Vecinos de Piguch\u00e9n denuncian continuo envenenamiento de perros"},"content":{"rendered":"<figure id=\"attachment_49151\" aria-describedby=\"caption-attachment-49151\" style=\"width: 528px\" class=\"wp-caption alignnone\"><a href=\"https:\/\/i0.wp.com\/www.eltrabajo.cl\/portal\/wp-content\/uploads\/2014\/07\/Perrita1.jpg\"><img data-recalc-dims=\"1\" loading=\"lazy\" decoding=\"async\" class=\"size-full wp-image-49151\" alt=\"MASCOTA GRAVE.- En las \u00faltimas horas, Oriana Berr\u00edos ha visto c\u00f3mo tres de sus perros han sido envenenados e incluso tal como lo muestra la fotograf\u00eda principal, una perra se encuentra gravemente afectada despu\u00e9s de haber sido envenenada.\" src=\"https:\/\/i0.wp.com\/www.eltrabajo.cl\/portal\/wp-content\/uploads\/2014\/07\/Perrita1.jpg?resize=528%2C322\" width=\"528\" height=\"322\" srcset=\"https:\/\/i0.wp.com\/eltrabajo.cl\/portal\/wp-content\/uploads\/2014\/07\/Perrita1.jpg?w=528&amp;ssl=1 528w, https:\/\/i0.wp.com\/eltrabajo.cl\/portal\/wp-content\/uploads\/2014\/07\/Perrita1.jpg?resize=200%2C121&amp;ssl=1 200w, https:\/\/i0.wp.com\/eltrabajo.cl\/portal\/wp-content\/uploads\/2014\/07\/Perrita1.jpg?resize=300%2C182&amp;ssl=1 300w, https:\/\/i0.wp.com\/eltrabajo.cl\/portal\/wp-content\/uploads\/2014\/07\/Perrita1.jpg?resize=150%2C91&amp;ssl=1 150w, https:\/\/i0.wp.com\/eltrabajo.cl\/portal\/wp-content\/uploads\/2014\/07\/Perrita1.jpg?resize=400%2C243&amp;ssl=1 400w\" sizes=\"auto, (max-width: 528px) 100vw, 528px\" \/><\/a><figcaption id=\"caption-attachment-49151\" class=\"wp-caption-text\">MASCOTA GRAVE.- En las \u00faltimas horas, Oriana Berr\u00edos ha visto c\u00f3mo tres de sus perros han sido envenenados e incluso tal como lo muestra la fotograf\u00eda principal, una perra se encuentra gravemente afectada despu\u00e9s de haber sido envenenada.<\/figcaption><\/figure>\n<p><strong>PUTAENDO<\/strong>.- Durante estos \u00faltimos d\u00edas han sido varios los vecinos que denunciaron un sistem\u00e1tico envenenamiento de perros en Piguch\u00e9n. Oriana Berr\u00edos indic\u00f3 que en la \u00faltima semana han sido varios los perros que han resultado envenenados y que incluso su padre tuvo que sacar un cachorro envenenado que fue arrojado a una acequia. En las \u00faltimas horas, Oriana Berr\u00edos ha visto c\u00f3mo tres de sus perros han sido envenenados e incluso tal como lo muestra la fotograf\u00eda principal, una perra se encuentra gravemente afectada despu\u00e9s de haber sido envenenada.<\/p>\n<p>La vecina hizo un llamado para tomar conciencia en cuanto al da\u00f1o que se est\u00e1 realizando con el envenenamiento de perros, adem\u00e1s sostuvo que son m\u00e1s los vecinos que han visto como sus mascotas han sido envenenadas, lo que fue corroborado con el testimonio de varios vecinos que confirmaron que tambi\u00e9n han sufrido el envenenamiento de sus perros, aparentemente con productos ocupados para desinfectar \u00e1rboles.<\/p>\n<p>Esta situaci\u00f3n no es nueva y lamentablemente se ha repetido en varios otros sectores de la comuna donde sistem\u00e1ticamente aparecen perros envenenados y los autores de este hecho nunca son sorprendidos y sancionados por su cruel actuar.<\/p>\n<p>Patricio Gallardo M.<\/p>\n","protected":false},"excerpt":{"rendered":"<p>PUTAENDO.- Durante estos \u00faltimos d\u00edas han sido varios los vecinos que denunciaron un sistem\u00e1tico envenenamiento de perros en Piguch\u00e9n. Oriana Berr\u00edos indic\u00f3 que en la \u00faltima semana han sido varios los perros&#8230;<\/p>\n","protected":false},"author":482,"featured_media":49151,"comment_status":"open","ping_status":"closed","sticky":false,"template":"","format":"standard","meta":{"advanced_seo_description":"","jetpack_seo_html_title":"","jetpack_seo_noindex":false,"_jetpack_memberships_contains_paid_content":false,"footnotes":""},"categories":[15],"tags":[],"class_list":["post-49150","post","type-post","status-publish","format-standard","has-post-thumbnail","hentry","category-comunidad"],"jetpack_featured_media_url":"https:\/\/i0.wp.com\/eltrabajo.cl\/portal\/wp-content\/uploads\/2014\/07\/Perrita1.jpg?fit=528%2C322&ssl=1","jetpack_sharing_enabled":true,"jetpack_likes_enabled":true,"jetpack-related-posts":[],"_links":{"self":[{"href":"https:\/\/eltrabajo.cl\/portal\/wp-json\/wp\/v2\/posts\/49150","targetHints":{"allow":["GET"]}}],"collection":[{"href":"https:\/\/eltrabajo.cl\/portal\/wp-json\/wp\/v2\/posts"}],"about":[{"href":"https:\/\/eltrabajo.cl\/portal\/wp-json\/wp\/v2\/types\/post"}],"author":[{"embeddable":true,"href":"https:\/\/eltrabajo.cl\/portal\/wp-json\/wp\/v2\/users\/482"}],"replies":[{"embeddable":true,"href":"https:\/\/eltrabajo.cl\/portal\/wp-json\/wp\/v2\/comments?post=49150"}],"version-history":[{"count":0,"href":"https:\/\/eltrabajo.cl\/portal\/wp-json\/wp\/v2\/posts\/49150\/revisions"}],"wp:featuredmedia":[{"embeddable":true,"href":"https:\/\/eltrabajo.cl\/portal\/wp-json\/wp\/v2\/media\/49151"}],"wp:attachment":[{"href":"https:\/\/eltrabajo.cl\/portal\/wp-json\/wp\/v2\/media?parent=49150"}],"wp:term":[{"taxonomy":"category","embeddable":true,"href":"https:\/\/eltrabajo.cl\/portal\/wp-json\/wp\/v2\/categories?post=49150"},{"taxonomy":"post_tag","embeddable":true,"href":"https:\/\/eltrabajo.cl\/portal\/wp-json\/wp\/v2\/tags?post=49150"}],"curies":[{"name":"wp","href":"https:\/\/api.w.org\/{rel}","templated":true}]}}