{"id":49154,"date":"2014-07-23T09:28:18","date_gmt":"2014-07-23T13:28:18","guid":{"rendered":"http:\/\/www.eltrabajo.cl\/portal\/?p=49154"},"modified":"2014-07-23T09:28:18","modified_gmt":"2014-07-23T13:28:18","slug":"invitan-a-vecinos-a-participar-en-programa-mas-capaz","status":"publish","type":"post","link":"https:\/\/eltrabajo.cl\/portal\/invitan-a-vecinos-a-participar-en-programa-mas-capaz\/","title":{"rendered":"Invitan a vecinos a participar en Programa M\u00e1s Capaz"},"content":{"rendered":"<figure id=\"attachment_49155\" aria-describedby=\"caption-attachment-49155\" style=\"width: 529px\" class=\"wp-caption alignnone\"><a href=\"https:\/\/i0.wp.com\/www.eltrabajo.cl\/portal\/wp-content\/uploads\/2014\/07\/conferencia.jpg\"><img data-recalc-dims=\"1\" loading=\"lazy\" decoding=\"async\" class=\"size-full wp-image-49155\" alt=\"Los cursos de capacitaci\u00f3n se realizar\u00e1n tanto en el Liceo Roberto Humeres como en el Liceo San Felipe, por lo que ambas directoras destacaron la realizaci\u00f3n de la iniciativa e invitaron a los vecinos a participar.\" src=\"https:\/\/i0.wp.com\/www.eltrabajo.cl\/portal\/wp-content\/uploads\/2014\/07\/conferencia.jpg?resize=529%2C401\" width=\"529\" height=\"401\" srcset=\"https:\/\/i0.wp.com\/eltrabajo.cl\/portal\/wp-content\/uploads\/2014\/07\/conferencia.jpg?w=529&amp;ssl=1 529w, https:\/\/i0.wp.com\/eltrabajo.cl\/portal\/wp-content\/uploads\/2014\/07\/conferencia.jpg?resize=197%2C150&amp;ssl=1 197w, https:\/\/i0.wp.com\/eltrabajo.cl\/portal\/wp-content\/uploads\/2014\/07\/conferencia.jpg?resize=300%2C227&amp;ssl=1 300w, https:\/\/i0.wp.com\/eltrabajo.cl\/portal\/wp-content\/uploads\/2014\/07\/conferencia.jpg?resize=150%2C113&amp;ssl=1 150w, https:\/\/i0.wp.com\/eltrabajo.cl\/portal\/wp-content\/uploads\/2014\/07\/conferencia.jpg?resize=400%2C303&amp;ssl=1 400w\" sizes=\"auto, (max-width: 529px) 100vw, 529px\" \/><\/a><figcaption id=\"caption-attachment-49155\" class=\"wp-caption-text\">Los cursos de capacitaci\u00f3n se realizar\u00e1n tanto en el Liceo Roberto Humeres como en el Liceo San Felipe, por lo que ambas directoras destacaron la realizaci\u00f3n de la iniciativa e invitaron a los vecinos a participar.<\/figcaption><\/figure>\n<p>Desde el viernes 18 de julio se encuentran abiertas las inscripciones para participar en los cursos de capacitaci\u00f3n en oficios del Programa M\u00e1s Capaz de Sence, iniciativa que tiene como objetivo habilitar a los vecinos de San Felipe en distintas \u00e1reas. En esta capacitaci\u00f3n pueden participar mujeres, entre los 20 y 60 a\u00f1os de edad y j\u00f3venes entre los 16 y 29 a\u00f1os de edad. Adem\u00e1s la iniciativa permite capacitar a personas con necesidades educativas especiales, lo que se realizar\u00e1 a trav\u00e9s de una Otec.<\/p>\n<p>El Alcalde Patricio Freire destac\u00f3 la realizaci\u00f3n de este tipo de iniciativas, que busca entregar nuevas herramientas a los vecinos de la comuna. \u201cEstamos contentos por la realizaci\u00f3n de esta iniciativa de Sence, que permitir\u00e1 a los vecinos aprender distintos oficios. Nuestro llamado es a todos los vecinos a integrarse a los cursos y as\u00ed contar con mejores herramientas para enfrentarse al mundo laboral\u201d, dijo el jefe comunal.<\/p>\n<p>Entre los requisitos para postular se encuentran cumplir con los rangos de edad; estar dentro de los tres primeros quintiles y tener un puntaje en la ficha de Protecci\u00f3n Social no superior a los 13.484, por lo que las personas que se encuentren interesados deben dirigirse a la Oficina Municipal de Intermediaci\u00f3n Laboral, Omil.<\/p>\n<p>Los cursos de capacitaci\u00f3n se realizar\u00e1n tanto en el Liceo Roberto Humeres como en el Liceo San Felipe, por lo que ambas directoras destacaron la realizaci\u00f3n de la iniciativa e invitaron a los vecinos a participar.<\/p>\n<p>\u201cNosotros en el liceo vamos a instaurar un curso y el llamado principal es a las mujeres, a las due\u00f1as de casa, invitamos a las vecinas de San Felipe a unirse a esta gran iniciativa que tiene el Gobierno y la Municipalidad de San Felipe para poder potenciar los oficios y as\u00ed tener un nuevo ingreso salarial al hogar. Nosotros como colegio vamos a instalar el sistema de asistente administrativo para poder potenciar el \u00e1rea de secretariado y administraci\u00f3n dentro de la comuna, por ello la invitaci\u00f3n es a todas las mujeres a participar con nosotros\u201d, dijo Romina Fuemy, Directora del Liceo Roberto Humeres.<\/p>\n<p>Los cursos parten en el mes de agosto y terminan en diciembre y tienen un cupo para 20 personas en los dos establecimientos seleccionados.<\/p>\n<p>Carmen Gloria V\u00e1squez, directora del Liceo San Felipe, explic\u00f3 que en ese establecimiento se realizar\u00e1 capacitaci\u00f3n en oficios en piso flotante y cer\u00e1mica, utilizando los recursos existentes en el liceo. \u201cEn el Liceo San Felipe se van a ocupar los recursos que ya tiene y la capacitaci\u00f3n en oficios en piso flotante y cer\u00e1mica, por ello el llamado a los varones y j\u00f3venes que est\u00e9n interesados para que ellos puedan acceder a esta certificaci\u00f3n\u201d.<\/p>\n<p>La asistente social de la Omil, Estefani Vicencio, se\u00f1al\u00f3 que una vez terminada la capacitaci\u00f3n, los participantes reciben un certificado que los acredita en estos oficios, en tanto que los detalles de la postulaci\u00f3n se encuentran en el link www.sence.cl.<\/p>\n<p>&nbsp;<\/p>\n","protected":false},"excerpt":{"rendered":"<p>Desde el viernes 18 de julio se encuentran abiertas las inscripciones para participar en los cursos de capacitaci\u00f3n en oficios del Programa M\u00e1s Capaz de Sence, iniciativa que tiene como objetivo habilitar&#8230;<\/p>\n","protected":false},"author":482,"featured_media":49155,"comment_status":"open","ping_status":"closed","sticky":false,"template":"","format":"standard","meta":{"advanced_seo_description":"","jetpack_seo_html_title":"","jetpack_seo_noindex":false,"_jetpack_memberships_contains_paid_content":false,"footnotes":""},"categories":[15],"tags":[],"class_list":["post-49154","post","type-post","status-publish","format-standard","has-post-thumbnail","hentry","category-comunidad"],"jetpack_featured_media_url":"https:\/\/i0.wp.com\/eltrabajo.cl\/portal\/wp-content\/uploads\/2014\/07\/conferencia.jpg?fit=529%2C401&ssl=1","jetpack_sharing_enabled":true,"jetpack_likes_enabled":true,"jetpack-related-posts":[],"_links":{"self":[{"href":"https:\/\/eltrabajo.cl\/portal\/wp-json\/wp\/v2\/posts\/49154","targetHints":{"allow":["GET"]}}],"collection":[{"href":"https:\/\/eltrabajo.cl\/portal\/wp-json\/wp\/v2\/posts"}],"about":[{"href":"https:\/\/eltrabajo.cl\/portal\/wp-json\/wp\/v2\/types\/post"}],"author":[{"embeddable":true,"href":"https:\/\/eltrabajo.cl\/portal\/wp-json\/wp\/v2\/users\/482"}],"replies":[{"embeddable":true,"href":"https:\/\/eltrabajo.cl\/portal\/wp-json\/wp\/v2\/comments?post=49154"}],"version-history":[{"count":0,"href":"https:\/\/eltrabajo.cl\/portal\/wp-json\/wp\/v2\/posts\/49154\/revisions"}],"wp:featuredmedia":[{"embeddable":true,"href":"https:\/\/eltrabajo.cl\/portal\/wp-json\/wp\/v2\/media\/49155"}],"wp:attachment":[{"href":"https:\/\/eltrabajo.cl\/portal\/wp-json\/wp\/v2\/media?parent=49154"}],"wp:term":[{"taxonomy":"category","embeddable":true,"href":"https:\/\/eltrabajo.cl\/portal\/wp-json\/wp\/v2\/categories?post=49154"},{"taxonomy":"post_tag","embeddable":true,"href":"https:\/\/eltrabajo.cl\/portal\/wp-json\/wp\/v2\/tags?post=49154"}],"curies":[{"name":"wp","href":"https:\/\/api.w.org\/{rel}","templated":true}]}}