{"id":49177,"date":"2014-07-23T09:44:02","date_gmt":"2014-07-23T13:44:02","guid":{"rendered":"http:\/\/www.eltrabajo.cl\/portal\/?p=49177"},"modified":"2014-07-23T09:44:02","modified_gmt":"2014-07-23T13:44:02","slug":"conductor-atrapado-en-cabina-de-camion-en-cuesta-las-minillas","status":"publish","type":"post","link":"https:\/\/eltrabajo.cl\/portal\/conductor-atrapado-en-cabina-de-camion-en-cuesta-las-minillas\/","title":{"rendered":"Conductor atrapado en cabina de cami\u00f3n en Cuesta Las Minillas"},"content":{"rendered":"<figure id=\"attachment_49178\" aria-describedby=\"caption-attachment-49178\" style=\"width: 528px\" class=\"wp-caption alignnone\"><a href=\"https:\/\/i0.wp.com\/www.eltrabajo.cl\/portal\/wp-content\/uploads\/2014\/07\/Vuelco11.jpg\"><img data-recalc-dims=\"1\" loading=\"lazy\" decoding=\"async\" class=\"size-full wp-image-49178\" alt=\"COMPLICADO.- La cabina del cami\u00f3n qued\u00f3 pr\u00e1cticamente aprisionada con el suelo, por lo que Bomberos de Putaendo debi\u00f3 ocupar herramientas hidr\u00e1ulicas para cortar el volante y parte de la estructura.\" src=\"https:\/\/i0.wp.com\/www.eltrabajo.cl\/portal\/wp-content\/uploads\/2014\/07\/Vuelco11.jpg?resize=528%2C304\" width=\"528\" height=\"304\" srcset=\"https:\/\/i0.wp.com\/eltrabajo.cl\/portal\/wp-content\/uploads\/2014\/07\/Vuelco11.jpg?w=528&amp;ssl=1 528w, https:\/\/i0.wp.com\/eltrabajo.cl\/portal\/wp-content\/uploads\/2014\/07\/Vuelco11.jpg?resize=200%2C115&amp;ssl=1 200w, https:\/\/i0.wp.com\/eltrabajo.cl\/portal\/wp-content\/uploads\/2014\/07\/Vuelco11.jpg?resize=300%2C172&amp;ssl=1 300w, https:\/\/i0.wp.com\/eltrabajo.cl\/portal\/wp-content\/uploads\/2014\/07\/Vuelco11.jpg?resize=150%2C86&amp;ssl=1 150w, https:\/\/i0.wp.com\/eltrabajo.cl\/portal\/wp-content\/uploads\/2014\/07\/Vuelco11.jpg?resize=400%2C230&amp;ssl=1 400w\" sizes=\"auto, (max-width: 528px) 100vw, 528px\" \/><\/a><figcaption id=\"caption-attachment-49178\" class=\"wp-caption-text\">COMPLICADO.- La cabina del cami\u00f3n qued\u00f3 pr\u00e1cticamente aprisionada con el suelo, por lo que Bomberos de Putaendo debi\u00f3 ocupar herramientas hidr\u00e1ulicas para cortar el volante y parte de la estructura.<\/figcaption><\/figure>\n<p><strong>PUTAENDO.<\/strong>&#8211; Un conductor de 33 a\u00f1os de edad, quien guiaba un cami\u00f3n Mercedes Benz cargado con material minero, qued\u00f3 atrapado al interior de la cabina luego de volcarse al inicio de Cuesta Las Minillas en el sector El T\u00e1rtaro. El accidente ocurri\u00f3 a eso de las 12:20 horas en la Ruta E-41 a la altura del kil\u00f3metro 58, cuando el cami\u00f3n patente DR-KR-71 conducido por Arles R\u00edos Salinas domiciliado en San Esteban, viajaba desde Putaendo hacia Cabildo y aparentemente, seg\u00fan confirm\u00f3 Carabineros, al tomar Cuesta Las Minillas en la primera curva, debido al exceso de velocidad perdi\u00f3 el control del cami\u00f3n, cruz\u00f3 el eje central de la calzada, derrib\u00f3 la barrera de contenci\u00f3n y cay\u00f3 volcado a un desnivel de aproximadamente ubicado al interior de un predio agr\u00edcola.<\/p>\n<p>La cabina del cami\u00f3n qued\u00f3 pr\u00e1cticamente aprisionada con el suelo, por lo que Bomberos de Putaendo debi\u00f3 ocupar herramientas hidr\u00e1ulicas para cortar el volante y parte de la estructura con la finalidad de permitir que personal del Samu sacara al conductor desde el veh\u00edculo de carga.<\/p>\n<p>El conductor fue trasladado hasta el Hospital San Antonio de Putaendo y de acuerdo a informaci\u00f3n preliminar, presentar\u00eda una luxo fractura en su hombro izquierdo y luego que fue atendido fue entregado a personal del IST. En tanto, Carabineros confirm\u00f3 que el conductor mantiene su licencia de conducir al d\u00eda y la documentaci\u00f3n del cami\u00f3n en regla.<\/p>\n<p>Patricio Gallardo M.<\/p>\n<div class=\"tiled-gallery type-rectangular tiled-gallery-unresized\" data-original-width=\"640\" data-carousel-extra='null' itemscope itemtype=\"http:\/\/schema.org\/ImageGallery\" > <div class=\"gallery-row\" style=\"width: 640px; height: 239px;\" data-original-width=\"640\" data-original-height=\"239\" > <div class=\"gallery-group images-1\" style=\"width: 316px; height: 239px;\" data-original-width=\"316\" data-original-height=\"239\" > <div class=\"tiled-gallery-item tiled-gallery-item-large\" itemprop=\"associatedMedia\" itemscope itemtype=\"http:\/\/schema.org\/ImageObject\"> <a href=\"https:\/\/eltrabajo.cl\/portal\/conductor-atrapado-en-cabina-de-camion-en-cuesta-las-minillas\/vuelco2-2\/\" border=\"0\" itemprop=\"url\"> <meta itemprop=\"width\" content=\"312\"> <meta itemprop=\"height\" content=\"235\"> <img decoding=\"async\" class=\"\" data-attachment-id=\"49179\" data-orig-file=\"https:\/\/eltrabajo.cl\/portal\/wp-content\/uploads\/2014\/07\/Vuelco21.jpg\" data-orig-size=\"528,397\" data-comments-opened=\"1\" data-image-meta=\"{&quot;aperture&quot;:&quot;5&quot;,&quot;credit&quot;:&quot;&quot;,&quot;camera&quot;:&quot;Canon EOS REBEL T3i&quot;,&quot;caption&quot;:&quot;&quot;,&quot;created_timestamp&quot;:&quot;1406034202&quot;,&quot;copyright&quot;:&quot;[wopmind]&quot;,&quot;focal_length&quot;:&quot;18&quot;,&quot;iso&quot;:&quot;100&quot;,&quot;shutter_speed&quot;:&quot;0.016666666666667&quot;,&quot;title&quot;:&quot;&quot;}\" data-image-title=\"Vuelco2\" data-image-description=\"&lt;p&gt;PERDI\u00d3 EL CONTROL.- Arles R\u00edos Salinas domiciliado en San Esteban, viajaba desde Putaendo hacia Cabildo y aparentemente al tomar Cuesta Las Minillas en la primera curva, perdi\u00f3 el control del cami\u00f3n.&lt;\/p&gt; \" data-medium-file=\"https:\/\/i0.wp.com\/eltrabajo.cl\/portal\/wp-content\/uploads\/2014\/07\/Vuelco21.jpg?fit=300%2C225&#038;ssl=1\" data-large-file=\"https:\/\/i0.wp.com\/eltrabajo.cl\/portal\/wp-content\/uploads\/2014\/07\/Vuelco21.jpg?fit=528%2C397&#038;ssl=1\" src=\"https:\/\/i0.wp.com\/eltrabajo.cl\/portal\/wp-content\/uploads\/2014\/07\/Vuelco21.jpg?w=312&#038;h=235&#038;ssl=1\" srcset=\"https:\/\/i0.wp.com\/eltrabajo.cl\/portal\/wp-content\/uploads\/2014\/07\/Vuelco21.jpg?w=528&amp;ssl=1 528w, https:\/\/i0.wp.com\/eltrabajo.cl\/portal\/wp-content\/uploads\/2014\/07\/Vuelco21.jpg?resize=200%2C150&amp;ssl=1 200w, https:\/\/i0.wp.com\/eltrabajo.cl\/portal\/wp-content\/uploads\/2014\/07\/Vuelco21.jpg?resize=300%2C225&amp;ssl=1 300w, https:\/\/i0.wp.com\/eltrabajo.cl\/portal\/wp-content\/uploads\/2014\/07\/Vuelco21.jpg?resize=150%2C112&amp;ssl=1 150w, https:\/\/i0.wp.com\/eltrabajo.cl\/portal\/wp-content\/uploads\/2014\/07\/Vuelco21.jpg?resize=400%2C300&amp;ssl=1 400w\" width=\"312\" height=\"235\" loading=\"lazy\" data-original-width=\"312\" data-original-height=\"235\" itemprop=\"http:\/\/schema.org\/image\" title=\"Vuelco2\" alt=\"PERDI\u00d3 EL CONTROL.- Arles R\u00edos Salinas domiciliado en San Esteban, viajaba desde Putaendo hacia Cabildo y aparentemente al tomar Cuesta Las Minillas en la primera curva, perdi\u00f3 el control del cami\u00f3n.\" style=\"width: 312px; height: 235px;\" \/> <\/a> <div class=\"tiled-gallery-caption\" itemprop=\"caption description\"> PERDI\u00d3 EL CONTROL.- Arles R\u00edos Salinas domiciliado en San Esteban, viajaba desde Putaendo hacia Cabildo y aparentemente al tomar Cuesta Las Minillas en la primera curva, perdi\u00f3 el control del cami\u00f3n. <\/div> <\/div> <\/div> <!-- close group --> <div class=\"gallery-group images-1\" style=\"width: 324px; height: 239px;\" data-original-width=\"324\" data-original-height=\"239\" > <div class=\"tiled-gallery-item tiled-gallery-item-large\" itemprop=\"associatedMedia\" itemscope itemtype=\"http:\/\/schema.org\/ImageObject\"> <a href=\"https:\/\/eltrabajo.cl\/portal\/conductor-atrapado-en-cabina-de-camion-en-cuesta-las-minillas\/vuelco3-2\/\" border=\"0\" itemprop=\"url\"> <meta itemprop=\"width\" content=\"320\"> <meta itemprop=\"height\" content=\"235\"> <img decoding=\"async\" class=\"\" data-attachment-id=\"49180\" data-orig-file=\"https:\/\/eltrabajo.cl\/portal\/wp-content\/uploads\/2014\/07\/Vuelco31.jpg\" data-orig-size=\"529,389\" data-comments-opened=\"1\" data-image-meta=\"{&quot;aperture&quot;:&quot;5.6&quot;,&quot;credit&quot;:&quot;&quot;,&quot;camera&quot;:&quot;Canon EOS REBEL T3i&quot;,&quot;caption&quot;:&quot;&quot;,&quot;created_timestamp&quot;:&quot;1406032974&quot;,&quot;copyright&quot;:&quot;[wopmind]&quot;,&quot;focal_length&quot;:&quot;18&quot;,&quot;iso&quot;:&quot;200&quot;,&quot;shutter_speed&quot;:&quot;0.033333333333333&quot;,&quot;title&quot;:&quot;&quot;}\" data-image-title=\"Vuelco3\" data-image-description=\"&lt;p&gt;HOMBRO AFECTADO.- Arles R\u00edos Salinas fue trasladado hasta el Hospital San Antonio de Putaendo y de acuerdo a informaci\u00f3n preliminar, presentar\u00eda una luxo fractura en su hombro izquierdo.&lt;\/p&gt; \" data-medium-file=\"https:\/\/i0.wp.com\/eltrabajo.cl\/portal\/wp-content\/uploads\/2014\/07\/Vuelco31.jpg?fit=300%2C220&#038;ssl=1\" data-large-file=\"https:\/\/i0.wp.com\/eltrabajo.cl\/portal\/wp-content\/uploads\/2014\/07\/Vuelco31.jpg?fit=529%2C389&#038;ssl=1\" src=\"https:\/\/i0.wp.com\/eltrabajo.cl\/portal\/wp-content\/uploads\/2014\/07\/Vuelco31.jpg?w=320&#038;h=235&#038;ssl=1\" srcset=\"https:\/\/i0.wp.com\/eltrabajo.cl\/portal\/wp-content\/uploads\/2014\/07\/Vuelco31.jpg?w=529&amp;ssl=1 529w, https:\/\/i0.wp.com\/eltrabajo.cl\/portal\/wp-content\/uploads\/2014\/07\/Vuelco31.jpg?resize=200%2C147&amp;ssl=1 200w, https:\/\/i0.wp.com\/eltrabajo.cl\/portal\/wp-content\/uploads\/2014\/07\/Vuelco31.jpg?resize=300%2C220&amp;ssl=1 300w, https:\/\/i0.wp.com\/eltrabajo.cl\/portal\/wp-content\/uploads\/2014\/07\/Vuelco31.jpg?resize=150%2C110&amp;ssl=1 150w, https:\/\/i0.wp.com\/eltrabajo.cl\/portal\/wp-content\/uploads\/2014\/07\/Vuelco31.jpg?resize=400%2C294&amp;ssl=1 400w\" width=\"320\" height=\"235\" loading=\"lazy\" data-original-width=\"320\" data-original-height=\"235\" itemprop=\"http:\/\/schema.org\/image\" title=\"Vuelco3\" alt=\"HOMBRO AFECTADO.- Arles R\u00edos Salinas fue trasladado hasta el Hospital San Antonio de Putaendo y de acuerdo a informaci\u00f3n preliminar, presentar\u00eda una luxo fractura en su hombro izquierdo.\" style=\"width: 320px; height: 235px;\" \/> <\/a> <div class=\"tiled-gallery-caption\" itemprop=\"caption description\"> HOMBRO AFECTADO.- Arles R\u00edos Salinas fue trasladado hasta el Hospital San Antonio de Putaendo y de acuerdo a informaci\u00f3n preliminar, presentar\u00eda una luxo fractura en su hombro izquierdo. <\/div> <\/div> <\/div> <!-- close group --> <\/div> <!-- close row --> <\/div>\n","protected":false},"excerpt":{"rendered":"<p>PUTAENDO.&#8211; Un conductor de 33 a\u00f1os de edad, quien guiaba un cami\u00f3n Mercedes Benz cargado con material minero, qued\u00f3 atrapado al interior de la cabina luego de volcarse al inicio de Cuesta&#8230;<\/p>\n","protected":false},"author":482,"featured_media":49178,"comment_status":"open","ping_status":"closed","sticky":false,"template":"","format":"standard","meta":{"advanced_seo_description":"","jetpack_seo_html_title":"","jetpack_seo_noindex":false,"_jetpack_memberships_contains_paid_content":false,"footnotes":""},"categories":[21],"tags":[],"class_list":["post-49177","post","type-post","status-publish","format-standard","has-post-thumbnail","hentry","category-policial"],"jetpack_featured_media_url":"https:\/\/i0.wp.com\/eltrabajo.cl\/portal\/wp-content\/uploads\/2014\/07\/Vuelco11.jpg?fit=528%2C304&ssl=1","jetpack_sharing_enabled":true,"jetpack_likes_enabled":true,"jetpack-related-posts":[],"_links":{"self":[{"href":"https:\/\/eltrabajo.cl\/portal\/wp-json\/wp\/v2\/posts\/49177","targetHints":{"allow":["GET"]}}],"collection":[{"href":"https:\/\/eltrabajo.cl\/portal\/wp-json\/wp\/v2\/posts"}],"about":[{"href":"https:\/\/eltrabajo.cl\/portal\/wp-json\/wp\/v2\/types\/post"}],"author":[{"embeddable":true,"href":"https:\/\/eltrabajo.cl\/portal\/wp-json\/wp\/v2\/users\/482"}],"replies":[{"embeddable":true,"href":"https:\/\/eltrabajo.cl\/portal\/wp-json\/wp\/v2\/comments?post=49177"}],"version-history":[{"count":0,"href":"https:\/\/eltrabajo.cl\/portal\/wp-json\/wp\/v2\/posts\/49177\/revisions"}],"wp:featuredmedia":[{"embeddable":true,"href":"https:\/\/eltrabajo.cl\/portal\/wp-json\/wp\/v2\/media\/49178"}],"wp:attachment":[{"href":"https:\/\/eltrabajo.cl\/portal\/wp-json\/wp\/v2\/media?parent=49177"}],"wp:term":[{"taxonomy":"category","embeddable":true,"href":"https:\/\/eltrabajo.cl\/portal\/wp-json\/wp\/v2\/categories?post=49177"},{"taxonomy":"post_tag","embeddable":true,"href":"https:\/\/eltrabajo.cl\/portal\/wp-json\/wp\/v2\/tags?post=49177"}],"curies":[{"name":"wp","href":"https:\/\/api.w.org\/{rel}","templated":true}]}}