{"id":49183,"date":"2014-07-23T09:45:06","date_gmt":"2014-07-23T13:45:06","guid":{"rendered":"http:\/\/www.eltrabajo.cl\/portal\/?p=49183"},"modified":"2014-07-23T09:45:06","modified_gmt":"2014-07-23T13:45:06","slug":"incendio-a-su-amigo-con-bencina-por-negarle-un-trago","status":"publish","type":"post","link":"https:\/\/eltrabajo.cl\/portal\/incendio-a-su-amigo-con-bencina-por-negarle-un-trago\/","title":{"rendered":"Incendi\u00f3 a su amigo con bencina por negarle un trago"},"content":{"rendered":"<figure id=\"attachment_49184\" aria-describedby=\"caption-attachment-49184\" style=\"width: 370px\" class=\"wp-caption alignleft\"><a href=\"https:\/\/i0.wp.com\/www.eltrabajo.cl\/portal\/wp-content\/uploads\/2014\/07\/Quemadura.jpg\"><img data-recalc-dims=\"1\" loading=\"lazy\" decoding=\"async\" class=\" wp-image-49184 \" alt=\"La v\u00edctima result\u00f3 con un 9% de su pierna quemada de car\u00e1cter grave, siendo asistido en el Hospital San Camilo de San Felipe. (Foto Referencial).\" src=\"https:\/\/i0.wp.com\/www.eltrabajo.cl\/portal\/wp-content\/uploads\/2014\/07\/Quemadura.jpg?resize=370%2C281\" width=\"370\" height=\"281\" srcset=\"https:\/\/i0.wp.com\/eltrabajo.cl\/portal\/wp-content\/uploads\/2014\/07\/Quemadura.jpg?w=529&amp;ssl=1 529w, https:\/\/i0.wp.com\/eltrabajo.cl\/portal\/wp-content\/uploads\/2014\/07\/Quemadura.jpg?resize=197%2C150&amp;ssl=1 197w, https:\/\/i0.wp.com\/eltrabajo.cl\/portal\/wp-content\/uploads\/2014\/07\/Quemadura.jpg?resize=300%2C227&amp;ssl=1 300w, https:\/\/i0.wp.com\/eltrabajo.cl\/portal\/wp-content\/uploads\/2014\/07\/Quemadura.jpg?resize=150%2C113&amp;ssl=1 150w, https:\/\/i0.wp.com\/eltrabajo.cl\/portal\/wp-content\/uploads\/2014\/07\/Quemadura.jpg?resize=400%2C303&amp;ssl=1 400w\" sizes=\"auto, (max-width: 370px) 100vw, 370px\" \/><\/a><figcaption id=\"caption-attachment-49184\" class=\"wp-caption-text\">La v\u00edctima result\u00f3 con un 9% de su pierna quemada de car\u00e1cter grave, siendo asistido en el Hospital San Camilo de San Felipe. (Foto Referencial).<\/figcaption><\/figure>\n<p>Con quemaduras de car\u00e1cter grave result\u00f3 un obrero de 48 a\u00f1os de edad luego que un supuesto amigo, utilizando bencina, le prendiera fuego en su pierna izquierda cuando la v\u00edctima se neg\u00f3 a convidarle alcohol cerca del mediod\u00eda del pasado lunes al interior de Villa 250 A\u00f1os de San Felipe. El hecho fue denunciado por el afectado a Carabineros, quienes se trasladaron hasta el Servicio de Urgencias del Hospital San Camilo para conocer los sucesos cometidos en Calle 12 de Febrero, relatando a los Polic\u00edas que mientras se encontraba bebiendo alcohol, su agresor se le acerc\u00f3 para pedirle un poco del destilado que beb\u00eda.<\/p>\n<p><strong>LE NEG\u00d3 TRAGO<\/strong><\/p>\n<p>Ante su negativa el victimario comenz\u00f3 a insultarlo, arroj\u00e1ndole un vaso que conten\u00eda el combustible, para luego tomar un palo encendido y ponerlo directo en la pierna de la v\u00edctima de iniciales D.M.A.A., quien al momento de ver las llamas en su cuerpo comenz\u00f3 a extinguirlas con su ropa r\u00e1pidamente, para posteriormente concurrir por sus medios hasta el centro hospitalario, siendo diagnosticado con quemaduras en un 9% de su pierna izquierda, de car\u00e1cter grave.<\/p>\n<p>En tanto, Carabineros se traslad\u00f3 hasta el lugar de los hechos realizando diversos patrullajes por el sector para capturar al agresor con las caracter\u00edsticas proporcionadas por la v\u00edctima, siendo hallado en Calle Dardignac esquina Calle Uno en Villa 250 A\u00f1os, lugar en donde fue detenido.<\/p>\n<p>El imputado fue identificado como Blas Omar A.V. de 38 a\u00f1os, quien fue sometido a control de detenci\u00f3n ante el Juzgado de Garant\u00eda de San Felipe, siendo formalizado por el Fiscal Eduardo Fajardo por el delito de lesiones graves, requiriendo ante el tribunal las medidas cautelares de firma mensual y arraigo nacional por un plazo de 90 d\u00edas fijados para la investigaci\u00f3n.<\/p>\n<p>Pablo Salinas Sald\u00edas<\/p>\n","protected":false},"excerpt":{"rendered":"<p>Con quemaduras de car\u00e1cter grave result\u00f3 un obrero de 48 a\u00f1os de edad luego que un supuesto amigo, utilizando bencina, le prendiera fuego en su pierna izquierda cuando la v\u00edctima se neg\u00f3&#8230;<\/p>\n","protected":false},"author":482,"featured_media":49184,"comment_status":"open","ping_status":"closed","sticky":false,"template":"","format":"standard","meta":{"advanced_seo_description":"","jetpack_seo_html_title":"","jetpack_seo_noindex":false,"_jetpack_memberships_contains_paid_content":false,"footnotes":""},"categories":[21],"tags":[],"class_list":["post-49183","post","type-post","status-publish","format-standard","has-post-thumbnail","hentry","category-policial"],"jetpack_featured_media_url":"https:\/\/i0.wp.com\/eltrabajo.cl\/portal\/wp-content\/uploads\/2014\/07\/Quemadura.jpg?fit=529%2C401&ssl=1","jetpack_sharing_enabled":true,"jetpack_likes_enabled":true,"jetpack-related-posts":[],"_links":{"self":[{"href":"https:\/\/eltrabajo.cl\/portal\/wp-json\/wp\/v2\/posts\/49183","targetHints":{"allow":["GET"]}}],"collection":[{"href":"https:\/\/eltrabajo.cl\/portal\/wp-json\/wp\/v2\/posts"}],"about":[{"href":"https:\/\/eltrabajo.cl\/portal\/wp-json\/wp\/v2\/types\/post"}],"author":[{"embeddable":true,"href":"https:\/\/eltrabajo.cl\/portal\/wp-json\/wp\/v2\/users\/482"}],"replies":[{"embeddable":true,"href":"https:\/\/eltrabajo.cl\/portal\/wp-json\/wp\/v2\/comments?post=49183"}],"version-history":[{"count":0,"href":"https:\/\/eltrabajo.cl\/portal\/wp-json\/wp\/v2\/posts\/49183\/revisions"}],"wp:featuredmedia":[{"embeddable":true,"href":"https:\/\/eltrabajo.cl\/portal\/wp-json\/wp\/v2\/media\/49184"}],"wp:attachment":[{"href":"https:\/\/eltrabajo.cl\/portal\/wp-json\/wp\/v2\/media?parent=49183"}],"wp:term":[{"taxonomy":"category","embeddable":true,"href":"https:\/\/eltrabajo.cl\/portal\/wp-json\/wp\/v2\/categories?post=49183"},{"taxonomy":"post_tag","embeddable":true,"href":"https:\/\/eltrabajo.cl\/portal\/wp-json\/wp\/v2\/tags?post=49183"}],"curies":[{"name":"wp","href":"https:\/\/api.w.org\/{rel}","templated":true}]}}