{"id":49192,"date":"2014-07-24T09:15:42","date_gmt":"2014-07-24T13:15:42","guid":{"rendered":"http:\/\/www.eltrabajo.cl\/portal\/?p=49192"},"modified":"2014-07-24T09:15:42","modified_gmt":"2014-07-24T13:15:42","slug":"denuncian-persecucion-por-parte-del-jefe-de-los-inspectores-municipales","status":"publish","type":"post","link":"https:\/\/eltrabajo.cl\/portal\/denuncian-persecucion-por-parte-del-jefe-de-los-inspectores-municipales\/","title":{"rendered":"Denuncian persecuci\u00f3n por parte del jefe de los inspectores municipales"},"content":{"rendered":"<figure id=\"attachment_49193\" aria-describedby=\"caption-attachment-49193\" style=\"width: 317px\" class=\"wp-caption alignleft\"><a href=\"https:\/\/i0.wp.com\/www.eltrabajo.cl\/portal\/wp-content\/uploads\/2014\/07\/Marco-Morales.jpg\"><img data-recalc-dims=\"1\" loading=\"lazy\" decoding=\"async\" class=\" wp-image-49193 \" alt=\"Presidente del Sindicato de comerciantes de la v\u00eda p\u00fablica del centro de la ciudad, Marco Morales.\" src=\"https:\/\/i0.wp.com\/www.eltrabajo.cl\/portal\/wp-content\/uploads\/2014\/07\/Marco-Morales.jpg?resize=317%2C283\" width=\"317\" height=\"283\" srcset=\"https:\/\/i0.wp.com\/eltrabajo.cl\/portal\/wp-content\/uploads\/2014\/07\/Marco-Morales.jpg?w=529&amp;ssl=1 529w, https:\/\/i0.wp.com\/eltrabajo.cl\/portal\/wp-content\/uploads\/2014\/07\/Marco-Morales.jpg?resize=168%2C150&amp;ssl=1 168w, https:\/\/i0.wp.com\/eltrabajo.cl\/portal\/wp-content\/uploads\/2014\/07\/Marco-Morales.jpg?resize=300%2C267&amp;ssl=1 300w, https:\/\/i0.wp.com\/eltrabajo.cl\/portal\/wp-content\/uploads\/2014\/07\/Marco-Morales.jpg?resize=150%2C133&amp;ssl=1 150w, https:\/\/i0.wp.com\/eltrabajo.cl\/portal\/wp-content\/uploads\/2014\/07\/Marco-Morales.jpg?resize=400%2C356&amp;ssl=1 400w\" sizes=\"auto, (max-width: 317px) 100vw, 317px\" \/><\/a><figcaption id=\"caption-attachment-49193\" class=\"wp-caption-text\">Presidente del Sindicato de comerciantes de la v\u00eda p\u00fablica del centro de la ciudad, Marco Morales.<\/figcaption><\/figure>\n<p><strong>LOS ANDES.-<\/strong> El Presidente del Sindicato de comerciantes de la v\u00eda p\u00fablica del centro de la ciudad, Marco Morales, denunci\u00f3 persecuci\u00f3n y hostigamiento por parte de inspectores municipales a ra\u00edz de la defensa de uno de sus asociados que fue acusado de cometer un delito. Morales apunt\u00f3 sus dardos en forma directa al Encargado de la Unidad de fiscalizaci\u00f3n del municipio, Marcelo Figueroa, quien lo habr\u00eda hostigado por esta defensa de tipo gremial que hizo de su asociado, \u201cno correspondi\u00e9ndome pronunciarme sobre la otra materia que fue acusado\u201d.<\/p>\n<p><strong>AMEDRENTADO<\/strong><\/p>\n<p>El dirigente dijo sentirse atemorizado por el amedrentamiento recibido por parte del jefe de los inspectores. \u201cTodo parti\u00f3 el d\u00eda jueves 13 de julio cuando fue a averiguar sobre un puesto que quer\u00eda colocar en la plaza y se me cobr\u00f3 cuatro veces m\u00e1s de lo que yo pagaba durante los 22 a\u00f1os que adquir\u00eda un m\u00f3dulo y no entend\u00ed cu\u00e1l era la raz\u00f3n, mand\u00e1ndome a hablar con un se\u00f1or Juan Urtubia, quien me baj\u00f3 el valor del puesto a $250.000 de los 400.000 que me estaban cobrando\u201d, explic\u00f3 Morales.<\/p>\n<p>El dirigente record\u00f3 que el asociado que tuvo que defender fue acusado de vender spray en la pasada fiesta de la Chaya, \u201cy despu\u00e9s se me acusa de defender un delincuente, pero se trata de uno de nuestros asociados\u201d.<\/p>\n<p>Marco Morales acus\u00f3 a Marcelo Figueroa de haberle aumentado arbitrariamente el valor del puesto que solicit\u00f3, \u201cy yo quiero que esto se sepa, porque este se\u00f1or est\u00e1 abusando del cargo que tiene y tengo miedo de lo que me pueda pasar en el futuro\u201d.<\/p>\n<p>&nbsp;<\/p>\n","protected":false},"excerpt":{"rendered":"<p>LOS ANDES.- El Presidente del Sindicato de comerciantes de la v\u00eda p\u00fablica del centro de la ciudad, Marco Morales, denunci\u00f3 persecuci\u00f3n y hostigamiento por parte de inspectores municipales a ra\u00edz de la&#8230;<\/p>\n","protected":false},"author":482,"featured_media":49193,"comment_status":"open","ping_status":"closed","sticky":false,"template":"","format":"standard","meta":{"advanced_seo_description":"","jetpack_seo_html_title":"","jetpack_seo_noindex":false,"_jetpack_memberships_contains_paid_content":false,"footnotes":""},"categories":[15],"tags":[],"class_list":["post-49192","post","type-post","status-publish","format-standard","has-post-thumbnail","hentry","category-comunidad"],"jetpack_featured_media_url":"https:\/\/i0.wp.com\/eltrabajo.cl\/portal\/wp-content\/uploads\/2014\/07\/Marco-Morales.jpg?fit=529%2C471&ssl=1","jetpack_sharing_enabled":true,"jetpack_likes_enabled":true,"jetpack-related-posts":[],"_links":{"self":[{"href":"https:\/\/eltrabajo.cl\/portal\/wp-json\/wp\/v2\/posts\/49192","targetHints":{"allow":["GET"]}}],"collection":[{"href":"https:\/\/eltrabajo.cl\/portal\/wp-json\/wp\/v2\/posts"}],"about":[{"href":"https:\/\/eltrabajo.cl\/portal\/wp-json\/wp\/v2\/types\/post"}],"author":[{"embeddable":true,"href":"https:\/\/eltrabajo.cl\/portal\/wp-json\/wp\/v2\/users\/482"}],"replies":[{"embeddable":true,"href":"https:\/\/eltrabajo.cl\/portal\/wp-json\/wp\/v2\/comments?post=49192"}],"version-history":[{"count":0,"href":"https:\/\/eltrabajo.cl\/portal\/wp-json\/wp\/v2\/posts\/49192\/revisions"}],"wp:featuredmedia":[{"embeddable":true,"href":"https:\/\/eltrabajo.cl\/portal\/wp-json\/wp\/v2\/media\/49193"}],"wp:attachment":[{"href":"https:\/\/eltrabajo.cl\/portal\/wp-json\/wp\/v2\/media?parent=49192"}],"wp:term":[{"taxonomy":"category","embeddable":true,"href":"https:\/\/eltrabajo.cl\/portal\/wp-json\/wp\/v2\/categories?post=49192"},{"taxonomy":"post_tag","embeddable":true,"href":"https:\/\/eltrabajo.cl\/portal\/wp-json\/wp\/v2\/tags?post=49192"}],"curies":[{"name":"wp","href":"https:\/\/api.w.org\/{rel}","templated":true}]}}