{"id":49196,"date":"2014-07-24T09:16:33","date_gmt":"2014-07-24T13:16:33","guid":{"rendered":"http:\/\/www.eltrabajo.cl\/portal\/?p=49196"},"modified":"2014-07-24T09:16:33","modified_gmt":"2014-07-24T13:16:33","slug":"autoridades-anuncian-pavimentacion-de-villa-amanecer","status":"publish","type":"post","link":"https:\/\/eltrabajo.cl\/portal\/autoridades-anuncian-pavimentacion-de-villa-amanecer\/","title":{"rendered":"Autoridades anuncian Pavimentaci\u00f3n de Villa Amanecer"},"content":{"rendered":"<figure id=\"attachment_49197\" aria-describedby=\"caption-attachment-49197\" style=\"width: 528px\" class=\"wp-caption alignnone\"><a href=\"https:\/\/i0.wp.com\/www.eltrabajo.cl\/portal\/wp-content\/uploads\/2014\/07\/Dirigentes1.jpg\"><img data-recalc-dims=\"1\" loading=\"lazy\" decoding=\"async\" class=\"size-full wp-image-49197\" alt=\"Dirigentes de Villa amanecer y el Alcalde Marillanca, acompa\u00f1ados por el Concejal Puebla, Gobernador Le\u00f3n y el Concejal Duran.\" src=\"https:\/\/i0.wp.com\/www.eltrabajo.cl\/portal\/wp-content\/uploads\/2014\/07\/Dirigentes1.jpg?resize=528%2C336\" width=\"528\" height=\"336\" srcset=\"https:\/\/i0.wp.com\/eltrabajo.cl\/portal\/wp-content\/uploads\/2014\/07\/Dirigentes1.jpg?w=528&amp;ssl=1 528w, https:\/\/i0.wp.com\/eltrabajo.cl\/portal\/wp-content\/uploads\/2014\/07\/Dirigentes1.jpg?resize=200%2C127&amp;ssl=1 200w, https:\/\/i0.wp.com\/eltrabajo.cl\/portal\/wp-content\/uploads\/2014\/07\/Dirigentes1.jpg?resize=300%2C190&amp;ssl=1 300w, https:\/\/i0.wp.com\/eltrabajo.cl\/portal\/wp-content\/uploads\/2014\/07\/Dirigentes1.jpg?resize=150%2C95&amp;ssl=1 150w, https:\/\/i0.wp.com\/eltrabajo.cl\/portal\/wp-content\/uploads\/2014\/07\/Dirigentes1.jpg?resize=400%2C254&amp;ssl=1 400w\" sizes=\"auto, (max-width: 528px) 100vw, 528px\" \/><\/a><figcaption id=\"caption-attachment-49197\" class=\"wp-caption-text\">Dirigentes de Villa amanecer y el Alcalde Marillanca, acompa\u00f1ados por el Concejal Puebla, Gobernador Le\u00f3n y el Concejal Duran.<\/figcaption><\/figure>\n<p><strong>LLAY LLAY<\/strong>.- Dos importantes actividades, como comunicar a la directiva de Villa Amanecer la resoluci\u00f3n que aprueba la pavimentaci\u00f3n de la v\u00eda de acceso al sector, en un programa de convenio MOP-Gore, y la visita a conocer la remodelaci\u00f3n y ampliaci\u00f3n de la Escuela Agust\u00edn Edwards, es lo que durante estos d\u00edas atendi\u00f3 el Alcalde Mario Marillanca, acompa\u00f1ado de los concejales Margarita Puebla y Patricio Dur\u00e1n, ellos se reunieron a la entrada de la sede vecinal con el Gobernador Eduardo Le\u00f3n.<\/p>\n<p>Hasta el lugar acudieron las dirigentes vecinales que conforman el \u2018poder femenino\u2019 de la villa, donde en una improvisada reuni\u00f3n las autoridades procedieron a entregar esta importante noticia.<\/p>\n<p>La primera actividad hace realidad un sue\u00f1o largamente esperado por los vecinos: la pavimentaci\u00f3n del acceso al sector, el Alcalde Marillanca mostr\u00f3 complacido el poder socializar esta informaci\u00f3n con la comunidad, \u00abestoy muy contento por esta soluci\u00f3n r\u00e1pida que se dio, el gobernador tomo cartas en el asunto y se concretiz\u00f3 este proyecto a corto plazo. Nosotros como municipalidad nunca prometimos algo que no pudi\u00e9ramos cumplir, ahora vamos a trabajar para dar una soluci\u00f3n definitiva\u00bb.<\/p>\n<p>Recordemos que el 23 de junio de este a\u00f1o en una mesa de trabajo se reunieron el Alcalde Mario Marillanca, el gobernador Eduardo Le\u00f3n y autoridades de Vialidad y del Serviu, la que concluy\u00f3 con el acuerdo y compromiso de buscar una pronta soluci\u00f3n a la problem\u00e1tica que causa la ausencia de asfalto y pavimentaci\u00f3n en las calles y pasajes de la villa, \u00abme informe de la situaci\u00f3n de Villa Amanecer, nos reunimos con los vecinos y autoridades, los escuchamos y empezamos a trabajar en conjunto y equipo con el alcalde Mario Marillanca, buscamos el apoyo del Intendente, el Consejo Regional para poder entregar esta buena noticia a la directiva y vecinos. Este proyecto requiere una inversi\u00f3n de $62.820 millones y se empezar\u00e1 a ejecutar llegado el verano, lo importante es que el pr\u00f3ximo invierno los vecinos cuenten con su calle de acceso en buen estado\u00bb, explic\u00f3 el Gobernador Le\u00f3n.<\/p>\n<p>Sobre el tema, la dirigente vecinal Andrea Schliebener, dijo que \u00abesto nos va a cambiar la vida y es un avance enorme para nosotros como sector, nunca quisimos llegar a tomar medidas tan radicales como tomarnos la carretera, pero la situaci\u00f3n que vivimos nos empujo. Como dirigente y pobladora estoy feliz\u00bb.<\/p>\n<p>Posteriormente las autoridades se trasladaron hasta la Escuela Agust\u00edn Edwards para conocer en terreno las obras de mejoramiento que se han realizado en esta instituci\u00f3n de educaci\u00f3n municipal, siendo recibidos por su Director Ricardo Figueroa, quien se mostr\u00f3 complacido y agradecido por las mejoras que se han realizado en la escuela, \u00abse han reconstruido las aulas que quedaron en muy mal estado despu\u00e9s del terremoto, ahora contamos con un auditorio para m\u00e1s de 500 personas, una biblioteca y las aulas completamente remodeladas. As\u00ed que agradecidos y contentos por los alumnos que van a contar con mejores condiciones para estudiar y los profesores para trabajar\u00bb.<\/p>\n<p>Despu\u00e9s de esta visita las autoridades se desplazaron a seguir con su agenda, que en el caso del Alcalde Mario Marillanca ten\u00eda en programa el inicio de la entrega de subvenciones a instituciones de la comuna.<\/p>\n<p>&nbsp;<\/p>\n","protected":false},"excerpt":{"rendered":"<p>LLAY LLAY.- Dos importantes actividades, como comunicar a la directiva de Villa Amanecer la resoluci\u00f3n que aprueba la pavimentaci\u00f3n de la v\u00eda de acceso al sector, en un programa de convenio MOP-Gore,&#8230;<\/p>\n","protected":false},"author":482,"featured_media":49197,"comment_status":"open","ping_status":"closed","sticky":false,"template":"","format":"standard","meta":{"advanced_seo_description":"","jetpack_seo_html_title":"","jetpack_seo_noindex":false,"_jetpack_memberships_contains_paid_content":false,"footnotes":""},"categories":[15],"tags":[],"class_list":["post-49196","post","type-post","status-publish","format-standard","has-post-thumbnail","hentry","category-comunidad"],"jetpack_featured_media_url":"https:\/\/i0.wp.com\/eltrabajo.cl\/portal\/wp-content\/uploads\/2014\/07\/Dirigentes1.jpg?fit=528%2C336&ssl=1","jetpack_sharing_enabled":true,"jetpack_likes_enabled":true,"jetpack-related-posts":[],"_links":{"self":[{"href":"https:\/\/eltrabajo.cl\/portal\/wp-json\/wp\/v2\/posts\/49196","targetHints":{"allow":["GET"]}}],"collection":[{"href":"https:\/\/eltrabajo.cl\/portal\/wp-json\/wp\/v2\/posts"}],"about":[{"href":"https:\/\/eltrabajo.cl\/portal\/wp-json\/wp\/v2\/types\/post"}],"author":[{"embeddable":true,"href":"https:\/\/eltrabajo.cl\/portal\/wp-json\/wp\/v2\/users\/482"}],"replies":[{"embeddable":true,"href":"https:\/\/eltrabajo.cl\/portal\/wp-json\/wp\/v2\/comments?post=49196"}],"version-history":[{"count":0,"href":"https:\/\/eltrabajo.cl\/portal\/wp-json\/wp\/v2\/posts\/49196\/revisions"}],"wp:featuredmedia":[{"embeddable":true,"href":"https:\/\/eltrabajo.cl\/portal\/wp-json\/wp\/v2\/media\/49197"}],"wp:attachment":[{"href":"https:\/\/eltrabajo.cl\/portal\/wp-json\/wp\/v2\/media?parent=49196"}],"wp:term":[{"taxonomy":"category","embeddable":true,"href":"https:\/\/eltrabajo.cl\/portal\/wp-json\/wp\/v2\/categories?post=49196"},{"taxonomy":"post_tag","embeddable":true,"href":"https:\/\/eltrabajo.cl\/portal\/wp-json\/wp\/v2\/tags?post=49196"}],"curies":[{"name":"wp","href":"https:\/\/api.w.org\/{rel}","templated":true}]}}