{"id":49199,"date":"2014-07-24T09:17:48","date_gmt":"2014-07-24T13:17:48","guid":{"rendered":"http:\/\/www.eltrabajo.cl\/portal\/?p=49199"},"modified":"2014-07-24T09:17:48","modified_gmt":"2014-07-24T13:17:48","slug":"zunilda-marambio-celebra-con-alegria-sus-82-anos","status":"publish","type":"post","link":"https:\/\/eltrabajo.cl\/portal\/zunilda-marambio-celebra-con-alegria-sus-82-anos\/","title":{"rendered":"Zunilda Marambio celebra con alegr\u00eda sus 82 a\u00f1os"},"content":{"rendered":"<figure id=\"attachment_49200\" aria-describedby=\"caption-attachment-49200\" style=\"width: 529px\" class=\"wp-caption alignnone\"><a href=\"https:\/\/i0.wp.com\/www.eltrabajo.cl\/portal\/wp-content\/uploads\/2014\/07\/Abuela1.jpg\"><img data-recalc-dims=\"1\" loading=\"lazy\" decoding=\"async\" class=\"size-full wp-image-49200\" alt=\"MUY QUERIDA.- Esta longeva dirigente social, destaca por su activa participaci\u00f3n en directivas de diferentes entidades tales como juntas de vecinos; clubes de Adulto Mayor; centros de padres y apoderados entre otras.\" src=\"https:\/\/i0.wp.com\/www.eltrabajo.cl\/portal\/wp-content\/uploads\/2014\/07\/Abuela1.jpg?resize=529%2C290\" width=\"529\" height=\"290\" srcset=\"https:\/\/i0.wp.com\/eltrabajo.cl\/portal\/wp-content\/uploads\/2014\/07\/Abuela1.jpg?w=529&amp;ssl=1 529w, https:\/\/i0.wp.com\/eltrabajo.cl\/portal\/wp-content\/uploads\/2014\/07\/Abuela1.jpg?resize=200%2C109&amp;ssl=1 200w, https:\/\/i0.wp.com\/eltrabajo.cl\/portal\/wp-content\/uploads\/2014\/07\/Abuela1.jpg?resize=300%2C164&amp;ssl=1 300w, https:\/\/i0.wp.com\/eltrabajo.cl\/portal\/wp-content\/uploads\/2014\/07\/Abuela1.jpg?resize=150%2C82&amp;ssl=1 150w, https:\/\/i0.wp.com\/eltrabajo.cl\/portal\/wp-content\/uploads\/2014\/07\/Abuela1.jpg?resize=400%2C219&amp;ssl=1 400w\" sizes=\"auto, (max-width: 529px) 100vw, 529px\" \/><\/a><figcaption id=\"caption-attachment-49200\" class=\"wp-caption-text\">MUY QUERIDA.- Esta longeva dirigente social, destaca por su activa participaci\u00f3n en directivas de diferentes entidades tales como juntas de vecinos; clubes de Adulto Mayor; centros de padres y apoderados entre otras.<\/figcaption><\/figure>\n<p><strong>SANTA MAR\u00cdA.<\/strong>&#8211; Zunilda Aida Marambio, destacada y querida vecina del sector San Fernando, celebr\u00f3 sus 82 a\u00f1os de vida y recibi\u00f3 la visita del Alcalde Claudio Zurita Ibarra como reconocimiento a su liderazgo, entrega y destaca labor en organizaciones sociales. Esta longeva dirigente social, destaca por su activa participaci\u00f3n en directivas de diferentes entidades tales como juntas de vecinos; clubes de Adulto Mayor; centros de padres y apoderados entre otras, sobresaliendo siempre por su alegr\u00eda y principalmente compromiso que la hecho merecedora del cari\u00f1o y admiraci\u00f3n de toda una comunidad.<\/p>\n<figure id=\"attachment_49201\" aria-describedby=\"caption-attachment-49201\" style=\"width: 370px\" class=\"wp-caption alignright\"><a href=\"https:\/\/i0.wp.com\/www.eltrabajo.cl\/portal\/wp-content\/uploads\/2014\/07\/Abuela2.jpg\"><img data-recalc-dims=\"1\" loading=\"lazy\" decoding=\"async\" class=\" wp-image-49201 \" alt=\"ABUELA REGALONA.- Zunilda Aida Marambio, destacada y querida vecina del sector San Fernando, celebr\u00f3 sus 82 a\u00f1os de vida y recibi\u00f3 la visita del Alcalde Claudio Zurita Ibarra como reconocimiento a su liderazgo.\" src=\"https:\/\/i0.wp.com\/www.eltrabajo.cl\/portal\/wp-content\/uploads\/2014\/07\/Abuela2.jpg?resize=370%2C506\" width=\"370\" height=\"506\" srcset=\"https:\/\/i0.wp.com\/eltrabajo.cl\/portal\/wp-content\/uploads\/2014\/07\/Abuela2.jpg?w=529&amp;ssl=1 529w, https:\/\/i0.wp.com\/eltrabajo.cl\/portal\/wp-content\/uploads\/2014\/07\/Abuela2.jpg?resize=109%2C150&amp;ssl=1 109w, https:\/\/i0.wp.com\/eltrabajo.cl\/portal\/wp-content\/uploads\/2014\/07\/Abuela2.jpg?resize=219%2C300&amp;ssl=1 219w, https:\/\/i0.wp.com\/eltrabajo.cl\/portal\/wp-content\/uploads\/2014\/07\/Abuela2.jpg?resize=400%2C546&amp;ssl=1 400w\" sizes=\"auto, (max-width: 370px) 100vw, 370px\" \/><\/a><figcaption id=\"caption-attachment-49201\" class=\"wp-caption-text\">ABUELA REGALONA.- Zunilda Aida Marambio, destacada y querida vecina del sector San Fernando, celebr\u00f3 sus 82 a\u00f1os de vida y recibi\u00f3 la visita del Alcalde Claudio Zurita Ibarra como reconocimiento a su liderazgo.<\/figcaption><\/figure>\n<p>En la oportunidad esta madre y abuela se mostr\u00f3 muy emocionada por este sincero gesto y por todos los que llegaron a saludarla y a acompa\u00f1arla. Nos coment\u00f3 como an\u00e9cdota que si bien es cierto, su c\u00e9dula de identidad registra el mes de julio de 1935, despu\u00e9s de unos a\u00f1os de nacida reci\u00e9n sus padres la inscribieron en el Registro Civil de Identificaci\u00f3n de la \u00e9poca, situaci\u00f3n que al parecer, en algunas ocasiones ocurr\u00eda por aquellos a\u00f1os.<\/p>\n<p>En la oportunidad, la m\u00e1xima autoridad comunal y acompa\u00f1ado de la Concejal Marisol Ponce y de la Encargada de Organizaciones Comunitarias, hizo entrega de un presente y de un hermoso ramo de flores a nombre de la Municipalidad, del concejo municipal y de toda la comunidad de Santa Mar\u00eda, en agradecimiento a una vida destinada al servicio y bienestar de los vecinos y vecinas del sector.<\/p>\n<p>&nbsp;<\/p>\n","protected":false},"excerpt":{"rendered":"<p>SANTA MAR\u00cdA.&#8211; Zunilda Aida Marambio, destacada y querida vecina del sector San Fernando, celebr\u00f3 sus 82 a\u00f1os de vida y recibi\u00f3 la visita del Alcalde Claudio Zurita Ibarra como reconocimiento a su&#8230;<\/p>\n","protected":false},"author":482,"featured_media":49200,"comment_status":"open","ping_status":"closed","sticky":false,"template":"","format":"standard","meta":{"advanced_seo_description":"","jetpack_seo_html_title":"","jetpack_seo_noindex":false,"_jetpack_memberships_contains_paid_content":false,"footnotes":""},"categories":[15],"tags":[],"class_list":["post-49199","post","type-post","status-publish","format-standard","has-post-thumbnail","hentry","category-comunidad"],"jetpack_featured_media_url":"https:\/\/i0.wp.com\/eltrabajo.cl\/portal\/wp-content\/uploads\/2014\/07\/Abuela1.jpg?fit=529%2C290&ssl=1","jetpack_sharing_enabled":true,"jetpack_likes_enabled":true,"jetpack-related-posts":[],"_links":{"self":[{"href":"https:\/\/eltrabajo.cl\/portal\/wp-json\/wp\/v2\/posts\/49199","targetHints":{"allow":["GET"]}}],"collection":[{"href":"https:\/\/eltrabajo.cl\/portal\/wp-json\/wp\/v2\/posts"}],"about":[{"href":"https:\/\/eltrabajo.cl\/portal\/wp-json\/wp\/v2\/types\/post"}],"author":[{"embeddable":true,"href":"https:\/\/eltrabajo.cl\/portal\/wp-json\/wp\/v2\/users\/482"}],"replies":[{"embeddable":true,"href":"https:\/\/eltrabajo.cl\/portal\/wp-json\/wp\/v2\/comments?post=49199"}],"version-history":[{"count":0,"href":"https:\/\/eltrabajo.cl\/portal\/wp-json\/wp\/v2\/posts\/49199\/revisions"}],"wp:featuredmedia":[{"embeddable":true,"href":"https:\/\/eltrabajo.cl\/portal\/wp-json\/wp\/v2\/media\/49200"}],"wp:attachment":[{"href":"https:\/\/eltrabajo.cl\/portal\/wp-json\/wp\/v2\/media?parent=49199"}],"wp:term":[{"taxonomy":"category","embeddable":true,"href":"https:\/\/eltrabajo.cl\/portal\/wp-json\/wp\/v2\/categories?post=49199"},{"taxonomy":"post_tag","embeddable":true,"href":"https:\/\/eltrabajo.cl\/portal\/wp-json\/wp\/v2\/tags?post=49199"}],"curies":[{"name":"wp","href":"https:\/\/api.w.org\/{rel}","templated":true}]}}