{"id":49208,"date":"2014-07-24T09:19:49","date_gmt":"2014-07-24T13:19:49","guid":{"rendered":"http:\/\/www.eltrabajo.cl\/portal\/?p=49208"},"modified":"2014-07-24T09:19:49","modified_gmt":"2014-07-24T13:19:49","slug":"una-veintena-de-usuarios-de-prodesal-reciben-cubos-de-alfalfa-para-animales","status":"publish","type":"post","link":"https:\/\/eltrabajo.cl\/portal\/una-veintena-de-usuarios-de-prodesal-reciben-cubos-de-alfalfa-para-animales\/","title":{"rendered":"Una veintena de usuarios de Prodesal reciben cubos de alfalfa para animales"},"content":{"rendered":"<figure id=\"attachment_49209\" aria-describedby=\"caption-attachment-49209\" style=\"width: 529px\" class=\"wp-caption alignnone\"><a href=\"https:\/\/i0.wp.com\/www.eltrabajo.cl\/portal\/wp-content\/uploads\/2014\/07\/Prodesal1.jpg\"><img data-recalc-dims=\"1\" loading=\"lazy\" decoding=\"async\" class=\"size-full wp-image-49209\" alt=\"AYUDA OPORTUNA.- En dependencias del gimnasio municipal de la comuna, se llev\u00f3 a cabo la entrega de 250 sacos de concentrado de alfalfa, beneficiando a 20 usuarios pertenecientes al Prodesal de esta comuna.\" src=\"https:\/\/i0.wp.com\/www.eltrabajo.cl\/portal\/wp-content\/uploads\/2014\/07\/Prodesal1.jpg?resize=529%2C358\" width=\"529\" height=\"358\" srcset=\"https:\/\/i0.wp.com\/eltrabajo.cl\/portal\/wp-content\/uploads\/2014\/07\/Prodesal1.jpg?w=529&amp;ssl=1 529w, https:\/\/i0.wp.com\/eltrabajo.cl\/portal\/wp-content\/uploads\/2014\/07\/Prodesal1.jpg?resize=200%2C135&amp;ssl=1 200w, https:\/\/i0.wp.com\/eltrabajo.cl\/portal\/wp-content\/uploads\/2014\/07\/Prodesal1.jpg?resize=300%2C203&amp;ssl=1 300w, https:\/\/i0.wp.com\/eltrabajo.cl\/portal\/wp-content\/uploads\/2014\/07\/Prodesal1.jpg?resize=150%2C101&amp;ssl=1 150w, https:\/\/i0.wp.com\/eltrabajo.cl\/portal\/wp-content\/uploads\/2014\/07\/Prodesal1.jpg?resize=400%2C270&amp;ssl=1 400w\" sizes=\"auto, (max-width: 529px) 100vw, 529px\" \/><\/a><figcaption id=\"caption-attachment-49209\" class=\"wp-caption-text\">AYUDA OPORTUNA.- En dependencias del gimnasio municipal de la comuna, se llev\u00f3 a cabo la entrega de 250 sacos de concentrado de alfalfa, beneficiando a 20 usuarios pertenecientes al Prodesal de esta comuna.<\/figcaption><\/figure>\n<p><strong>SANTA MAR\u00cdA<\/strong>.- En dependencias del gimnasio municipal de la comuna, se llev\u00f3 a cabo la entrega de 250 sacos de concentrado de alfalfa, beneficiando a 20 usuarios pertenecientes al Prodesal de esta comuna. Lo anterior fue posible gracias a recursos provenientes de Indap, con el apoyo de la Municipalidad de Santa Mar\u00eda. Esta iniciativa, que se ha ejecutado tambi\u00e9n en otras oportunidades, forma parte de un plan de emergencia para hacer frente al per\u00edodo de sequ\u00eda que afecta a la zona, lo que sumado a las bajas temperaturas que se han registrado, han creado condiciones que acent\u00faan la escasez de alimento para los animales.<\/p>\n<p>Brisa Zu\u00f1iga, ejecutiva de Indap de San Felipe, se\u00f1al\u00f3 que \u00abes un plan de emergencia para paliar el d\u00e9ficit h\u00eddrico que afecta a la zona. Desde que se inici\u00f3 la sequ\u00eda Indap ha estado aportando alimento para los animales, puedo destacar que llevamos varios a\u00f1os haciendo este tipo de aportes en ayuda de las necesidades de nuestros usuarios\u00bb, coment\u00f3 Z\u00fa\u00f1iga.<\/p>\n<p>Por su parte el Alcalde Claudio Zurita, expres\u00f3 sentirse \u00abmuy contento, porque hoy d\u00eda estamos entregando cubos de alfalfa a los ganaderos, especialmente del sector Jahuel, porque el tema de la sequ\u00eda es algo que nos ha golpeado bastante, por lo que quiero agradecer a Indap que est\u00e1 realizando esta entrega a trav\u00e9s del equipo de Prodesal de Santa Mar\u00eda y esperamos que nuestros usuarios se vayan felices con este importante aporte. Tambi\u00e9n quiero mencionar que el lunes, estaremos entregando pasto a la gente que no es usuario de Prodesal, gracias a un acuerdo del concejo municipal con fondos municipales, con lo que estaremos apoyando a los vecinos que no est\u00e1n incorporados a este programa y que tambi\u00e9n han sufrido las inclemencias del tiempo\u00bb, dijo Zurita.<\/p>\n<p>Es importante destacar que la falta de alimento puede causar el debilitamiento e inclusive la muerte de los animales, afectando dram\u00e1ticamente los ingresos y calidad de vida de las familias.<\/p>\n","protected":false},"excerpt":{"rendered":"<p>SANTA MAR\u00cdA.- En dependencias del gimnasio municipal de la comuna, se llev\u00f3 a cabo la entrega de 250 sacos de concentrado de alfalfa, beneficiando a 20 usuarios pertenecientes al Prodesal de esta&#8230;<\/p>\n","protected":false},"author":482,"featured_media":49209,"comment_status":"open","ping_status":"closed","sticky":false,"template":"","format":"standard","meta":{"advanced_seo_description":"","jetpack_seo_html_title":"","jetpack_seo_noindex":false,"_jetpack_memberships_contains_paid_content":false,"footnotes":""},"categories":[15],"tags":[],"class_list":["post-49208","post","type-post","status-publish","format-standard","has-post-thumbnail","hentry","category-comunidad"],"jetpack_featured_media_url":"https:\/\/i0.wp.com\/eltrabajo.cl\/portal\/wp-content\/uploads\/2014\/07\/Prodesal1.jpg?fit=529%2C358&ssl=1","jetpack_sharing_enabled":true,"jetpack_likes_enabled":true,"jetpack-related-posts":[],"_links":{"self":[{"href":"https:\/\/eltrabajo.cl\/portal\/wp-json\/wp\/v2\/posts\/49208","targetHints":{"allow":["GET"]}}],"collection":[{"href":"https:\/\/eltrabajo.cl\/portal\/wp-json\/wp\/v2\/posts"}],"about":[{"href":"https:\/\/eltrabajo.cl\/portal\/wp-json\/wp\/v2\/types\/post"}],"author":[{"embeddable":true,"href":"https:\/\/eltrabajo.cl\/portal\/wp-json\/wp\/v2\/users\/482"}],"replies":[{"embeddable":true,"href":"https:\/\/eltrabajo.cl\/portal\/wp-json\/wp\/v2\/comments?post=49208"}],"version-history":[{"count":0,"href":"https:\/\/eltrabajo.cl\/portal\/wp-json\/wp\/v2\/posts\/49208\/revisions"}],"wp:featuredmedia":[{"embeddable":true,"href":"https:\/\/eltrabajo.cl\/portal\/wp-json\/wp\/v2\/media\/49209"}],"wp:attachment":[{"href":"https:\/\/eltrabajo.cl\/portal\/wp-json\/wp\/v2\/media?parent=49208"}],"wp:term":[{"taxonomy":"category","embeddable":true,"href":"https:\/\/eltrabajo.cl\/portal\/wp-json\/wp\/v2\/categories?post=49208"},{"taxonomy":"post_tag","embeddable":true,"href":"https:\/\/eltrabajo.cl\/portal\/wp-json\/wp\/v2\/tags?post=49208"}],"curies":[{"name":"wp","href":"https:\/\/api.w.org\/{rel}","templated":true}]}}