{"id":49220,"date":"2014-07-24T09:23:32","date_gmt":"2014-07-24T13:23:32","guid":{"rendered":"http:\/\/www.eltrabajo.cl\/portal\/?p=49220"},"modified":"2014-07-24T09:23:32","modified_gmt":"2014-07-24T13:23:32","slug":"dan-a-conocer-programa-de-actividades-para-celebrar-aniversario","status":"publish","type":"post","link":"https:\/\/eltrabajo.cl\/portal\/dan-a-conocer-programa-de-actividades-para-celebrar-aniversario\/","title":{"rendered":"Dan a conocer programa de actividades para celebrar aniversario"},"content":{"rendered":"<figure id=\"attachment_49221\" aria-describedby=\"caption-attachment-49221\" style=\"width: 370px\" class=\"wp-caption alignleft\"><a href=\"https:\/\/i0.wp.com\/www.eltrabajo.cl\/portal\/wp-content\/uploads\/2014\/07\/Anuncio1.jpg\"><img data-recalc-dims=\"1\" loading=\"lazy\" decoding=\"async\" class=\" wp-image-49221 \" alt=\"Las actividades las dio a conocer este mi\u00e9rcoles en conferencia de prensa el Alcalde Patricio Freire, quien acompa\u00f1ado del Concejal Basilio Muena revisaron el programa de aniversario.\" src=\"https:\/\/i0.wp.com\/www.eltrabajo.cl\/portal\/wp-content\/uploads\/2014\/07\/Anuncio1.jpg?resize=370%2C281\" width=\"370\" height=\"281\" srcset=\"https:\/\/i0.wp.com\/eltrabajo.cl\/portal\/wp-content\/uploads\/2014\/07\/Anuncio1.jpg?w=529&amp;ssl=1 529w, https:\/\/i0.wp.com\/eltrabajo.cl\/portal\/wp-content\/uploads\/2014\/07\/Anuncio1.jpg?resize=197%2C150&amp;ssl=1 197w, https:\/\/i0.wp.com\/eltrabajo.cl\/portal\/wp-content\/uploads\/2014\/07\/Anuncio1.jpg?resize=300%2C227&amp;ssl=1 300w, https:\/\/i0.wp.com\/eltrabajo.cl\/portal\/wp-content\/uploads\/2014\/07\/Anuncio1.jpg?resize=150%2C113&amp;ssl=1 150w, https:\/\/i0.wp.com\/eltrabajo.cl\/portal\/wp-content\/uploads\/2014\/07\/Anuncio1.jpg?resize=400%2C303&amp;ssl=1 400w\" sizes=\"auto, (max-width: 370px) 100vw, 370px\" \/><\/a><figcaption id=\"caption-attachment-49221\" class=\"wp-caption-text\">Las actividades las dio a conocer este mi\u00e9rcoles en conferencia de prensa el Alcalde Patricio Freire, quien acompa\u00f1ado del Concejal Basilio Muena revisaron el programa de aniversario.<\/figcaption><\/figure>\n<p>Una importante cantidad de entretenidas actividades tiene organizadas para el mes de agosto la Municipalidad de San Felipe, con ocasi\u00f3n de celebrar 274 a\u00f1os de la fundaci\u00f3n de la comuna. Las actividades las dio a conocer este mi\u00e9rcoles en conferencia de prensa el Alcalde Patricio Freire, quien acompa\u00f1ado del Concejal Basilio Muena revisaron el programa de aniversario, que contempla actividades en todos los sectores de la comuna.<\/p>\n<p>En total la municipalidad organiz\u00f3 m\u00e1s de 90 actividades, las que comienzan el viernes 1 de agosto con el desfile en el sector de Curim\u00f3n a las 11:00 horas y contin\u00faan a las 19:00 horas con la Ceremonia de Distinciones, la que se realizar\u00e1 en el teatro municipal.<\/p>\n<p>El s\u00e1bado 2 de agosto en tanto se realizar\u00e1 el tradicional desfile en el sector 21 de Mayo, mientras que las actividades contin\u00faan el domingo 3 de agosto con el Tedeum en la Iglesia Catedral a las 10:00 horas, seguido del desfile a las 11:00 horas en la plaza de armas, a lo que se suma la Gala de Aniversario a las 19:00 horas en el gimnasio del Liceo Roberto Humeres, oportunidad en que se presentar\u00e1 \u2018La p\u00e9rgola de las flores\u2019.<\/p>\n<p>\u201cLa comuna de San Felipe en el mes de agosto cumplir\u00e1 274 a\u00f1os de vida y queremos celebrar la fecha con una importante cantidad de actividades. Vamos a inaugurar algunos proyectos que ya que se encuentran finalizados, como la multi-cancha de La Troya, que es un anhelo muy esperado por los vecinos, a lo que se suma el generador en ese mismo lugar, adem\u00e1s de inaugurar m\u00e1quinas de ejercicio en distintos sectores de la comuna, y vamos a culminar las actividades con la entrega de la terraza de la plaza de armas a la comunidad de San Felipe, por ello invitamos a toda la comunidad a sumarse y a disfrutar de todas estas actividades, las que est\u00e1n pensadas para todos los sanfelipe\u00f1os\u201d, dijo el Alcalde Freire.<\/p>\n<p>Las actividades van a continuar durante todo el mes de agosto, las que est\u00e1n organizadas por los distintos departamentos de la municipalidad, entre los que se cuentan Cultura; la Oficina de la Mujer; la Direcci\u00f3n de Salud Municipal y el Departamento de Deportes, adem\u00e1s de las distintas instituciones que son parte de la comuna y que a\u00f1o tras a\u00f1o organizan actividades con ocasi\u00f3n del aniversario.<\/p>\n<p><strong>D\u00cdA DEL NI\u00d1O<\/strong><\/p>\n<p>Entre las actividades tambi\u00e9n se cuenta la celebraci\u00f3n del D\u00eda del Ni\u00f1o, donde los peque\u00f1os de la comuna podr\u00e1n disfrutar de juegos inflables, mec\u00e1nicos y un show art\u00edstico, especialmente preparado para que los ni\u00f1os disfruten en su d\u00eda. Dentro del mes de agosto y finalizando las actividades, adem\u00e1s se tiene contemplada la entrega de la terraza de la plaza de armas, oportunidad en que los vecinos podr\u00e1n disfrutar de la actuaci\u00f3n en ese lugar de la Big Band de la Universidad de Playa Ancha.<\/p>\n<p>Para conocer en detalle el programa de aniversario, los vecinos pueden ingresar a la p\u00e1gina de la Municipalidad, que es www.mu nici palidaddesanfelipe.cl o dirigirse hasta el edificio consistorial y solicitar un programa, el que fue preparado para que todos los sanfelipe\u00f1os puedan disfrutar de un nuevo aniversario de la comuna.<\/p>\n","protected":false},"excerpt":{"rendered":"<p>Una importante cantidad de entretenidas actividades tiene organizadas para el mes de agosto la Municipalidad de San Felipe, con ocasi\u00f3n de celebrar 274 a\u00f1os de la fundaci\u00f3n de la comuna. Las actividades&#8230;<\/p>\n","protected":false},"author":482,"featured_media":49221,"comment_status":"open","ping_status":"closed","sticky":false,"template":"","format":"standard","meta":{"advanced_seo_description":"","jetpack_seo_html_title":"","jetpack_seo_noindex":false,"_jetpack_memberships_contains_paid_content":false,"footnotes":""},"categories":[15],"tags":[],"class_list":["post-49220","post","type-post","status-publish","format-standard","has-post-thumbnail","hentry","category-comunidad"],"jetpack_featured_media_url":"https:\/\/i0.wp.com\/eltrabajo.cl\/portal\/wp-content\/uploads\/2014\/07\/Anuncio1.jpg?fit=529%2C401&ssl=1","jetpack_sharing_enabled":true,"jetpack_likes_enabled":true,"jetpack-related-posts":[],"_links":{"self":[{"href":"https:\/\/eltrabajo.cl\/portal\/wp-json\/wp\/v2\/posts\/49220","targetHints":{"allow":["GET"]}}],"collection":[{"href":"https:\/\/eltrabajo.cl\/portal\/wp-json\/wp\/v2\/posts"}],"about":[{"href":"https:\/\/eltrabajo.cl\/portal\/wp-json\/wp\/v2\/types\/post"}],"author":[{"embeddable":true,"href":"https:\/\/eltrabajo.cl\/portal\/wp-json\/wp\/v2\/users\/482"}],"replies":[{"embeddable":true,"href":"https:\/\/eltrabajo.cl\/portal\/wp-json\/wp\/v2\/comments?post=49220"}],"version-history":[{"count":0,"href":"https:\/\/eltrabajo.cl\/portal\/wp-json\/wp\/v2\/posts\/49220\/revisions"}],"wp:featuredmedia":[{"embeddable":true,"href":"https:\/\/eltrabajo.cl\/portal\/wp-json\/wp\/v2\/media\/49221"}],"wp:attachment":[{"href":"https:\/\/eltrabajo.cl\/portal\/wp-json\/wp\/v2\/media?parent=49220"}],"wp:term":[{"taxonomy":"category","embeddable":true,"href":"https:\/\/eltrabajo.cl\/portal\/wp-json\/wp\/v2\/categories?post=49220"},{"taxonomy":"post_tag","embeddable":true,"href":"https:\/\/eltrabajo.cl\/portal\/wp-json\/wp\/v2\/tags?post=49220"}],"curies":[{"name":"wp","href":"https:\/\/api.w.org\/{rel}","templated":true}]}}