{"id":49231,"date":"2014-07-24T09:30:58","date_gmt":"2014-07-24T13:30:58","guid":{"rendered":"http:\/\/www.eltrabajo.cl\/portal\/?p=49231"},"modified":"2014-07-24T09:30:58","modified_gmt":"2014-07-24T13:30:58","slug":"mas-de-60-gallinas-muertas-por-eventual-ataque-de-perros-en-granallas","status":"publish","type":"post","link":"https:\/\/eltrabajo.cl\/portal\/mas-de-60-gallinas-muertas-por-eventual-ataque-de-perros-en-granallas\/","title":{"rendered":"M\u00e1s de 60 gallinas muertas por eventual ataque de perros en Granallas"},"content":{"rendered":"<figure id=\"attachment_49232\" aria-describedby=\"caption-attachment-49232\" style=\"width: 370px\" class=\"wp-caption alignleft\"><a href=\"https:\/\/i0.wp.com\/www.eltrabajo.cl\/portal\/wp-content\/uploads\/2014\/07\/Gallinas1.jpg\"><img data-recalc-dims=\"1\" loading=\"lazy\" decoding=\"async\" class=\" wp-image-49232 \" alt=\"TODAS MUERTAS.- Luis Espinoza se\u00f1al\u00f3 que su padre, Jorge Espinoza, de 85 a\u00f1os de edad, como es habitual se traslad\u00f3 a alimentar a sus gallinas que estaban al interior de un gallinero, comprobando que pr\u00e1cticamente todas estaban muertas y algunas mal heridas.\" src=\"https:\/\/i0.wp.com\/www.eltrabajo.cl\/portal\/wp-content\/uploads\/2014\/07\/Gallinas1.jpg?resize=370%2C453\" width=\"370\" height=\"453\" srcset=\"https:\/\/i0.wp.com\/eltrabajo.cl\/portal\/wp-content\/uploads\/2014\/07\/Gallinas1.jpg?w=529&amp;ssl=1 529w, https:\/\/i0.wp.com\/eltrabajo.cl\/portal\/wp-content\/uploads\/2014\/07\/Gallinas1.jpg?resize=122%2C150&amp;ssl=1 122w, https:\/\/i0.wp.com\/eltrabajo.cl\/portal\/wp-content\/uploads\/2014\/07\/Gallinas1.jpg?resize=245%2C300&amp;ssl=1 245w, https:\/\/i0.wp.com\/eltrabajo.cl\/portal\/wp-content\/uploads\/2014\/07\/Gallinas1.jpg?resize=400%2C489&amp;ssl=1 400w\" sizes=\"auto, (max-width: 370px) 100vw, 370px\" \/><\/a><figcaption id=\"caption-attachment-49232\" class=\"wp-caption-text\">TODAS MUERTAS.- Luis Espinoza se\u00f1al\u00f3 que su padre, Jorge Espinoza, de 85 a\u00f1os de edad, como es habitual se traslad\u00f3 a alimentar a sus gallinas que estaban al interior de un gallinero, comprobando que pr\u00e1cticamente todas estaban muertas y algunas mal heridas.<\/figcaption><\/figure>\n<p>&nbsp;<\/p>\n<p><strong>PUTAENDO.<\/strong>&#8211; Profundamente afectado se encuentra un Adulto Mayor, quien reside en el sector de Granallas, luego que seg\u00fan se\u00f1alara, m\u00e1s de 60 gallinas fueron muertas en su propiedad por el ataque de perros que ser\u00edan de propiedad de un vecino.<\/p>\n<p>Luis Espinoza se\u00f1al\u00f3 que su padre, Jorge Espinoza, de 85 a\u00f1os de edad, como es habitual se traslad\u00f3 en horas de la ma\u00f1ana a alimentar a sus gallinas que estaban al interior de un gallinero, comprobando que pr\u00e1cticamente todas estaban muertas y algunas mal heridas y verific\u00f3 que hab\u00edan claros indicios de que los perros de un vecino eran los causantes de dicha matanza.<\/p>\n<figure id=\"attachment_49233\" aria-describedby=\"caption-attachment-49233\" style=\"width: 423px\" class=\"wp-caption alignright\"><a href=\"https:\/\/i0.wp.com\/www.eltrabajo.cl\/portal\/wp-content\/uploads\/2014\/07\/Gallinas2.jpg\"><img data-recalc-dims=\"1\" loading=\"lazy\" decoding=\"async\" class=\" wp-image-49233 \" alt=\"UN PROBLEMA SERIO.- Seg\u00fan indicaron los hijos del propietario de las aves, son m\u00e1s de $ 150.000 en p\u00e9rdidas que dej\u00f3 como saldo este ataque.\" src=\"https:\/\/i0.wp.com\/www.eltrabajo.cl\/portal\/wp-content\/uploads\/2014\/07\/Gallinas2.jpg?resize=423%2C286\" width=\"423\" height=\"286\" srcset=\"https:\/\/i0.wp.com\/eltrabajo.cl\/portal\/wp-content\/uploads\/2014\/07\/Gallinas2.jpg?w=529&amp;ssl=1 529w, https:\/\/i0.wp.com\/eltrabajo.cl\/portal\/wp-content\/uploads\/2014\/07\/Gallinas2.jpg?resize=200%2C135&amp;ssl=1 200w, https:\/\/i0.wp.com\/eltrabajo.cl\/portal\/wp-content\/uploads\/2014\/07\/Gallinas2.jpg?resize=300%2C203&amp;ssl=1 300w, https:\/\/i0.wp.com\/eltrabajo.cl\/portal\/wp-content\/uploads\/2014\/07\/Gallinas2.jpg?resize=150%2C101&amp;ssl=1 150w, https:\/\/i0.wp.com\/eltrabajo.cl\/portal\/wp-content\/uploads\/2014\/07\/Gallinas2.jpg?resize=400%2C270&amp;ssl=1 400w\" sizes=\"auto, (max-width: 423px) 100vw, 423px\" \/><\/a><figcaption id=\"caption-attachment-49233\" class=\"wp-caption-text\">UN PROBLEMA SERIO.- Seg\u00fan indicaron los hijos del propietario de las aves, son m\u00e1s de $ 150.000 en p\u00e9rdidas que dej\u00f3 como saldo este ataque.<\/figcaption><\/figure>\n<p>El afectado solicit\u00f3 la presencia de Carabineros, los que acogieron una denuncia por el delito de Da\u00f1os, verificando los efectivos policiales que efectivamente en el patio de la propiedad de un vecino hab\u00edan varias gallinas muertas que eventualmente los perros llevaron hasta ese lugar, por lo que la versi\u00f3n del afectado se hac\u00eda m\u00e1s cre\u00edble en lo relacionado a los animales que mataron sus gallinas.<\/p>\n<p>Este Adulto Mayor dedica mucho tiempo a sus gallinas y a pesar que no es la primera vez que perros le matan sus aves y que sus propios hijos le piden que ya no cr\u00ede m\u00e1s gallinas, \u00e9l vuelve a comprar m\u00e1s y las sigue criando en una verdadera terapia a prop\u00f3sito de la muerte de su esposa y la sordera que hoy padece, lo que sus hijos se\u00f1alan le lleva a estar gran parte del d\u00eda junto a sus queridas gallinas.<\/p>\n<p>Seg\u00fan indicaron los hijos del propietario de las aves, son m\u00e1s de $ 150.000 en p\u00e9rdidas que dej\u00f3 como saldo este ataque y reconocieron que ya en una oportunidad el due\u00f1o de los perros que habr\u00edan causado esta matanza, ya les pag\u00f3 el valor de ocho gallinas, que tambi\u00e9n fueron muertas por los mismos perros de su propiedad.<\/p>\n<p>Patricio Gallardo M.<\/p>\n<p>&nbsp;<\/p>\n","protected":false},"excerpt":{"rendered":"<p>&nbsp; PUTAENDO.&#8211; Profundamente afectado se encuentra un Adulto Mayor, quien reside en el sector de Granallas, luego que seg\u00fan se\u00f1alara, m\u00e1s de 60 gallinas fueron muertas en su propiedad por el ataque&#8230;<\/p>\n","protected":false},"author":482,"featured_media":49232,"comment_status":"open","ping_status":"closed","sticky":false,"template":"","format":"standard","meta":{"advanced_seo_description":"","jetpack_seo_html_title":"","jetpack_seo_noindex":false,"_jetpack_memberships_contains_paid_content":false,"footnotes":""},"categories":[15],"tags":[],"class_list":["post-49231","post","type-post","status-publish","format-standard","has-post-thumbnail","hentry","category-comunidad"],"jetpack_featured_media_url":"https:\/\/i0.wp.com\/eltrabajo.cl\/portal\/wp-content\/uploads\/2014\/07\/Gallinas1.jpg?fit=529%2C647&ssl=1","jetpack_sharing_enabled":true,"jetpack_likes_enabled":true,"jetpack-related-posts":[],"_links":{"self":[{"href":"https:\/\/eltrabajo.cl\/portal\/wp-json\/wp\/v2\/posts\/49231","targetHints":{"allow":["GET"]}}],"collection":[{"href":"https:\/\/eltrabajo.cl\/portal\/wp-json\/wp\/v2\/posts"}],"about":[{"href":"https:\/\/eltrabajo.cl\/portal\/wp-json\/wp\/v2\/types\/post"}],"author":[{"embeddable":true,"href":"https:\/\/eltrabajo.cl\/portal\/wp-json\/wp\/v2\/users\/482"}],"replies":[{"embeddable":true,"href":"https:\/\/eltrabajo.cl\/portal\/wp-json\/wp\/v2\/comments?post=49231"}],"version-history":[{"count":0,"href":"https:\/\/eltrabajo.cl\/portal\/wp-json\/wp\/v2\/posts\/49231\/revisions"}],"wp:featuredmedia":[{"embeddable":true,"href":"https:\/\/eltrabajo.cl\/portal\/wp-json\/wp\/v2\/media\/49232"}],"wp:attachment":[{"href":"https:\/\/eltrabajo.cl\/portal\/wp-json\/wp\/v2\/media?parent=49231"}],"wp:term":[{"taxonomy":"category","embeddable":true,"href":"https:\/\/eltrabajo.cl\/portal\/wp-json\/wp\/v2\/categories?post=49231"},{"taxonomy":"post_tag","embeddable":true,"href":"https:\/\/eltrabajo.cl\/portal\/wp-json\/wp\/v2\/tags?post=49231"}],"curies":[{"name":"wp","href":"https:\/\/api.w.org\/{rel}","templated":true}]}}