{"id":49238,"date":"2014-07-24T09:33:30","date_gmt":"2014-07-24T13:33:30","guid":{"rendered":"http:\/\/www.eltrabajo.cl\/portal\/?p=49238"},"modified":"2014-07-24T09:33:30","modified_gmt":"2014-07-24T13:33:30","slug":"reformalizan-a-padre-e-hijo-sospechosos-de-matar-a-manuel-basso","status":"publish","type":"post","link":"https:\/\/eltrabajo.cl\/portal\/reformalizan-a-padre-e-hijo-sospechosos-de-matar-a-manuel-basso\/","title":{"rendered":"Reformalizan a padre e hijo sospechosos de matar a Manuel Basso"},"content":{"rendered":"<figure id=\"attachment_49239\" aria-describedby=\"caption-attachment-49239\" style=\"width: 370px\" class=\"wp-caption alignleft\"><a href=\"https:\/\/i0.wp.com\/www.eltrabajo.cl\/portal\/wp-content\/uploads\/2014\/07\/Coautor-del-Homicidio.jpg\"><img data-recalc-dims=\"1\" loading=\"lazy\" decoding=\"async\" class=\" wp-image-49239 \" alt=\"Manuel Gallardo P\u00e1ez junto a su padre deber\u00e1n cumplir la cautelar de prisi\u00f3n preventiva tras haber sido reformalizados por Homicidio Calificado, siendo v\u00edctima Manuel Basso Fuenzalida, quien falleci\u00f3 de una profunda estocada en el pecho.\" src=\"https:\/\/i0.wp.com\/www.eltrabajo.cl\/portal\/wp-content\/uploads\/2014\/07\/Coautor-del-Homicidio.jpg?resize=370%2C403\" width=\"370\" height=\"403\" srcset=\"https:\/\/i0.wp.com\/eltrabajo.cl\/portal\/wp-content\/uploads\/2014\/07\/Coautor-del-Homicidio.jpg?w=529&amp;ssl=1 529w, https:\/\/i0.wp.com\/eltrabajo.cl\/portal\/wp-content\/uploads\/2014\/07\/Coautor-del-Homicidio.jpg?resize=137%2C150&amp;ssl=1 137w, https:\/\/i0.wp.com\/eltrabajo.cl\/portal\/wp-content\/uploads\/2014\/07\/Coautor-del-Homicidio.jpg?resize=275%2C300&amp;ssl=1 275w, https:\/\/i0.wp.com\/eltrabajo.cl\/portal\/wp-content\/uploads\/2014\/07\/Coautor-del-Homicidio.jpg?resize=400%2C435&amp;ssl=1 400w\" sizes=\"auto, (max-width: 370px) 100vw, 370px\" \/><\/a><figcaption id=\"caption-attachment-49239\" class=\"wp-caption-text\">Manuel Gallardo P\u00e1ez junto a su padre deber\u00e1n cumplir la cautelar de prisi\u00f3n preventiva tras haber sido reformalizados por Homicidio Calificado, siendo v\u00edctima Manuel Basso Fuenzalida, quien falleci\u00f3 de una profunda estocada en el pecho.<\/figcaption><\/figure>\n<p>La Fiscal\u00eda de San Felipe reformaliz\u00f3 de Homicidio Simple a Calificado a los dos imputados, padre e hijo, acusados de dar muerte con alevos\u00eda de una certera estocada con un cuchillo a Manuel Basso Fuenzalida, tras una violenta discusi\u00f3n al interior de Villa Departamental de esta comuna, arriesgando penas que van desde los 10 a los 20 a\u00f1os de presidio.<\/p>\n<p><strong>\u00a0MANTIENEN CAUTELAR<\/strong><\/p>\n<p>As\u00ed lo reiter\u00f3 el Fiscal Osvaldo Basso Cerda, a cargo de este caso, se\u00f1alando que la semana pasada la Defensa de los imputados Manuel Gallardo Aranda (Padre) y Manuel Gallardo P\u00e1ez (Hijo), requiri\u00f3 revisar la medida cautelar de Prisi\u00f3n Preventiva desde el d\u00eda del crimen. No obstante en dicha audiencia y tras los argumentos de la fiscal\u00eda, la Jueza de Garant\u00eda decidi\u00f3 mantener dicha cautelar por representar un peligro para la sociedad.<\/p>\n<figure id=\"attachment_49240\" aria-describedby=\"caption-attachment-49240\" style=\"width: 317px\" class=\"wp-caption alignright\"><a href=\"https:\/\/i0.wp.com\/www.eltrabajo.cl\/portal\/wp-content\/uploads\/2014\/07\/Fiscal-Basso.jpg\"><img data-recalc-dims=\"1\" loading=\"lazy\" decoding=\"async\" class=\" wp-image-49240 \" alt=\"El Fiscal Osvaldo Basso Cerda indic\u00f3 que tras la decisi\u00f3n de la Corte de Apelaciones de Valpara\u00edso reiter\u00f3 que el caso se trata de un Homicidio Calificado dado a que uno de los imputados actu\u00f3 con alevos\u00eda para cometer el crimen.\" src=\"https:\/\/i0.wp.com\/www.eltrabajo.cl\/portal\/wp-content\/uploads\/2014\/07\/Fiscal-Basso.jpg?resize=317%2C367\" width=\"317\" height=\"367\" srcset=\"https:\/\/i0.wp.com\/eltrabajo.cl\/portal\/wp-content\/uploads\/2014\/07\/Fiscal-Basso.jpg?w=529&amp;ssl=1 529w, https:\/\/i0.wp.com\/eltrabajo.cl\/portal\/wp-content\/uploads\/2014\/07\/Fiscal-Basso.jpg?resize=129%2C150&amp;ssl=1 129w, https:\/\/i0.wp.com\/eltrabajo.cl\/portal\/wp-content\/uploads\/2014\/07\/Fiscal-Basso.jpg?resize=259%2C300&amp;ssl=1 259w, https:\/\/i0.wp.com\/eltrabajo.cl\/portal\/wp-content\/uploads\/2014\/07\/Fiscal-Basso.jpg?resize=400%2C462&amp;ssl=1 400w\" sizes=\"auto, (max-width: 317px) 100vw, 317px\" \/><\/a><figcaption id=\"caption-attachment-49240\" class=\"wp-caption-text\">El Fiscal Osvaldo Basso Cerda indic\u00f3 que tras la decisi\u00f3n de la Corte de Apelaciones de Valpara\u00edso reiter\u00f3 que el caso se trata de un Homicidio Calificado dado a que uno de los imputados actu\u00f3 con alevos\u00eda para cometer el crimen.<\/figcaption><\/figure>\n<p>Asimismo, la Defensor\u00eda Penal P\u00fablica apel\u00f3 ante la Ilustr\u00edsima Corte de Apelaciones para revocar esta medida, decisi\u00f3n que fue dada a conocer el d\u00eda de ayer mi\u00e9rcoles por este Tribunal de Alzada al sostener los planteamientos del Ministerio P\u00fablico, ordenando mantener la Prisi\u00f3n Preventiva para ambos imputados, quienes fueron re-formalizados por Homicidio Calificado.<\/p>\n<p>\u201cEl d\u00eda de hoy (ayer) el Tribunal de Alzada decidi\u00f3 mantener la Prisi\u00f3n Preventiva que pesa en contra de los imputados, validando nuestras argumentaciones que dicen b\u00e1sicamente, seg\u00fan lo que hemos podido detallar y acreditar mediante el transcurso de la investigaci\u00f3n, que en realidad estamos en presencia de un homicidio calificado, raz\u00f3n por la cual reformalizamos cargos por dicha figura, vale decir, ambos sujetos est\u00e1n en prisi\u00f3n preventiva, la causa est\u00e1 cerrada, el Ministerio P\u00fablico va a presentar acusaci\u00f3n en contra de los imputados\u201d, indic\u00f3 el Fiscal Jefe, Osvaldo Basso.<\/p>\n<p>El persecutor explic\u00f3 que el Homicidio Calificado parte con una pena de 10 a\u00f1os y un d\u00eda a Presidio Perpetuo Simple, pero como los imputados mantienen irreprochable conducta anterior, la penalidad podr\u00eda ser desde los 10 a\u00f1os y un d\u00eda hasta los 20 a\u00f1os que se perseguir\u00e1n en un juicio. La acusaci\u00f3n de la fiscal\u00eda relata los sucesos cometidos al interior de Villa Departamental, donde se produjo un altercado entre la v\u00edctima Manuel Basso Fuenzalida, de 27 a\u00f1os de edad, y una mujer que es hija y hermana de los imputados, a ra\u00edz de una acalorada discusi\u00f3n por las agresiones de un perro de raza pitbull hacia otros canes cerca de las 21:00 horas del domingo 26 de enero de este a\u00f1o.<\/p>\n<p>Esta \u2018pelea de perros\u2019 origin\u00f3 que esta mujer concurriera junto a su padre y hermano (los imputados) hasta el departamento de Manuel Basso para que descendiera hasta la v\u00eda p\u00fablica donde se produjo un violento altercado. En esos instantes Manuel Basso fue reducido por uno de los acusados mientras que el padre de la mujer, aprovechando esta debilidad, procedi\u00f3 a propinarle sobre seguro una certera estocada con un cuchillo directo en el pecho que le atraves\u00f3 hacia el coraz\u00f3n y el pulm\u00f3n caus\u00e1ndole la muerte.<\/p>\n<p>\u201cCon la declaraci\u00f3n de tres testigos este fiscal acusa al imputado Gallardo Aranda de actuar sobre seguro cuando la v\u00edctima fue reducida y se aprovech\u00f3 de esa circunstancia actuando con clara alevos\u00eda\u201d, sentenci\u00f3 el jurista.<\/p>\n<p>Pablo Salinas Sald\u00edas<\/p>\n<p>&nbsp;<\/p>\n","protected":false},"excerpt":{"rendered":"<p>La Fiscal\u00eda de San Felipe reformaliz\u00f3 de Homicidio Simple a Calificado a los dos imputados, padre e hijo, acusados de dar muerte con alevos\u00eda de una certera estocada con un cuchillo a&#8230;<\/p>\n","protected":false},"author":482,"featured_media":49239,"comment_status":"open","ping_status":"closed","sticky":false,"template":"","format":"standard","meta":{"advanced_seo_description":"","jetpack_seo_html_title":"","jetpack_seo_noindex":false,"_jetpack_memberships_contains_paid_content":false,"footnotes":""},"categories":[21],"tags":[],"class_list":["post-49238","post","type-post","status-publish","format-standard","has-post-thumbnail","hentry","category-policial"],"jetpack_featured_media_url":"https:\/\/i0.wp.com\/eltrabajo.cl\/portal\/wp-content\/uploads\/2014\/07\/Coautor-del-Homicidio.jpg?fit=529%2C576&ssl=1","jetpack_sharing_enabled":true,"jetpack_likes_enabled":true,"jetpack-related-posts":[],"_links":{"self":[{"href":"https:\/\/eltrabajo.cl\/portal\/wp-json\/wp\/v2\/posts\/49238","targetHints":{"allow":["GET"]}}],"collection":[{"href":"https:\/\/eltrabajo.cl\/portal\/wp-json\/wp\/v2\/posts"}],"about":[{"href":"https:\/\/eltrabajo.cl\/portal\/wp-json\/wp\/v2\/types\/post"}],"author":[{"embeddable":true,"href":"https:\/\/eltrabajo.cl\/portal\/wp-json\/wp\/v2\/users\/482"}],"replies":[{"embeddable":true,"href":"https:\/\/eltrabajo.cl\/portal\/wp-json\/wp\/v2\/comments?post=49238"}],"version-history":[{"count":0,"href":"https:\/\/eltrabajo.cl\/portal\/wp-json\/wp\/v2\/posts\/49238\/revisions"}],"wp:featuredmedia":[{"embeddable":true,"href":"https:\/\/eltrabajo.cl\/portal\/wp-json\/wp\/v2\/media\/49239"}],"wp:attachment":[{"href":"https:\/\/eltrabajo.cl\/portal\/wp-json\/wp\/v2\/media?parent=49238"}],"wp:term":[{"taxonomy":"category","embeddable":true,"href":"https:\/\/eltrabajo.cl\/portal\/wp-json\/wp\/v2\/categories?post=49238"},{"taxonomy":"post_tag","embeddable":true,"href":"https:\/\/eltrabajo.cl\/portal\/wp-json\/wp\/v2\/tags?post=49238"}],"curies":[{"name":"wp","href":"https:\/\/api.w.org\/{rel}","templated":true}]}}