{"id":49280,"date":"2014-07-25T09:33:04","date_gmt":"2014-07-25T13:33:04","guid":{"rendered":"http:\/\/www.eltrabajo.cl\/portal\/?p=49280"},"modified":"2014-07-25T09:33:04","modified_gmt":"2014-07-25T13:33:04","slug":"alcalde-freire-y-vecinos-de-calle-belisario-montenegro-sostienen-reunion","status":"publish","type":"post","link":"https:\/\/eltrabajo.cl\/portal\/alcalde-freire-y-vecinos-de-calle-belisario-montenegro-sostienen-reunion\/","title":{"rendered":"Alcalde Freire y vecinos de Calle Belisario Montenegro sostienen reuni\u00f3n"},"content":{"rendered":"<figure id=\"attachment_49276\" aria-describedby=\"caption-attachment-49276\" style=\"width: 529px\" class=\"wp-caption alignnone\"><a href=\"https:\/\/i0.wp.com\/www.eltrabajo.cl\/portal\/wp-content\/uploads\/2014\/07\/reunion1.jpg\"><img data-recalc-dims=\"1\" loading=\"lazy\" decoding=\"async\" class=\"size-full wp-image-49276\" alt=\"Una reuni\u00f3n informativa en la que participaron los vecinos de Calle Belisario Montenegro en el sector de El Almendral, sostuvo en horas de la tarde del mi\u00e9rcoles el Alcalde Patricio Freire.\" src=\"https:\/\/i0.wp.com\/www.eltrabajo.cl\/portal\/wp-content\/uploads\/2014\/07\/reunion1.jpg?resize=529%2C279\" width=\"529\" height=\"279\" srcset=\"https:\/\/i0.wp.com\/eltrabajo.cl\/portal\/wp-content\/uploads\/2014\/07\/reunion1.jpg?w=529&amp;ssl=1 529w, https:\/\/i0.wp.com\/eltrabajo.cl\/portal\/wp-content\/uploads\/2014\/07\/reunion1.jpg?resize=200%2C105&amp;ssl=1 200w, https:\/\/i0.wp.com\/eltrabajo.cl\/portal\/wp-content\/uploads\/2014\/07\/reunion1.jpg?resize=300%2C158&amp;ssl=1 300w, https:\/\/i0.wp.com\/eltrabajo.cl\/portal\/wp-content\/uploads\/2014\/07\/reunion1.jpg?resize=150%2C79&amp;ssl=1 150w, https:\/\/i0.wp.com\/eltrabajo.cl\/portal\/wp-content\/uploads\/2014\/07\/reunion1.jpg?resize=400%2C210&amp;ssl=1 400w\" sizes=\"auto, (max-width: 529px) 100vw, 529px\" \/><\/a><figcaption id=\"caption-attachment-49276\" class=\"wp-caption-text\">Una reuni\u00f3n informativa en la que participaron los vecinos de Calle Belisario Montenegro en el sector de El Almendral, sostuvo en horas de la tarde del mi\u00e9rcoles el Alcalde Patricio Freire.<\/figcaption><\/figure>\n<p>Una reuni\u00f3n informativa en la que participaron los vecinos de Calle Belisario Montenegro en el sector de El Almendral, sostuvo en horas de la tarde del mi\u00e9rcoles el Alcalde Patricio Freire, la que ten\u00eda como objetivo dar a conocer los avances del proyecto. En la reuni\u00f3n participaron adem\u00e1s el Secretario de Planificaci\u00f3n del Municipio, Claudio Paredes y los consejeros regionales, Mario Sottolichio, Rolando Stevenson e Iv\u00e1n Reyes, as\u00ed como m\u00e1s de 80 vecinos, quienes viven en ese sector y que por a\u00f1os esperaron la ejecuci\u00f3n del proyecto.<\/p>\n<p>\u201cEstamos contentos porque significa cumplir el sue\u00f1o de los vecinos del sector, tratamos varios temas, especialmente lo que dice relaci\u00f3n con la pavimentaci\u00f3n de la calle, y el hecho que se cuente con los recursos. Pudimos informar que el proyecto se encuentra avanzado y solamente queda esperar la adjudicaci\u00f3n, lo que los dej\u00f3 muy contentos a los vecinos\u201d, dijo el Jefe comunal. Seg\u00fan explic\u00f3 el Secretario de Planificaci\u00f3n a los vecinos, el proyecto fue aprobado tanto por el Consejo Regional como por Serviu y detall\u00f3 algunas caracter\u00edsticas t\u00e9cnicas.<\/p>\n<p>\u201cEs un proyecto que se va a realizar en hormig\u00f3n, con la mejor calidad, adem\u00e1s de reposici\u00f3n de veredas, no solamente la calle sino ambos lados de veredas de Calle Belisario Montenegro, estamos hablando de 1500 metros, es decir 1,5 kil\u00f3metros lo que les va a cambiar la vida a los vecinos, quienes por el estado de la calle tienen problemas para utilizar la calle y con la locomoci\u00f3n colectiva\u201d, dijo Paredes.<\/p>\n<p>En la oportunidad adem\u00e1s el jefe comunal recogi\u00f3 algunas peticiones de parte de los directivos del establecimiento educacional que se ubica en el sector, especialmente enfocadas en la seguridad de los ni\u00f1os que asisten a clases, por lo que se analizar\u00e1 la instalaci\u00f3n de resaltos en el sector, para evitar el tr\u00e1nsito a altas velocidades por el sector, lo que ser\u00eda de costo del municipio.<\/p>\n<p>Asimismo Paredes inform\u00f3 que el proyecto cuenta con los fondos para la contrataci\u00f3n de un profesional que se desempe\u00f1ar\u00e1 como inspector t\u00e9cnico externo, es decir, adem\u00e1s de la fiscalizaci\u00f3n de la direcci\u00f3n de Obras Municipales, habr\u00e1 un profesional especializado viendo que las obras se realicen de la mejor manera.<\/p>\n<p>La presidente de la junta de vecinos, Magaly Cordero, se mostr\u00f3 muy contenta con la informaci\u00f3n entregada a los vecinos, quienes pudieron conocer directamente c\u00f3mo se desarrollar\u00e1 el proyecto.<\/p>\n<p>\u201cEstamos felices, llevamos 20 a\u00f1os luchando por la pavimentaci\u00f3n de la calle, siempre hab\u00edamos tenido promesas, primero nos dec\u00edan que no cumpl\u00eda con las medidas reglamentarias, despu\u00e9s que se hab\u00eda presentado el proyecto y al final nunca conseguimos nada, el se\u00f1or alcalde nos ha escuchado la petici\u00f3n como vecinos y hemos puesto \u00e9nfasis en esto, porque en el sector hay m\u00e1s de 200 ni\u00f1os y hay mucha tercera edad\u201d, dijo la dirigente.<\/p>\n<p>&nbsp;<\/p>\n","protected":false},"excerpt":{"rendered":"<p>Una reuni\u00f3n informativa en la que participaron los vecinos de Calle Belisario Montenegro en el sector de El Almendral, sostuvo en horas de la tarde del mi\u00e9rcoles el Alcalde Patricio Freire, la&#8230;<\/p>\n","protected":false},"author":482,"featured_media":49276,"comment_status":"open","ping_status":"closed","sticky":false,"template":"","format":"standard","meta":{"advanced_seo_description":"","jetpack_seo_html_title":"","jetpack_seo_noindex":false,"_jetpack_memberships_contains_paid_content":false,"footnotes":""},"categories":[15],"tags":[],"class_list":["post-49280","post","type-post","status-publish","format-standard","has-post-thumbnail","hentry","category-comunidad"],"jetpack_featured_media_url":"https:\/\/i0.wp.com\/eltrabajo.cl\/portal\/wp-content\/uploads\/2014\/07\/reunion1.jpg?fit=529%2C279&ssl=1","jetpack_sharing_enabled":true,"jetpack_likes_enabled":true,"jetpack-related-posts":[],"_links":{"self":[{"href":"https:\/\/eltrabajo.cl\/portal\/wp-json\/wp\/v2\/posts\/49280","targetHints":{"allow":["GET"]}}],"collection":[{"href":"https:\/\/eltrabajo.cl\/portal\/wp-json\/wp\/v2\/posts"}],"about":[{"href":"https:\/\/eltrabajo.cl\/portal\/wp-json\/wp\/v2\/types\/post"}],"author":[{"embeddable":true,"href":"https:\/\/eltrabajo.cl\/portal\/wp-json\/wp\/v2\/users\/482"}],"replies":[{"embeddable":true,"href":"https:\/\/eltrabajo.cl\/portal\/wp-json\/wp\/v2\/comments?post=49280"}],"version-history":[{"count":0,"href":"https:\/\/eltrabajo.cl\/portal\/wp-json\/wp\/v2\/posts\/49280\/revisions"}],"wp:featuredmedia":[{"embeddable":true,"href":"https:\/\/eltrabajo.cl\/portal\/wp-json\/wp\/v2\/media\/49276"}],"wp:attachment":[{"href":"https:\/\/eltrabajo.cl\/portal\/wp-json\/wp\/v2\/media?parent=49280"}],"wp:term":[{"taxonomy":"category","embeddable":true,"href":"https:\/\/eltrabajo.cl\/portal\/wp-json\/wp\/v2\/categories?post=49280"},{"taxonomy":"post_tag","embeddable":true,"href":"https:\/\/eltrabajo.cl\/portal\/wp-json\/wp\/v2\/tags?post=49280"}],"curies":[{"name":"wp","href":"https:\/\/api.w.org\/{rel}","templated":true}]}}