{"id":49282,"date":"2014-07-25T09:35:27","date_gmt":"2014-07-25T13:35:27","guid":{"rendered":"http:\/\/www.eltrabajo.cl\/portal\/?p=49282"},"modified":"2014-07-25T09:35:27","modified_gmt":"2014-07-25T13:35:27","slug":"control-de-identidad-permitio-arresto-de-abusador-sexual-en-fuga","status":"publish","type":"post","link":"https:\/\/eltrabajo.cl\/portal\/control-de-identidad-permitio-arresto-de-abusador-sexual-en-fuga\/","title":{"rendered":"Control de identidad permiti\u00f3 arresto de abusador sexual en fuga"},"content":{"rendered":"<figure id=\"attachment_49283\" aria-describedby=\"caption-attachment-49283\" style=\"width: 370px\" class=\"wp-caption alignleft\"><a href=\"https:\/\/i0.wp.com\/www.eltrabajo.cl\/portal\/wp-content\/uploads\/2014\/07\/Detenido12.jpg\"><img data-recalc-dims=\"1\" loading=\"lazy\" decoding=\"async\" class=\" wp-image-49283 \" alt=\"Carabineros captur\u00f3 al sujeto luego de comprobarse que manten\u00eda dos \u00f3rdenes de detenci\u00f3n por abuso sexual de una menor de 14 a\u00f1os y lesiones menos graves.\" src=\"https:\/\/i0.wp.com\/www.eltrabajo.cl\/portal\/wp-content\/uploads\/2014\/07\/Detenido12.jpg?resize=370%2C267\" width=\"370\" height=\"267\" srcset=\"https:\/\/i0.wp.com\/eltrabajo.cl\/portal\/wp-content\/uploads\/2014\/07\/Detenido12.jpg?w=529&amp;ssl=1 529w, https:\/\/i0.wp.com\/eltrabajo.cl\/portal\/wp-content\/uploads\/2014\/07\/Detenido12.jpg?resize=200%2C144&amp;ssl=1 200w, https:\/\/i0.wp.com\/eltrabajo.cl\/portal\/wp-content\/uploads\/2014\/07\/Detenido12.jpg?resize=300%2C216&amp;ssl=1 300w, https:\/\/i0.wp.com\/eltrabajo.cl\/portal\/wp-content\/uploads\/2014\/07\/Detenido12.jpg?resize=150%2C108&amp;ssl=1 150w, https:\/\/i0.wp.com\/eltrabajo.cl\/portal\/wp-content\/uploads\/2014\/07\/Detenido12.jpg?resize=400%2C288&amp;ssl=1 400w\" sizes=\"auto, (max-width: 370px) 100vw, 370px\" \/><\/a><figcaption id=\"caption-attachment-49283\" class=\"wp-caption-text\">Carabineros captur\u00f3 al sujeto luego de comprobarse que manten\u00eda dos \u00f3rdenes de detenci\u00f3n por abuso sexual de una menor de 14 a\u00f1os y lesiones menos graves.<\/figcaption><\/figure>\n<p>Fue un control de identidad realizado por Carabineros, lo que permiti\u00f3 la captura de un sujeto de 29 a\u00f1os que se encontraba pr\u00f3fugo de la justicia desde el 2012 condenado a cumplir tres a\u00f1os y un d\u00eda de c\u00e1rcel por abusar sexualmente de una menor de catorce a\u00f1os.<\/p>\n<p>La sentencia impuesta por el Juzgado de Garant\u00eda de Los Andes obligaba a Javier Ernesto Guajardo Rodr\u00edguez a cumplir la condena de presidio en un centro penitenciario, donde nunca se present\u00f3 tras llevado a cabo un juicio el 29 de diciembre del a\u00f1o 2012 dictada por el Juez Luis Araya \u00c1vila.<\/p>\n<p>Cerca del mediod\u00eda del pasado mi\u00e9rcoles, personal de Carabineros sorprendi\u00f3 a Guajardo transitando en la intersecci\u00f3n de las calles Dardignac esquina Las Heras, donde se le practic\u00f3 un control de identidad verificando que manten\u00eda pendiente dos \u00f3rdenes de detenci\u00f3n por Abuso Sexual y Lesiones menos graves. No obstante el detenido fue derivado hasta el Centro de Cumplimiento Penitenciario de San Felipe para ejecutoriar su condena en la c\u00e1rcel.<\/p>\n<p>Pablo Salinas Sald\u00edas<\/p>\n","protected":false},"excerpt":{"rendered":"<p>Fue un control de identidad realizado por Carabineros, lo que permiti\u00f3 la captura de un sujeto de 29 a\u00f1os que se encontraba pr\u00f3fugo de la justicia desde el 2012 condenado a cumplir&#8230;<\/p>\n","protected":false},"author":482,"featured_media":49283,"comment_status":"open","ping_status":"closed","sticky":false,"template":"","format":"standard","meta":{"advanced_seo_description":"","jetpack_seo_html_title":"","jetpack_seo_noindex":false,"_jetpack_memberships_contains_paid_content":false,"footnotes":""},"categories":[21],"tags":[],"class_list":["post-49282","post","type-post","status-publish","format-standard","has-post-thumbnail","hentry","category-policial"],"jetpack_featured_media_url":"https:\/\/i0.wp.com\/eltrabajo.cl\/portal\/wp-content\/uploads\/2014\/07\/Detenido12.jpg?fit=529%2C381&ssl=1","jetpack_sharing_enabled":true,"jetpack_likes_enabled":true,"jetpack-related-posts":[],"_links":{"self":[{"href":"https:\/\/eltrabajo.cl\/portal\/wp-json\/wp\/v2\/posts\/49282","targetHints":{"allow":["GET"]}}],"collection":[{"href":"https:\/\/eltrabajo.cl\/portal\/wp-json\/wp\/v2\/posts"}],"about":[{"href":"https:\/\/eltrabajo.cl\/portal\/wp-json\/wp\/v2\/types\/post"}],"author":[{"embeddable":true,"href":"https:\/\/eltrabajo.cl\/portal\/wp-json\/wp\/v2\/users\/482"}],"replies":[{"embeddable":true,"href":"https:\/\/eltrabajo.cl\/portal\/wp-json\/wp\/v2\/comments?post=49282"}],"version-history":[{"count":0,"href":"https:\/\/eltrabajo.cl\/portal\/wp-json\/wp\/v2\/posts\/49282\/revisions"}],"wp:featuredmedia":[{"embeddable":true,"href":"https:\/\/eltrabajo.cl\/portal\/wp-json\/wp\/v2\/media\/49283"}],"wp:attachment":[{"href":"https:\/\/eltrabajo.cl\/portal\/wp-json\/wp\/v2\/media?parent=49282"}],"wp:term":[{"taxonomy":"category","embeddable":true,"href":"https:\/\/eltrabajo.cl\/portal\/wp-json\/wp\/v2\/categories?post=49282"},{"taxonomy":"post_tag","embeddable":true,"href":"https:\/\/eltrabajo.cl\/portal\/wp-json\/wp\/v2\/tags?post=49282"}],"curies":[{"name":"wp","href":"https:\/\/api.w.org\/{rel}","templated":true}]}}