{"id":49286,"date":"2014-07-25T09:39:30","date_gmt":"2014-07-25T13:39:30","guid":{"rendered":"http:\/\/www.eltrabajo.cl\/portal\/?p=49286"},"modified":"2014-07-25T09:39:30","modified_gmt":"2014-07-25T13:39:30","slug":"hepatitis-fulminante-lo-tiene-entre-la-vida-y-la-muerte","status":"publish","type":"post","link":"https:\/\/eltrabajo.cl\/portal\/hepatitis-fulminante-lo-tiene-entre-la-vida-y-la-muerte\/","title":{"rendered":"Hepatitis fulminante lo tiene entre la vida y la muerte"},"content":{"rendered":"<figure id=\"attachment_49287\" aria-describedby=\"caption-attachment-49287\" style=\"width: 317px\" class=\"wp-caption alignleft\"><a href=\"https:\/\/i0.wp.com\/www.eltrabajo.cl\/portal\/wp-content\/uploads\/2014\/07\/Giovanni-Olmos.jpg\"><img data-recalc-dims=\"1\" loading=\"lazy\" decoding=\"async\" class=\" wp-image-49287 \" alt=\"Giovanni Olmos Valle de 27 a\u00f1os de edad, lucha por su vida a la espera de un trasplante urgente de h\u00edgado en el Hospital Cl\u00ednico de la Universidad de Chile.\" src=\"https:\/\/i0.wp.com\/www.eltrabajo.cl\/portal\/wp-content\/uploads\/2014\/07\/Giovanni-Olmos.jpg?resize=317%2C356\" width=\"317\" height=\"356\" srcset=\"https:\/\/i0.wp.com\/eltrabajo.cl\/portal\/wp-content\/uploads\/2014\/07\/Giovanni-Olmos.jpg?w=529&amp;ssl=1 529w, https:\/\/i0.wp.com\/eltrabajo.cl\/portal\/wp-content\/uploads\/2014\/07\/Giovanni-Olmos.jpg?resize=133%2C150&amp;ssl=1 133w, https:\/\/i0.wp.com\/eltrabajo.cl\/portal\/wp-content\/uploads\/2014\/07\/Giovanni-Olmos.jpg?resize=267%2C300&amp;ssl=1 267w, https:\/\/i0.wp.com\/eltrabajo.cl\/portal\/wp-content\/uploads\/2014\/07\/Giovanni-Olmos.jpg?resize=400%2C448&amp;ssl=1 400w\" sizes=\"auto, (max-width: 317px) 100vw, 317px\" \/><\/a><figcaption id=\"caption-attachment-49287\" class=\"wp-caption-text\">Giovanni Olmos Valle de 27 a\u00f1os de edad, lucha por su vida a la espera de un trasplante urgente de h\u00edgado en el Hospital Cl\u00ednico de la Universidad de Chile.<\/figcaption><\/figure>\n<p>La vida de un joven de 27 a\u00f1os corre peligro luego que fuera sorprendido por una hepatitis fulminante, misma que lo tiene en Coma inducido en Hospital Cl\u00ednico de la Universidad Cat\u00f3lica en Santiago.<\/p>\n<p>Entre la vida y la muerte se debate Giovanni Olmos Valle, un joven llaylla\u00edno de 27 a\u00f1os de edad, quien espera urgente un trasplante de h\u00edgado para vivir tras encontrarse en las \u00faltimas horas bajo coma inducido en el Hospital Cl\u00ednico de la Universidad Cat\u00f3lica en la regi\u00f3n metropolitana. Los minutos son cruciales y su familia est\u00e1 desesperada en los pasillos del centro hospitalario a la espera de un donante. Giovanni es Prioridad Nacional en la recepci\u00f3n del vital \u00f3rgano, por lo que los m\u00e9dicos luchan por estabilizarlo tras su diagn\u00f3stico de gravedad, debido a una hepatitis fulminante que comprometi\u00f3 su h\u00edgado hace dos meses.<\/p>\n<p><strong>\u00a0BAILA CUECA<\/strong><\/p>\n<p>Cadenas de oraciones, rifas, platos \u00fanicos y bingos, han realizado sus familiares para solventar gastos que conllevan estos cr\u00edticos casos de salud que afectan a todo su entorno. Giovanni se cri\u00f3 pr\u00e1cticamente toda su vida en Fundo Las Blancas de la comuna de Llay Llay, donde practicaba hasta hace unas semanas cabalgatas a caballo con su padre. Es el cuarto de cinco hermanos y siempre demostr\u00f3 su gusto por el baile nacional la cueca participando en torneos representando a un club de huasos.<\/p>\n<figure id=\"attachment_49288\" aria-describedby=\"caption-attachment-49288\" style=\"width: 370px\" class=\"wp-caption alignright\"><a href=\"https:\/\/i0.wp.com\/www.eltrabajo.cl\/portal\/wp-content\/uploads\/2014\/07\/Higado1.jpg\"><img data-recalc-dims=\"1\" loading=\"lazy\" decoding=\"async\" class=\" wp-image-49288 \" alt=\"Los m\u00e9dicos esperan que dentro de 48 horas debieran recepcionar un h\u00edgado para intervenir a Giovanni, para as\u00ed revertir su actual estado de salud de gravedad. (Foto Referencial).\" src=\"https:\/\/i0.wp.com\/www.eltrabajo.cl\/portal\/wp-content\/uploads\/2014\/07\/Higado1.jpg?resize=370%2C251\" width=\"370\" height=\"251\" srcset=\"https:\/\/i0.wp.com\/eltrabajo.cl\/portal\/wp-content\/uploads\/2014\/07\/Higado1.jpg?w=529&amp;ssl=1 529w, https:\/\/i0.wp.com\/eltrabajo.cl\/portal\/wp-content\/uploads\/2014\/07\/Higado1.jpg?resize=200%2C135&amp;ssl=1 200w, https:\/\/i0.wp.com\/eltrabajo.cl\/portal\/wp-content\/uploads\/2014\/07\/Higado1.jpg?resize=300%2C203&amp;ssl=1 300w, https:\/\/i0.wp.com\/eltrabajo.cl\/portal\/wp-content\/uploads\/2014\/07\/Higado1.jpg?resize=150%2C101&amp;ssl=1 150w, https:\/\/i0.wp.com\/eltrabajo.cl\/portal\/wp-content\/uploads\/2014\/07\/Higado1.jpg?resize=400%2C270&amp;ssl=1 400w\" sizes=\"auto, (max-width: 370px) 100vw, 370px\" \/><\/a><figcaption id=\"caption-attachment-49288\" class=\"wp-caption-text\">Los m\u00e9dicos esperan que dentro de 48 horas debieran recepcionar un h\u00edgado para intervenir a Giovanni, para as\u00ed revertir su actual estado de salud de gravedad. (Foto Referencial).<\/figcaption><\/figure>\n<p>En este \u00faltimo tiempo se encontraba trabajando como obrero en carreteras y dentro de sus proyectos de vida concret\u00f3 irse a vivir junto a su pareja al centro de la comuna de Llay Llay, a la espera de su hijo de actuales tres meses de gestaci\u00f3n, pero repentinamente su estado de salud se complic\u00f3 hace un par de semanas, empezando a sentir decaimiento, por lo que concurri\u00f3 hasta el hospital de su comuna, luego de diversos ex\u00e1menes le diagnosticaron una hepatitis fulminante, debiendo ser internado de urgencias en la Unidad de Tratamiento Intensivo del Hospital San Camilo el pasado 01 de julio.<\/p>\n<p>Su estado cr\u00edtico oblig\u00f3 a los m\u00e9dicos a trasladarlo el pasado mi\u00e9rcoles hasta el Hospital Cl\u00ednico de la Universidad Cat\u00f3lica para ser Prioridad Nacional en un trasplante de h\u00edgado.<\/p>\n<p>\u201cEs urgente un trasplante, porque est\u00e1 a punto de haber una falla hep\u00e1tica, es n\u00famero uno en Prioridad Nacional, habiendo un h\u00edgado es para \u00e9l. Ahora est\u00e1 en un coma inducido, est\u00e1 entubado lo \u00fanico que necesitamos es un trasplante, no s\u00e9 c\u00f3mo decirlo pero necesitamos un \u00f3rgano de alg\u00fan familiar que se compadezca y nos d\u00e9 el \u00f3rgano\u201d, emocionada clama Sandra Olmos, hermana de Giovanni.<\/p>\n<p><strong>EL TIEMPO CORRE<\/strong><\/p>\n<p>Durante la ma\u00f1ana de ayer jueves los m\u00e9dicos emitieron un informe a la familia, sentenciando que debiese aparecer en 48 horas un donante, debido al empeoramiento de la salud que sufre Giovanni. La angustia ronda entre sus familiares, quienes han estado acompa\u00f1\u00e1ndolo en todos los lugares donde ha estado hospitalizado, con fe claman a Dios un milagro que revierta esta situaci\u00f3n que se les escapa de las manos, haciendo hincapi\u00e9 a la sensibilizaci\u00f3n de la sociedad en el tema de la donaci\u00f3n de \u00f3rganos.<\/p>\n<p>\u201cSomos gente de la parte rural, no somos gente \u2018acomodada\u2019, incluso la comunidad cercana ha hecho actividades para apalear los costos de traslados todos los d\u00edas y gastos, nadie est\u00e1 preparado para esta situaci\u00f3n, porque cuando a uno le toca la cosa es compleja y dif\u00edcil, nosotros no podemos intervenir en las familias de un posible donante. \u00c9l siempre ten\u00eda ganas de surgir, salir adelante conseguir un mejor trabajo para mejorar las condiciones de vida\u201d, a\u00f1adi\u00f3 Richard Leiva, primo de Giovanni.<\/p>\n<p>Pablo Salinas Sald\u00edas<\/p>\n<p>&nbsp;<\/p>\n","protected":false},"excerpt":{"rendered":"<p>La vida de un joven de 27 a\u00f1os corre peligro luego que fuera sorprendido por una hepatitis fulminante, misma que lo tiene en Coma inducido en Hospital Cl\u00ednico de la Universidad Cat\u00f3lica&#8230;<\/p>\n","protected":false},"author":482,"featured_media":49287,"comment_status":"open","ping_status":"closed","sticky":false,"template":"","format":"standard","meta":{"advanced_seo_description":"","jetpack_seo_html_title":"","jetpack_seo_noindex":false,"_jetpack_memberships_contains_paid_content":false,"footnotes":""},"categories":[15],"tags":[],"class_list":["post-49286","post","type-post","status-publish","format-standard","has-post-thumbnail","hentry","category-comunidad"],"jetpack_featured_media_url":"https:\/\/i0.wp.com\/eltrabajo.cl\/portal\/wp-content\/uploads\/2014\/07\/Giovanni-Olmos.jpg?fit=529%2C593&ssl=1","jetpack_sharing_enabled":true,"jetpack_likes_enabled":true,"jetpack-related-posts":[],"_links":{"self":[{"href":"https:\/\/eltrabajo.cl\/portal\/wp-json\/wp\/v2\/posts\/49286","targetHints":{"allow":["GET"]}}],"collection":[{"href":"https:\/\/eltrabajo.cl\/portal\/wp-json\/wp\/v2\/posts"}],"about":[{"href":"https:\/\/eltrabajo.cl\/portal\/wp-json\/wp\/v2\/types\/post"}],"author":[{"embeddable":true,"href":"https:\/\/eltrabajo.cl\/portal\/wp-json\/wp\/v2\/users\/482"}],"replies":[{"embeddable":true,"href":"https:\/\/eltrabajo.cl\/portal\/wp-json\/wp\/v2\/comments?post=49286"}],"version-history":[{"count":0,"href":"https:\/\/eltrabajo.cl\/portal\/wp-json\/wp\/v2\/posts\/49286\/revisions"}],"wp:featuredmedia":[{"embeddable":true,"href":"https:\/\/eltrabajo.cl\/portal\/wp-json\/wp\/v2\/media\/49287"}],"wp:attachment":[{"href":"https:\/\/eltrabajo.cl\/portal\/wp-json\/wp\/v2\/media?parent=49286"}],"wp:term":[{"taxonomy":"category","embeddable":true,"href":"https:\/\/eltrabajo.cl\/portal\/wp-json\/wp\/v2\/categories?post=49286"},{"taxonomy":"post_tag","embeddable":true,"href":"https:\/\/eltrabajo.cl\/portal\/wp-json\/wp\/v2\/tags?post=49286"}],"curies":[{"name":"wp","href":"https:\/\/api.w.org\/{rel}","templated":true}]}}