{"id":49299,"date":"2014-07-28T09:23:13","date_gmt":"2014-07-28T13:23:13","guid":{"rendered":"http:\/\/www.eltrabajo.cl\/portal\/?p=49299"},"modified":"2014-07-28T09:23:26","modified_gmt":"2014-07-28T13:23:26","slug":"victimas-de-incendio-ya-estan-terminando-su-mediagua-en-algarrobal","status":"publish","type":"post","link":"https:\/\/eltrabajo.cl\/portal\/victimas-de-incendio-ya-estan-terminando-su-mediagua-en-algarrobal\/","title":{"rendered":"V\u00edctimas de incendio ya est\u00e1n terminando su mediagua en Algarrobal"},"content":{"rendered":"<figure id=\"attachment_49300\" aria-describedby=\"caption-attachment-49300\" style=\"width: 529px\" class=\"wp-caption alignnone\"><a href=\"https:\/\/i0.wp.com\/www.eltrabajo.cl\/portal\/wp-content\/uploads\/2014\/07\/Porta2.jpg\"><img data-recalc-dims=\"1\" loading=\"lazy\" decoding=\"async\" class=\"size-full wp-image-49300\" alt=\"SOLIDARIDAD.- Amigos, vecinos y voluntarios de la provincia, dieron por culminada esta peque\u00f1a pero efectiva campa\u00f1a en la misma mediagua de los vecinos damnificados por el fuego, luego de hacer entrega de los recursos.\" src=\"https:\/\/i0.wp.com\/www.eltrabajo.cl\/portal\/wp-content\/uploads\/2014\/07\/Porta2.jpg?resize=529%2C358\" width=\"529\" height=\"358\" srcset=\"https:\/\/i0.wp.com\/eltrabajo.cl\/portal\/wp-content\/uploads\/2014\/07\/Porta2.jpg?w=529&amp;ssl=1 529w, https:\/\/i0.wp.com\/eltrabajo.cl\/portal\/wp-content\/uploads\/2014\/07\/Porta2.jpg?resize=200%2C135&amp;ssl=1 200w, https:\/\/i0.wp.com\/eltrabajo.cl\/portal\/wp-content\/uploads\/2014\/07\/Porta2.jpg?resize=300%2C203&amp;ssl=1 300w, https:\/\/i0.wp.com\/eltrabajo.cl\/portal\/wp-content\/uploads\/2014\/07\/Porta2.jpg?resize=150%2C101&amp;ssl=1 150w, https:\/\/i0.wp.com\/eltrabajo.cl\/portal\/wp-content\/uploads\/2014\/07\/Porta2.jpg?resize=400%2C270&amp;ssl=1 400w\" sizes=\"auto, (max-width: 529px) 100vw, 529px\" \/><\/a><figcaption id=\"caption-attachment-49300\" class=\"wp-caption-text\">SOLIDARIDAD.- Amigos, vecinos y voluntarios de la provincia, dieron por culminada esta peque\u00f1a pero efectiva campa\u00f1a en la misma mediagua de los vecinos damnificados por el fuego, luego de hacer entrega de los recursos.<\/figcaption><\/figure>\n<p>La campa\u00f1a solidaria que finaliz\u00f3 este domingo, misma que se organiz\u00f3 para solidarizarse con el matrimonio de Algarrobal a ra\u00edz del incendio en el que sus integrantes lo perdieron todo la semana pasada, exitosamente cerr\u00f3 con Nota 7, luego que decenas de personas e instituciones acudieran a Carnes Kar y en coordinaci\u00f3n con un grupo de cristianos evang\u00e9licos de San Felipe y Los Andes colectaran importantes donativos, en esta campa\u00f1a tambi\u00e9n particip\u00f3 Diario El Trabajo, luego que Mario Antonio Pereira Tapia de 48 a\u00f1os, y su esposa Ana Mar\u00eda Fabres Vargas, a ra\u00edz de un voraz incendio en su humilde vivienda llegaron a perderlo todo.<\/p>\n<p><strong>LOS DONATIVOS<\/strong><\/p>\n<p>Este matrimonio recibi\u00f3 colchones; dos camas, muebles para la cocina; un televisor a colores; ropa; madera con la que est\u00e1n construyendo una mediagua; alimentos y hasta una lavadora. Rommel Moreno, pastor evang\u00e9lico de San Felipe, coment\u00f3 a Diario El Trabajo que \u00aben esta peque\u00f1a campa\u00f1a participamos personas de Los Andes, San Felipe y tambi\u00e9n vecinos de Algarrobal, Diario El Trabajo convoc\u00f3 a la comunidad y eso fue muy importante, pues r\u00e1pidamente esta familia sali\u00f3 de la crisis parcialmente\u00bb. Varios estudiantes del Colegio Portaliano participaron a t\u00edtulo personal en esta jornada, una de ellas, Ruth Jim\u00e9nez, coment\u00f3 que \u00abfue una oportunidad para desarrollar trabajo social, m\u00e1s all\u00e1 de eso, tambi\u00e9n hicimos una buena amistad con los afectados\u00bb.<\/p>\n<p>Raquel Soto, diaconisa de otra iglesia evang\u00e9lica de Los Andes, y quien tambi\u00e9n se uni\u00f3 a esta campa\u00f1a de Carnes Kar y Diario El Trabajo, explic\u00f3 que \u00abvarios hermanos de la iglesia quisimos aportar nuestro granito de arena, lo hicimos a t\u00edtulo personal y esperamos haber contribuido en alguna manera\u00bb.<\/p>\n<p>Por su parte Mario Antonio Pereira Tapia de 48 a\u00f1os, y su esposa Ana Mar\u00eda Fabres Vargas, ambos afectados directos del siniestro, se mostraron agradecidos con todas las personas solidarias con sud desgracia.<\/p>\n<p>\u00abMi esposa y yo estamos sorprendidos con la respuesta de tanta gente, damos las gracias a Diario El Trabajo, a los hermanos de la iglesia, a los comerciantes y vecinos, pues sin ustedes a\u00fan estar\u00edamos durmiendo sobre las cenizas de nuestra casita, ahora estamos levantando ya nuestra mediagua, coment\u00f3 emocionado Mario Pereira.<\/p>\n<p>Roberto Gonz\u00e1lez Short<\/p>\n<p>rgonzalez@eltrabajo.cl<\/p>\n<div class=\"tiled-gallery type-rectangular tiled-gallery-unresized\" data-original-width=\"640\" data-carousel-extra='null' itemscope itemtype=\"http:\/\/schema.org\/ImageGallery\" > <div class=\"gallery-row\" style=\"width: 640px; height: 491px;\" data-original-width=\"640\" data-original-height=\"491\" > <div class=\"gallery-group images-1\" style=\"width: 359px; height: 491px;\" data-original-width=\"359\" data-original-height=\"491\" > <div class=\"tiled-gallery-item tiled-gallery-item-large\" itemprop=\"associatedMedia\" itemscope itemtype=\"http:\/\/schema.org\/ImageObject\"> <a href=\"https:\/\/eltrabajo.cl\/portal\/victimas-de-incendio-ya-estan-terminando-su-mediagua-en-algarrobal\/voluntarios1-2\/\" border=\"0\" itemprop=\"url\"> <meta itemprop=\"width\" content=\"355\"> <meta itemprop=\"height\" content=\"487\"> <img decoding=\"async\" class=\"\" data-attachment-id=\"49307\" data-orig-file=\"https:\/\/eltrabajo.cl\/portal\/wp-content\/uploads\/2014\/07\/Voluntarios1.jpg\" data-orig-size=\"529,725\" data-comments-opened=\"1\" data-image-meta=\"{&quot;aperture&quot;:&quot;5.6&quot;,&quot;credit&quot;:&quot;&quot;,&quot;camera&quot;:&quot;Canon EOS REBEL T1i&quot;,&quot;caption&quot;:&quot;&quot;,&quot;created_timestamp&quot;:&quot;1406314652&quot;,&quot;copyright&quot;:&quot;&quot;,&quot;focal_length&quot;:&quot;24&quot;,&quot;iso&quot;:&quot;400&quot;,&quot;shutter_speed&quot;:&quot;0.01&quot;,&quot;title&quot;:&quot;&quot;}\" data-image-title=\"Voluntarios1\" data-image-description=\"&lt;p&gt;VOLUNTARIADO.- J\u00f3venes estudiantes y voluntarios de distintas partes, acompa\u00f1aron a este matrimonio en estos duros momentos.&lt;\/p&gt; \" data-medium-file=\"https:\/\/i0.wp.com\/eltrabajo.cl\/portal\/wp-content\/uploads\/2014\/07\/Voluntarios1.jpg?fit=218%2C300&#038;ssl=1\" data-large-file=\"https:\/\/i0.wp.com\/eltrabajo.cl\/portal\/wp-content\/uploads\/2014\/07\/Voluntarios1.jpg?fit=529%2C725&#038;ssl=1\" src=\"https:\/\/i0.wp.com\/eltrabajo.cl\/portal\/wp-content\/uploads\/2014\/07\/Voluntarios1.jpg?w=355&#038;h=487&#038;ssl=1\" srcset=\"https:\/\/i0.wp.com\/eltrabajo.cl\/portal\/wp-content\/uploads\/2014\/07\/Voluntarios1.jpg?w=529&amp;ssl=1 529w, https:\/\/i0.wp.com\/eltrabajo.cl\/portal\/wp-content\/uploads\/2014\/07\/Voluntarios1.jpg?resize=109%2C150&amp;ssl=1 109w, https:\/\/i0.wp.com\/eltrabajo.cl\/portal\/wp-content\/uploads\/2014\/07\/Voluntarios1.jpg?resize=218%2C300&amp;ssl=1 218w, https:\/\/i0.wp.com\/eltrabajo.cl\/portal\/wp-content\/uploads\/2014\/07\/Voluntarios1.jpg?resize=400%2C548&amp;ssl=1 400w\" width=\"355\" height=\"487\" loading=\"lazy\" data-original-width=\"355\" data-original-height=\"487\" itemprop=\"http:\/\/schema.org\/image\" title=\"Voluntarios1\" alt=\"VOLUNTARIADO.- J\u00f3venes estudiantes y voluntarios de distintas partes, acompa\u00f1aron a este matrimonio en estos duros momentos.\" style=\"width: 355px; height: 487px;\" \/> <\/a> <div class=\"tiled-gallery-caption\" itemprop=\"caption description\"> VOLUNTARIADO.- J\u00f3venes estudiantes y voluntarios de distintas partes, acompa\u00f1aron a este matrimonio en estos duros momentos. <\/div> <\/div> <\/div> <!-- close group --> <div class=\"gallery-group images-2\" style=\"width: 281px; height: 491px;\" data-original-width=\"281\" data-original-height=\"491\" > <div class=\"tiled-gallery-item tiled-gallery-item-large\" itemprop=\"associatedMedia\" itemscope itemtype=\"http:\/\/schema.org\/ImageObject\"> <a href=\"https:\/\/eltrabajo.cl\/portal\/victimas-de-incendio-ya-estan-terminando-su-mediagua-en-algarrobal\/sandro-fabre-amanda-rodriguez\/\" border=\"0\" itemprop=\"url\"> <meta itemprop=\"width\" content=\"277\"> <meta itemprop=\"height\" content=\"176\"> <img decoding=\"async\" class=\"\" data-attachment-id=\"49305\" data-orig-file=\"https:\/\/eltrabajo.cl\/portal\/wp-content\/uploads\/2014\/07\/Sandro-Fabre-Amanda-Rodriguez.jpg\" data-orig-size=\"528,336\" data-comments-opened=\"1\" data-image-meta=\"{&quot;aperture&quot;:&quot;5.6&quot;,&quot;credit&quot;:&quot;&quot;,&quot;camera&quot;:&quot;Canon EOS REBEL T1i&quot;,&quot;caption&quot;:&quot;&quot;,&quot;created_timestamp&quot;:&quot;1406314850&quot;,&quot;copyright&quot;:&quot;&quot;,&quot;focal_length&quot;:&quot;24&quot;,&quot;iso&quot;:&quot;400&quot;,&quot;shutter_speed&quot;:&quot;0.01&quot;,&quot;title&quot;:&quot;&quot;}\" data-image-title=\"Sandro Fabre Amanda Rodriguez\" data-image-description=\"&lt;p&gt;VECINOS VALIOSOS.- Sandro Fabre y Amanda Rodr\u00edguez, vecinos de los afectados, fueron quienes desde el mismo instante del incendio intervinieron para ayudar en todo momento, ahora r\u00eden de alegr\u00eda al ver a sus vecinos de pie y luchando por continuar.&lt;\/p&gt; \" data-medium-file=\"https:\/\/i0.wp.com\/eltrabajo.cl\/portal\/wp-content\/uploads\/2014\/07\/Sandro-Fabre-Amanda-Rodriguez.jpg?fit=300%2C190&#038;ssl=1\" data-large-file=\"https:\/\/i0.wp.com\/eltrabajo.cl\/portal\/wp-content\/uploads\/2014\/07\/Sandro-Fabre-Amanda-Rodriguez.jpg?fit=528%2C336&#038;ssl=1\" src=\"https:\/\/i0.wp.com\/eltrabajo.cl\/portal\/wp-content\/uploads\/2014\/07\/Sandro-Fabre-Amanda-Rodriguez.jpg?w=277&#038;h=176&#038;ssl=1\" srcset=\"https:\/\/i0.wp.com\/eltrabajo.cl\/portal\/wp-content\/uploads\/2014\/07\/Sandro-Fabre-Amanda-Rodriguez.jpg?w=528&amp;ssl=1 528w, https:\/\/i0.wp.com\/eltrabajo.cl\/portal\/wp-content\/uploads\/2014\/07\/Sandro-Fabre-Amanda-Rodriguez.jpg?resize=200%2C127&amp;ssl=1 200w, https:\/\/i0.wp.com\/eltrabajo.cl\/portal\/wp-content\/uploads\/2014\/07\/Sandro-Fabre-Amanda-Rodriguez.jpg?resize=300%2C190&amp;ssl=1 300w, https:\/\/i0.wp.com\/eltrabajo.cl\/portal\/wp-content\/uploads\/2014\/07\/Sandro-Fabre-Amanda-Rodriguez.jpg?resize=150%2C95&amp;ssl=1 150w, https:\/\/i0.wp.com\/eltrabajo.cl\/portal\/wp-content\/uploads\/2014\/07\/Sandro-Fabre-Amanda-Rodriguez.jpg?resize=400%2C254&amp;ssl=1 400w\" width=\"277\" height=\"176\" loading=\"lazy\" data-original-width=\"277\" data-original-height=\"176\" itemprop=\"http:\/\/schema.org\/image\" title=\"Sandro Fabre Amanda Rodriguez\" alt=\"VECINOS VALIOSOS.- Sandro Fabre y Amanda Rodr\u00edguez, vecinos de los afectados, fueron quienes desde el mismo instante del incendio intervinieron para ayudar en todo momento, ahora r\u00eden de alegr\u00eda al ver a sus vecinos de pie y luchando por continuar.\" style=\"width: 277px; height: 176px;\" \/> <\/a> <div class=\"tiled-gallery-caption\" itemprop=\"caption description\"> VECINOS VALIOSOS.- Sandro Fabre y Amanda Rodr\u00edguez, vecinos de los afectados, fueron quienes desde el mismo instante del incendio intervinieron para ayudar en todo momento, ahora r\u00eden de alegr\u00eda al ver a sus vecinos de pie y luchando por continuar. <\/div> <\/div> <div class=\"tiled-gallery-item tiled-gallery-item-large\" itemprop=\"associatedMedia\" itemscope itemtype=\"http:\/\/schema.org\/ImageObject\"> <a href=\"https:\/\/eltrabajo.cl\/portal\/victimas-de-incendio-ya-estan-terminando-su-mediagua-en-algarrobal\/mario-pereira-2\/\" border=\"0\" itemprop=\"url\"> <meta itemprop=\"width\" content=\"277\"> <meta itemprop=\"height\" content=\"307\"> <img decoding=\"async\" class=\"\" data-attachment-id=\"49308\" data-orig-file=\"https:\/\/eltrabajo.cl\/portal\/wp-content\/uploads\/2014\/07\/Mario-Pereira1.jpg\" data-orig-size=\"529,585\" data-comments-opened=\"1\" data-image-meta=\"{&quot;aperture&quot;:&quot;11&quot;,&quot;credit&quot;:&quot;&quot;,&quot;camera&quot;:&quot;Canon EOS REBEL T1i&quot;,&quot;caption&quot;:&quot;&quot;,&quot;created_timestamp&quot;:&quot;1405341044&quot;,&quot;copyright&quot;:&quot;&quot;,&quot;focal_length&quot;:&quot;27&quot;,&quot;iso&quot;:&quot;400&quot;,&quot;shutter_speed&quot;:&quot;0.005&quot;,&quot;title&quot;:&quot;&quot;}\" data-image-title=\"Mario Pereira\" data-image-description=\"&lt;p&gt;Mario Pereira, lo perdi\u00f3 todo tras el incendio en Algarrobal.&lt;\/p&gt; \" data-medium-file=\"https:\/\/i0.wp.com\/eltrabajo.cl\/portal\/wp-content\/uploads\/2014\/07\/Mario-Pereira1.jpg?fit=271%2C300&#038;ssl=1\" data-large-file=\"https:\/\/i0.wp.com\/eltrabajo.cl\/portal\/wp-content\/uploads\/2014\/07\/Mario-Pereira1.jpg?fit=529%2C585&#038;ssl=1\" src=\"https:\/\/i0.wp.com\/eltrabajo.cl\/portal\/wp-content\/uploads\/2014\/07\/Mario-Pereira1.jpg?w=277&#038;h=307&#038;ssl=1\" srcset=\"https:\/\/i0.wp.com\/eltrabajo.cl\/portal\/wp-content\/uploads\/2014\/07\/Mario-Pereira1.jpg?w=529&amp;ssl=1 529w, https:\/\/i0.wp.com\/eltrabajo.cl\/portal\/wp-content\/uploads\/2014\/07\/Mario-Pereira1.jpg?resize=135%2C150&amp;ssl=1 135w, https:\/\/i0.wp.com\/eltrabajo.cl\/portal\/wp-content\/uploads\/2014\/07\/Mario-Pereira1.jpg?resize=271%2C300&amp;ssl=1 271w, https:\/\/i0.wp.com\/eltrabajo.cl\/portal\/wp-content\/uploads\/2014\/07\/Mario-Pereira1.jpg?resize=400%2C442&amp;ssl=1 400w\" width=\"277\" height=\"307\" loading=\"lazy\" data-original-width=\"277\" data-original-height=\"307\" itemprop=\"http:\/\/schema.org\/image\" title=\"Mario Pereira\" alt=\"Mario Pereira, lo perdi\u00f3 todo tras el incendio en Algarrobal.\" style=\"width: 277px; height: 307px;\" \/> <\/a> <div class=\"tiled-gallery-caption\" itemprop=\"caption description\"> Mario Pereira, lo perdi\u00f3 todo tras el incendio en Algarrobal. <\/div> <\/div> <\/div> <!-- close group --> <\/div> <!-- close row --> <div class=\"gallery-row\" style=\"width: 640px; height: 437px;\" data-original-width=\"640\" data-original-height=\"437\" > <div class=\"gallery-group images-2\" style=\"width: 208px; height: 437px;\" data-original-width=\"208\" data-original-height=\"437\" > <div class=\"tiled-gallery-item tiled-gallery-item-small\" itemprop=\"associatedMedia\" itemscope itemtype=\"http:\/\/schema.org\/ImageObject\"> <a href=\"https:\/\/eltrabajo.cl\/portal\/victimas-de-incendio-ya-estan-terminando-su-mediagua-en-algarrobal\/juan-gonzalez_-4\/\" border=\"0\" itemprop=\"url\"> <meta itemprop=\"width\" content=\"204\"> <meta itemprop=\"height\" content=\"204\"> <img decoding=\"async\" class=\"\" data-attachment-id=\"49301\" data-orig-file=\"https:\/\/eltrabajo.cl\/portal\/wp-content\/uploads\/2014\/07\/Juan-Gonzalez_1.jpg\" data-orig-size=\"529,529\" data-comments-opened=\"1\" data-image-meta=\"{&quot;aperture&quot;:&quot;3.1&quot;,&quot;credit&quot;:&quot;&quot;,&quot;camera&quot;:&quot;DSC-H100&quot;,&quot;caption&quot;:&quot;&quot;,&quot;created_timestamp&quot;:&quot;1326734942&quot;,&quot;copyright&quot;:&quot;Copyright 2009&quot;,&quot;focal_length&quot;:&quot;4.5&quot;,&quot;iso&quot;:&quot;100&quot;,&quot;shutter_speed&quot;:&quot;0.025&quot;,&quot;title&quot;:&quot;&quot;}\" data-image-title=\"Juan Gonzalez_\" data-image-description=\"&lt;p&gt;Juan Gonz\u00e1lez, administrador de Carnes Kar de San Felipe.&lt;\/p&gt; \" data-medium-file=\"https:\/\/i0.wp.com\/eltrabajo.cl\/portal\/wp-content\/uploads\/2014\/07\/Juan-Gonzalez_1.jpg?fit=300%2C300&#038;ssl=1\" data-large-file=\"https:\/\/i0.wp.com\/eltrabajo.cl\/portal\/wp-content\/uploads\/2014\/07\/Juan-Gonzalez_1.jpg?fit=529%2C529&#038;ssl=1\" src=\"https:\/\/i0.wp.com\/eltrabajo.cl\/portal\/wp-content\/uploads\/2014\/07\/Juan-Gonzalez_1.jpg?w=204&#038;h=204&#038;crop=1&#038;ssl=1\" srcset=\"https:\/\/i0.wp.com\/eltrabajo.cl\/portal\/wp-content\/uploads\/2014\/07\/Juan-Gonzalez_1.jpg?w=529&amp;ssl=1 529w, https:\/\/i0.wp.com\/eltrabajo.cl\/portal\/wp-content\/uploads\/2014\/07\/Juan-Gonzalez_1.jpg?resize=150%2C150&amp;ssl=1 150w, https:\/\/i0.wp.com\/eltrabajo.cl\/portal\/wp-content\/uploads\/2014\/07\/Juan-Gonzalez_1.jpg?resize=300%2C300&amp;ssl=1 300w, https:\/\/i0.wp.com\/eltrabajo.cl\/portal\/wp-content\/uploads\/2014\/07\/Juan-Gonzalez_1.jpg?resize=400%2C400&amp;ssl=1 400w\" width=\"204\" height=\"204\" loading=\"lazy\" data-original-width=\"204\" data-original-height=\"204\" itemprop=\"http:\/\/schema.org\/image\" title=\"Juan Gonzalez_\" alt=\"Juan Gonz\u00e1lez, administrador de Carnes Kar de San Felipe.\" style=\"width: 204px; height: 204px;\" \/> <\/a> <div class=\"tiled-gallery-caption\" itemprop=\"caption description\"> Juan Gonz\u00e1lez, administrador de Carnes Kar de San Felipe. <\/div> <\/div> <div class=\"tiled-gallery-item tiled-gallery-item-small\" itemprop=\"associatedMedia\" itemscope itemtype=\"http:\/\/schema.org\/ImageObject\"> <a href=\"https:\/\/eltrabajo.cl\/portal\/victimas-de-incendio-ya-estan-terminando-su-mediagua-en-algarrobal\/raquel-soto\/\" border=\"0\" itemprop=\"url\"> <meta itemprop=\"width\" content=\"204\"> <meta itemprop=\"height\" content=\"225\"> <img decoding=\"async\" class=\"\" data-attachment-id=\"49302\" data-orig-file=\"https:\/\/eltrabajo.cl\/portal\/wp-content\/uploads\/2014\/07\/Raquel-Soto.jpg\" data-orig-size=\"529,583\" data-comments-opened=\"1\" data-image-meta=\"{&quot;aperture&quot;:&quot;5.6&quot;,&quot;credit&quot;:&quot;&quot;,&quot;camera&quot;:&quot;Canon EOS REBEL T1i&quot;,&quot;caption&quot;:&quot;&quot;,&quot;created_timestamp&quot;:&quot;1406314394&quot;,&quot;copyright&quot;:&quot;&quot;,&quot;focal_length&quot;:&quot;18&quot;,&quot;iso&quot;:&quot;400&quot;,&quot;shutter_speed&quot;:&quot;0.01&quot;,&quot;title&quot;:&quot;&quot;}\" data-image-title=\"Raquel Soto\" data-image-description=\"&lt;p&gt;Raquel Soto, diaconisa de otra iglesia evang\u00e9lica de Los Andes.&lt;\/p&gt; \" data-medium-file=\"https:\/\/i0.wp.com\/eltrabajo.cl\/portal\/wp-content\/uploads\/2014\/07\/Raquel-Soto.jpg?fit=272%2C300&#038;ssl=1\" data-large-file=\"https:\/\/i0.wp.com\/eltrabajo.cl\/portal\/wp-content\/uploads\/2014\/07\/Raquel-Soto.jpg?fit=529%2C583&#038;ssl=1\" src=\"https:\/\/i0.wp.com\/eltrabajo.cl\/portal\/wp-content\/uploads\/2014\/07\/Raquel-Soto.jpg?w=204&#038;h=225&#038;ssl=1\" srcset=\"https:\/\/i0.wp.com\/eltrabajo.cl\/portal\/wp-content\/uploads\/2014\/07\/Raquel-Soto.jpg?w=529&amp;ssl=1 529w, https:\/\/i0.wp.com\/eltrabajo.cl\/portal\/wp-content\/uploads\/2014\/07\/Raquel-Soto.jpg?resize=136%2C150&amp;ssl=1 136w, https:\/\/i0.wp.com\/eltrabajo.cl\/portal\/wp-content\/uploads\/2014\/07\/Raquel-Soto.jpg?resize=272%2C300&amp;ssl=1 272w, https:\/\/i0.wp.com\/eltrabajo.cl\/portal\/wp-content\/uploads\/2014\/07\/Raquel-Soto.jpg?resize=400%2C440&amp;ssl=1 400w\" width=\"204\" height=\"225\" loading=\"lazy\" data-original-width=\"204\" data-original-height=\"225\" itemprop=\"http:\/\/schema.org\/image\" title=\"Raquel Soto\" alt=\"Raquel Soto, diaconisa de otra iglesia evang\u00e9lica de Los Andes.\" style=\"width: 204px; height: 225px;\" \/> <\/a> <div class=\"tiled-gallery-caption\" itemprop=\"caption description\"> Raquel Soto, diaconisa de otra iglesia evang\u00e9lica de Los Andes. <\/div> <\/div> <\/div> <!-- close group --> <div class=\"gallery-group images-1\" style=\"width: 432px; height: 437px;\" data-original-width=\"432\" data-original-height=\"437\" > <div class=\"tiled-gallery-item tiled-gallery-item-large\" itemprop=\"associatedMedia\" itemscope itemtype=\"http:\/\/schema.org\/ImageObject\"> <a href=\"https:\/\/eltrabajo.cl\/portal\/victimas-de-incendio-ya-estan-terminando-su-mediagua-en-algarrobal\/romel-moreno\/\" border=\"0\" itemprop=\"url\"> <meta itemprop=\"width\" content=\"428\"> <meta itemprop=\"height\" content=\"433\"> <img decoding=\"async\" class=\"\" data-attachment-id=\"49303\" data-orig-file=\"https:\/\/eltrabajo.cl\/portal\/wp-content\/uploads\/2014\/07\/Romel-Moreno.jpg\" data-orig-size=\"529,535\" data-comments-opened=\"1\" data-image-meta=\"{&quot;aperture&quot;:&quot;5.6&quot;,&quot;credit&quot;:&quot;&quot;,&quot;camera&quot;:&quot;Canon EOS REBEL T1i&quot;,&quot;caption&quot;:&quot;&quot;,&quot;created_timestamp&quot;:&quot;1406314338&quot;,&quot;copyright&quot;:&quot;&quot;,&quot;focal_length&quot;:&quot;18&quot;,&quot;iso&quot;:&quot;400&quot;,&quot;shutter_speed&quot;:&quot;0.01&quot;,&quot;title&quot;:&quot;&quot;}\" data-image-title=\"Romel Moreno\" data-image-description=\"&lt;p&gt;Rommel Moreno, pastor evang\u00e9lico de San Felipe.&lt;\/p&gt; \" data-medium-file=\"https:\/\/i0.wp.com\/eltrabajo.cl\/portal\/wp-content\/uploads\/2014\/07\/Romel-Moreno.jpg?fit=296%2C300&#038;ssl=1\" data-large-file=\"https:\/\/i0.wp.com\/eltrabajo.cl\/portal\/wp-content\/uploads\/2014\/07\/Romel-Moreno.jpg?fit=529%2C535&#038;ssl=1\" src=\"https:\/\/i0.wp.com\/eltrabajo.cl\/portal\/wp-content\/uploads\/2014\/07\/Romel-Moreno.jpg?w=428&#038;h=433&#038;ssl=1\" srcset=\"https:\/\/i0.wp.com\/eltrabajo.cl\/portal\/wp-content\/uploads\/2014\/07\/Romel-Moreno.jpg?w=529&amp;ssl=1 529w, https:\/\/i0.wp.com\/eltrabajo.cl\/portal\/wp-content\/uploads\/2014\/07\/Romel-Moreno.jpg?resize=148%2C150&amp;ssl=1 148w, https:\/\/i0.wp.com\/eltrabajo.cl\/portal\/wp-content\/uploads\/2014\/07\/Romel-Moreno.jpg?resize=296%2C300&amp;ssl=1 296w, https:\/\/i0.wp.com\/eltrabajo.cl\/portal\/wp-content\/uploads\/2014\/07\/Romel-Moreno.jpg?resize=400%2C404&amp;ssl=1 400w\" width=\"428\" height=\"433\" loading=\"lazy\" data-original-width=\"428\" data-original-height=\"433\" itemprop=\"http:\/\/schema.org\/image\" title=\"Romel Moreno\" alt=\"Rommel Moreno, pastor evang\u00e9lico de San Felipe.\" style=\"width: 428px; height: 433px;\" \/> <\/a> <div class=\"tiled-gallery-caption\" itemprop=\"caption description\"> Rommel Moreno, pastor evang\u00e9lico de San Felipe. <\/div> <\/div> <\/div> <!-- close group --> <\/div> <!-- close row --> <div class=\"gallery-row\" style=\"width: 640px; height: 260px;\" data-original-width=\"640\" data-original-height=\"260\" > <div class=\"gallery-group images-1\" style=\"width: 257px; height: 260px;\" data-original-width=\"257\" data-original-height=\"260\" > <div class=\"tiled-gallery-item tiled-gallery-item-large\" itemprop=\"associatedMedia\" itemscope itemtype=\"http:\/\/schema.org\/ImageObject\"> <a href=\"https:\/\/eltrabajo.cl\/portal\/victimas-de-incendio-ya-estan-terminando-su-mediagua-en-algarrobal\/ruth-jimenez\/\" border=\"0\" itemprop=\"url\"> <meta itemprop=\"width\" content=\"253\"> <meta itemprop=\"height\" content=\"256\"> <img decoding=\"async\" class=\"\" data-attachment-id=\"49304\" data-orig-file=\"https:\/\/eltrabajo.cl\/portal\/wp-content\/uploads\/2014\/07\/Ruth-Jimenez.jpg\" data-orig-size=\"529,535\" data-comments-opened=\"1\" data-image-meta=\"{&quot;aperture&quot;:&quot;5.6&quot;,&quot;credit&quot;:&quot;&quot;,&quot;camera&quot;:&quot;Canon EOS REBEL T1i&quot;,&quot;caption&quot;:&quot;&quot;,&quot;created_timestamp&quot;:&quot;1406314459&quot;,&quot;copyright&quot;:&quot;&quot;,&quot;focal_length&quot;:&quot;24&quot;,&quot;iso&quot;:&quot;400&quot;,&quot;shutter_speed&quot;:&quot;0.01&quot;,&quot;title&quot;:&quot;&quot;}\" data-image-title=\"Ruth Jimenez\" data-image-description=\"&lt;p&gt;Estudiante del Colegio Portaliano que particip\u00f3 a t\u00edtulo personal, Ruth Jim\u00e9nez.&lt;\/p&gt; \" data-medium-file=\"https:\/\/i0.wp.com\/eltrabajo.cl\/portal\/wp-content\/uploads\/2014\/07\/Ruth-Jimenez.jpg?fit=296%2C300&#038;ssl=1\" data-large-file=\"https:\/\/i0.wp.com\/eltrabajo.cl\/portal\/wp-content\/uploads\/2014\/07\/Ruth-Jimenez.jpg?fit=529%2C535&#038;ssl=1\" src=\"https:\/\/i0.wp.com\/eltrabajo.cl\/portal\/wp-content\/uploads\/2014\/07\/Ruth-Jimenez.jpg?w=253&#038;h=256&#038;ssl=1\" srcset=\"https:\/\/i0.wp.com\/eltrabajo.cl\/portal\/wp-content\/uploads\/2014\/07\/Ruth-Jimenez.jpg?w=529&amp;ssl=1 529w, https:\/\/i0.wp.com\/eltrabajo.cl\/portal\/wp-content\/uploads\/2014\/07\/Ruth-Jimenez.jpg?resize=148%2C150&amp;ssl=1 148w, https:\/\/i0.wp.com\/eltrabajo.cl\/portal\/wp-content\/uploads\/2014\/07\/Ruth-Jimenez.jpg?resize=296%2C300&amp;ssl=1 296w, https:\/\/i0.wp.com\/eltrabajo.cl\/portal\/wp-content\/uploads\/2014\/07\/Ruth-Jimenez.jpg?resize=400%2C404&amp;ssl=1 400w\" width=\"253\" height=\"256\" loading=\"lazy\" data-original-width=\"253\" data-original-height=\"256\" itemprop=\"http:\/\/schema.org\/image\" title=\"Ruth Jimenez\" alt=\"Estudiante del Colegio Portaliano que particip\u00f3 a t\u00edtulo personal, Ruth Jim\u00e9nez.\" style=\"width: 253px; height: 256px;\" \/> <\/a> <div class=\"tiled-gallery-caption\" itemprop=\"caption description\"> Estudiante del Colegio Portaliano que particip\u00f3 a t\u00edtulo personal, Ruth Jim\u00e9nez. <\/div> <\/div> <\/div> <!-- close group --> <div class=\"gallery-group images-1\" style=\"width: 383px; height: 260px;\" data-original-width=\"383\" data-original-height=\"260\" > <div class=\"tiled-gallery-item tiled-gallery-item-large\" itemprop=\"associatedMedia\" itemscope itemtype=\"http:\/\/schema.org\/ImageObject\"> <a href=\"https:\/\/eltrabajo.cl\/portal\/victimas-de-incendio-ya-estan-terminando-su-mediagua-en-algarrobal\/televisor1-jpg\/\" border=\"0\" itemprop=\"url\"> <meta itemprop=\"width\" content=\"379\"> <meta itemprop=\"height\" content=\"256\"> <img decoding=\"async\" class=\"\" data-attachment-id=\"49306\" data-orig-file=\"https:\/\/eltrabajo.cl\/portal\/wp-content\/uploads\/2014\/07\/Televisor1.jpg.jpg\" data-orig-size=\"529,358\" data-comments-opened=\"1\" data-image-meta=\"{&quot;aperture&quot;:&quot;5.6&quot;,&quot;credit&quot;:&quot;&quot;,&quot;camera&quot;:&quot;Canon EOS REBEL T1i&quot;,&quot;caption&quot;:&quot;&quot;,&quot;created_timestamp&quot;:&quot;1406314906&quot;,&quot;copyright&quot;:&quot;&quot;,&quot;focal_length&quot;:&quot;20&quot;,&quot;iso&quot;:&quot;400&quot;,&quot;shutter_speed&quot;:&quot;0.01&quot;,&quot;title&quot;:&quot;&quot;}\" data-image-title=\"Televisor1.jpg\" data-image-description=\"&lt;p&gt;TV A COLORES.- Hasta un televisor a colores regalaron vecinos a este matrimonio, donativo coordinado con Carnes Kar de San Felipe.&lt;\/p&gt; \" data-medium-file=\"https:\/\/i0.wp.com\/eltrabajo.cl\/portal\/wp-content\/uploads\/2014\/07\/Televisor1.jpg.jpg?fit=300%2C203&#038;ssl=1\" data-large-file=\"https:\/\/i0.wp.com\/eltrabajo.cl\/portal\/wp-content\/uploads\/2014\/07\/Televisor1.jpg.jpg?fit=529%2C358&#038;ssl=1\" src=\"https:\/\/i0.wp.com\/eltrabajo.cl\/portal\/wp-content\/uploads\/2014\/07\/Televisor1.jpg.jpg?w=379&#038;h=256&#038;ssl=1\" srcset=\"https:\/\/i0.wp.com\/eltrabajo.cl\/portal\/wp-content\/uploads\/2014\/07\/Televisor1.jpg.jpg?w=529&amp;ssl=1 529w, https:\/\/i0.wp.com\/eltrabajo.cl\/portal\/wp-content\/uploads\/2014\/07\/Televisor1.jpg.jpg?resize=200%2C135&amp;ssl=1 200w, https:\/\/i0.wp.com\/eltrabajo.cl\/portal\/wp-content\/uploads\/2014\/07\/Televisor1.jpg.jpg?resize=300%2C203&amp;ssl=1 300w, https:\/\/i0.wp.com\/eltrabajo.cl\/portal\/wp-content\/uploads\/2014\/07\/Televisor1.jpg.jpg?resize=150%2C101&amp;ssl=1 150w, https:\/\/i0.wp.com\/eltrabajo.cl\/portal\/wp-content\/uploads\/2014\/07\/Televisor1.jpg.jpg?resize=400%2C270&amp;ssl=1 400w\" width=\"379\" height=\"256\" loading=\"lazy\" data-original-width=\"379\" data-original-height=\"256\" itemprop=\"http:\/\/schema.org\/image\" title=\"Televisor1.jpg\" alt=\"TV A COLORES.- Hasta un televisor a colores regalaron vecinos a este matrimonio, donativo coordinado con Carnes Kar de San Felipe.\" style=\"width: 379px; height: 256px;\" \/> <\/a> <div class=\"tiled-gallery-caption\" itemprop=\"caption description\"> TV A COLORES.- Hasta un televisor a colores regalaron vecinos a este matrimonio, donativo coordinado con Carnes Kar de San Felipe. <\/div> <\/div> <\/div> <!-- close group --> <\/div> <!-- close row --> <\/div>\n","protected":false},"excerpt":{"rendered":"<p>La campa\u00f1a solidaria que finaliz\u00f3 este domingo, misma que se organiz\u00f3 para solidarizarse con el matrimonio de Algarrobal a ra\u00edz del incendio en el que sus integrantes lo perdieron todo la semana&#8230;<\/p>\n","protected":false},"author":482,"featured_media":49300,"comment_status":"open","ping_status":"closed","sticky":false,"template":"","format":"standard","meta":{"advanced_seo_description":"","jetpack_seo_html_title":"","jetpack_seo_noindex":false,"_jetpack_memberships_contains_paid_content":false,"footnotes":""},"categories":[15],"tags":[],"class_list":["post-49299","post","type-post","status-publish","format-standard","has-post-thumbnail","hentry","category-comunidad"],"jetpack_featured_media_url":"https:\/\/i0.wp.com\/eltrabajo.cl\/portal\/wp-content\/uploads\/2014\/07\/Porta2.jpg?fit=529%2C358&ssl=1","jetpack_sharing_enabled":true,"jetpack_likes_enabled":true,"jetpack-related-posts":[],"_links":{"self":[{"href":"https:\/\/eltrabajo.cl\/portal\/wp-json\/wp\/v2\/posts\/49299","targetHints":{"allow":["GET"]}}],"collection":[{"href":"https:\/\/eltrabajo.cl\/portal\/wp-json\/wp\/v2\/posts"}],"about":[{"href":"https:\/\/eltrabajo.cl\/portal\/wp-json\/wp\/v2\/types\/post"}],"author":[{"embeddable":true,"href":"https:\/\/eltrabajo.cl\/portal\/wp-json\/wp\/v2\/users\/482"}],"replies":[{"embeddable":true,"href":"https:\/\/eltrabajo.cl\/portal\/wp-json\/wp\/v2\/comments?post=49299"}],"version-history":[{"count":0,"href":"https:\/\/eltrabajo.cl\/portal\/wp-json\/wp\/v2\/posts\/49299\/revisions"}],"wp:featuredmedia":[{"embeddable":true,"href":"https:\/\/eltrabajo.cl\/portal\/wp-json\/wp\/v2\/media\/49300"}],"wp:attachment":[{"href":"https:\/\/eltrabajo.cl\/portal\/wp-json\/wp\/v2\/media?parent=49299"}],"wp:term":[{"taxonomy":"category","embeddable":true,"href":"https:\/\/eltrabajo.cl\/portal\/wp-json\/wp\/v2\/categories?post=49299"},{"taxonomy":"post_tag","embeddable":true,"href":"https:\/\/eltrabajo.cl\/portal\/wp-json\/wp\/v2\/tags?post=49299"}],"curies":[{"name":"wp","href":"https:\/\/api.w.org\/{rel}","templated":true}]}}