{"id":49316,"date":"2014-07-28T09:27:50","date_gmt":"2014-07-28T13:27:50","guid":{"rendered":"http:\/\/www.eltrabajo.cl\/portal\/?p=49316"},"modified":"2014-07-28T09:27:50","modified_gmt":"2014-07-28T13:27:50","slug":"municipio-y-vecinos-realizan-operativo-de-limpieza-en-villa-departamental","status":"publish","type":"post","link":"https:\/\/eltrabajo.cl\/portal\/municipio-y-vecinos-realizan-operativo-de-limpieza-en-villa-departamental\/","title":{"rendered":"Municipio y vecinos realizan operativo de limpieza en Villa Departamental"},"content":{"rendered":"<figure id=\"attachment_49317\" aria-describedby=\"caption-attachment-49317\" style=\"width: 528px\" class=\"wp-caption alignnone\"><a href=\"https:\/\/i0.wp.com\/www.eltrabajo.cl\/portal\/wp-content\/uploads\/2014\/07\/Aseo1.jpg\"><img data-recalc-dims=\"1\" loading=\"lazy\" decoding=\"async\" class=\"size-full wp-image-49317\" alt=\"Los operativos contin\u00faan el pr\u00f3ximo s\u00e1bado 2 de agosto, en el sector de Poblaci\u00f3n El Esfuerzo, por lo que el llamado es a todos los vecinos a participar y as\u00ed mantener limpia la comuna de San Felipe.\" src=\"https:\/\/i0.wp.com\/www.eltrabajo.cl\/portal\/wp-content\/uploads\/2014\/07\/Aseo1.jpg?resize=528%2C384\" width=\"528\" height=\"384\" srcset=\"https:\/\/i0.wp.com\/eltrabajo.cl\/portal\/wp-content\/uploads\/2014\/07\/Aseo1.jpg?w=528&amp;ssl=1 528w, https:\/\/i0.wp.com\/eltrabajo.cl\/portal\/wp-content\/uploads\/2014\/07\/Aseo1.jpg?resize=200%2C145&amp;ssl=1 200w, https:\/\/i0.wp.com\/eltrabajo.cl\/portal\/wp-content\/uploads\/2014\/07\/Aseo1.jpg?resize=300%2C218&amp;ssl=1 300w, https:\/\/i0.wp.com\/eltrabajo.cl\/portal\/wp-content\/uploads\/2014\/07\/Aseo1.jpg?resize=150%2C109&amp;ssl=1 150w, https:\/\/i0.wp.com\/eltrabajo.cl\/portal\/wp-content\/uploads\/2014\/07\/Aseo1.jpg?resize=400%2C290&amp;ssl=1 400w\" sizes=\"auto, (max-width: 528px) 100vw, 528px\" \/><\/a><figcaption id=\"caption-attachment-49317\" class=\"wp-caption-text\">Los operativos contin\u00faan el pr\u00f3ximo s\u00e1bado 2 de agosto, en el sector de Poblaci\u00f3n El Esfuerzo, por lo que el llamado es a todos los vecinos a participar y as\u00ed mantener limpia la comuna de San Felipe.<\/figcaption><\/figure>\n<p>Un completo operativo de limpieza realizaron algunos funcionarios municipales este s\u00e1bado en Villa Departamental, el que cont\u00f3 con la participaci\u00f3n de los vecinos del sector. El operativo forma parte de la programaci\u00f3n establecida por la Municipalidad de San Felipe para limpiar distintos sectores de la comuna, que presentan micro-basurales, a lo que se suma la poda de \u00e1rboles.<\/p>\n<figure id=\"attachment_49318\" aria-describedby=\"caption-attachment-49318\" style=\"width: 422px\" class=\"wp-caption alignright\"><a href=\"https:\/\/i0.wp.com\/www.eltrabajo.cl\/portal\/wp-content\/uploads\/2014\/07\/Caritas1.jpg\"><img data-recalc-dims=\"1\" loading=\"lazy\" decoding=\"async\" class=\" wp-image-49318 \" alt=\"Rachel Videla, Ricardo Le\u00f3n y Rosa Salinas.\" src=\"https:\/\/i0.wp.com\/www.eltrabajo.cl\/portal\/wp-content\/uploads\/2014\/07\/Caritas1.jpg?resize=422%2C177\" width=\"422\" height=\"177\" srcset=\"https:\/\/i0.wp.com\/eltrabajo.cl\/portal\/wp-content\/uploads\/2014\/07\/Caritas1.jpg?w=527&amp;ssl=1 527w, https:\/\/i0.wp.com\/eltrabajo.cl\/portal\/wp-content\/uploads\/2014\/07\/Caritas1.jpg?resize=200%2C83&amp;ssl=1 200w, https:\/\/i0.wp.com\/eltrabajo.cl\/portal\/wp-content\/uploads\/2014\/07\/Caritas1.jpg?resize=300%2C125&amp;ssl=1 300w, https:\/\/i0.wp.com\/eltrabajo.cl\/portal\/wp-content\/uploads\/2014\/07\/Caritas1.jpg?resize=150%2C62&amp;ssl=1 150w, https:\/\/i0.wp.com\/eltrabajo.cl\/portal\/wp-content\/uploads\/2014\/07\/Caritas1.jpg?resize=400%2C167&amp;ssl=1 400w\" sizes=\"auto, (max-width: 422px) 100vw, 422px\" \/><\/a><figcaption id=\"caption-attachment-49318\" class=\"wp-caption-text\">Rachel Videla, Ricardo Le\u00f3n y Rosa Salinas.<\/figcaption><\/figure>\n<p>\u201cNos pusimos de acuerdo con las presidentas de los dos sectores para poder intervenir este sector que postergamos hace dos s\u00e1bados atr\u00e1s, producto que ellos ten\u00edan paseos con los ni\u00f1os. Estamos desde las 8:30 de la ma\u00f1ana haciendo un barrido general de las calles, lavando los lutocares, donde se deposita el aseo domiciliario y que queden en perfecto estado y reponiendo los que estaban destruidos producto del tiempo y quemados porque les prenden fuego\u201d, dijo Ricardo Le\u00f3n, Encargado de Operaciones del municipio sanfelipe\u00f1o.<\/p>\n<p>En el lugar adem\u00e1s se realiz\u00f3 plantaci\u00f3n de \u00e1rboles en el sector donde se ubica la multi-cancha y poda de las especies m\u00e1s frondosas, trabajos que contaron con la participaci\u00f3n de los vecinos de la villa, quienes hab\u00edan planteado al municipio la necesidad de contar con este operativo y se han comprometido a mantener en buen estado el sector.<\/p>\n<p>\u201cHay una gran participaci\u00f3n de los vecinos y les damos las gracias por permitirnos intervenir este sector. Esto no para, esto ya parti\u00f3 por todo San Felipe y estamos haciendo estos operativos los d\u00edas s\u00e1bados que es cuando m\u00e1s vecinos hay en sus casas, as\u00ed los agradecimientos a la gente que nos recibi\u00f3 muy bien\u201d, dijo Le\u00f3n.<\/p>\n<p>Los vecinos destacaron y agradecieron la intervenci\u00f3n, se\u00f1alando que era una necesidad del sector.<\/p>\n<p>\u201cEs una buena iniciativa, porque hac\u00eda tiempo que se estaba pidiendo que cortaran los sauces, es un foco de maldad m\u00e1s que nada, y la limpieza est\u00e1 muy buena, pero falta un empujoncito para los vecinos, porque son pocos los que salen a barrer y cooperar, pero es muy buena iniciativa, la municipalidad se ha portado muy bien y le damos las gracias al alcalde\u201d, se\u00f1al\u00f3 Rosa Salinas.<\/p>\n<p>\u201cEs una muy buena iniciativa, y que hayan cortado los \u00e1rboles es muy bueno, porque eran un foco de delincuencia, y por eso nos sentimos marginados, porque como nos ven, nos tratan, el que hayan cortado los sauces es un buen inicio, porque nos ayuda a cambiar el rostro del sector\u201d, sostuvo por su parte Rachel Videla.<\/p>\n<p>&nbsp;<\/p>\n","protected":false},"excerpt":{"rendered":"<p>Un completo operativo de limpieza realizaron algunos funcionarios municipales este s\u00e1bado en Villa Departamental, el que cont\u00f3 con la participaci\u00f3n de los vecinos del sector. El operativo forma parte de la programaci\u00f3n&#8230;<\/p>\n","protected":false},"author":482,"featured_media":49317,"comment_status":"open","ping_status":"closed","sticky":false,"template":"","format":"standard","meta":{"advanced_seo_description":"","jetpack_seo_html_title":"","jetpack_seo_noindex":false,"_jetpack_memberships_contains_paid_content":false,"footnotes":""},"categories":[15],"tags":[],"class_list":["post-49316","post","type-post","status-publish","format-standard","has-post-thumbnail","hentry","category-comunidad"],"jetpack_featured_media_url":"https:\/\/i0.wp.com\/eltrabajo.cl\/portal\/wp-content\/uploads\/2014\/07\/Aseo1.jpg?fit=528%2C384&ssl=1","jetpack_sharing_enabled":true,"jetpack_likes_enabled":true,"jetpack-related-posts":[],"_links":{"self":[{"href":"https:\/\/eltrabajo.cl\/portal\/wp-json\/wp\/v2\/posts\/49316","targetHints":{"allow":["GET"]}}],"collection":[{"href":"https:\/\/eltrabajo.cl\/portal\/wp-json\/wp\/v2\/posts"}],"about":[{"href":"https:\/\/eltrabajo.cl\/portal\/wp-json\/wp\/v2\/types\/post"}],"author":[{"embeddable":true,"href":"https:\/\/eltrabajo.cl\/portal\/wp-json\/wp\/v2\/users\/482"}],"replies":[{"embeddable":true,"href":"https:\/\/eltrabajo.cl\/portal\/wp-json\/wp\/v2\/comments?post=49316"}],"version-history":[{"count":0,"href":"https:\/\/eltrabajo.cl\/portal\/wp-json\/wp\/v2\/posts\/49316\/revisions"}],"wp:featuredmedia":[{"embeddable":true,"href":"https:\/\/eltrabajo.cl\/portal\/wp-json\/wp\/v2\/media\/49317"}],"wp:attachment":[{"href":"https:\/\/eltrabajo.cl\/portal\/wp-json\/wp\/v2\/media?parent=49316"}],"wp:term":[{"taxonomy":"category","embeddable":true,"href":"https:\/\/eltrabajo.cl\/portal\/wp-json\/wp\/v2\/categories?post=49316"},{"taxonomy":"post_tag","embeddable":true,"href":"https:\/\/eltrabajo.cl\/portal\/wp-json\/wp\/v2\/tags?post=49316"}],"curies":[{"name":"wp","href":"https:\/\/api.w.org\/{rel}","templated":true}]}}