{"id":49333,"date":"2014-07-28T09:33:28","date_gmt":"2014-07-28T13:33:28","guid":{"rendered":"http:\/\/www.eltrabajo.cl\/portal\/?p=49333"},"modified":"2014-07-28T09:33:28","modified_gmt":"2014-07-28T13:33:28","slug":"roban-auto-desde-discoteque-y-lo-encuentran-desmantelado-y-quemado","status":"publish","type":"post","link":"https:\/\/eltrabajo.cl\/portal\/roban-auto-desde-discoteque-y-lo-encuentran-desmantelado-y-quemado\/","title":{"rendered":"Roban auto desde discoteque y lo encuentran desmantelado y quemado"},"content":{"rendered":"<figure id=\"attachment_49334\" aria-describedby=\"caption-attachment-49334\" style=\"width: 528px\" class=\"wp-caption alignnone\"><a href=\"https:\/\/i0.wp.com\/www.eltrabajo.cl\/portal\/wp-content\/uploads\/2014\/07\/Quemado1.jpg\"><img data-recalc-dims=\"1\" loading=\"lazy\" decoding=\"async\" class=\"size-full wp-image-49334\" alt=\"INSERVIBLE.- Desconocidos sustrajeron este autom\u00f3vil desde el estacionamiento de la discoteque, siendo luego encontrado completamente quemado en la comuna de Calle Larga.\" src=\"https:\/\/i0.wp.com\/www.eltrabajo.cl\/portal\/wp-content\/uploads\/2014\/07\/Quemado1.jpg?resize=528%2C401\" width=\"528\" height=\"401\" srcset=\"https:\/\/i0.wp.com\/eltrabajo.cl\/portal\/wp-content\/uploads\/2014\/07\/Quemado1.jpg?w=528&amp;ssl=1 528w, https:\/\/i0.wp.com\/eltrabajo.cl\/portal\/wp-content\/uploads\/2014\/07\/Quemado1.jpg?resize=197%2C150&amp;ssl=1 197w, https:\/\/i0.wp.com\/eltrabajo.cl\/portal\/wp-content\/uploads\/2014\/07\/Quemado1.jpg?resize=300%2C227&amp;ssl=1 300w, https:\/\/i0.wp.com\/eltrabajo.cl\/portal\/wp-content\/uploads\/2014\/07\/Quemado1.jpg?resize=150%2C113&amp;ssl=1 150w, https:\/\/i0.wp.com\/eltrabajo.cl\/portal\/wp-content\/uploads\/2014\/07\/Quemado1.jpg?resize=400%2C303&amp;ssl=1 400w\" sizes=\"auto, (max-width: 528px) 100vw, 528px\" \/><\/a><figcaption id=\"caption-attachment-49334\" class=\"wp-caption-text\">INSERVIBLE.- Desconocidos sustrajeron este autom\u00f3vil desde el estacionamiento de la discoteque, siendo luego encontrado completamente quemado en la comuna de Calle Larga.<\/figcaption><\/figure>\n<p><strong>CALLE LARGA<\/strong>.- Lo que se supon\u00eda ser\u00eda una alegre noche de diversi\u00f3n para un joven, termin\u00f3 transform\u00e1ndose en una pesadilla, luego que desconocidos le sustrajeran su autom\u00f3vil desde el estacionamiento de la discoteque donde hab\u00eda acudido a bailar en compa\u00f1\u00eda de amigos, siendo luego encontrado completamente quemado en la comuna de Calle Larga.<\/p>\n<p>El afectado de iniciales J.F.M., lleg\u00f3 a eso de las dos de la madrugada de este viernes hasta la discoteque \u2018Kamikaze\u2019, ubicada en el kil\u00f3metro 13 de Carretera San Mart\u00edn, dejando estacionado su autom\u00f3vil Honda Civic, a\u00f1o 1989, al interior del recinto. El joven relat\u00f3 que al retirarse, a eso de las 4:30 de la madrugada, not\u00f3 que el auto no estaba y tras buscarlo por todo el estacionamiento se dio cuenta que lo hab\u00edan robado.<\/p>\n<p>De inmediato acudi\u00f3 hasta la administraci\u00f3n donde le dijeron que el estacionamiento contaba con c\u00e1maras de seguridad, pero nunca le mostraron las im\u00e1genes. El afectado dijo que si bien el recinto cuenta con guardias en el exterior, estos no vieron nada anormal, no obstante que se presume que los autores abrieron el auto con alg\u00fan tipo de herramienta o llave ganz\u00faa.<\/p>\n<p>El joven dijo que posteriormente lleg\u00f3 Carabineros al lugar y estamparon la denuncia, quej\u00e1ndose que solamente le tomaron los datos y lo fueron a dejar a su casa, \u201cpero no hicieron nada m\u00e1s y ni siquiera pidieron las filmaciones de las c\u00e1maras\u201d.<\/p>\n<p>Agreg\u00f3 que el veh\u00edculo es de propiedad de su hermano y se lo hab\u00eda prestado para ir a la discoteque, por lo que luego de informarle del robo comenz\u00f3 de inmediato a buscarlo junto a sus amigos. Manifest\u00f3 que por pistas obtenidas, la misma madrugada supo que el auto fue robado por una banda de sujetos de la ciudad de San Felipe, cuyo cabecilla tendr\u00eda un auto similar al Honda Civic.<\/p>\n<p>Posteriormente a eso de las 9:00 horas, amigos de su hermano lo llamaron informando que el auto hab\u00eda aparecido completamente quemado en el sector del paradero 20 de Calle Larga.<\/p>\n<p>Previamente los ladrones hab\u00edan desvalijado el veh\u00edculo sac\u00e1ndole todos los elementos de mayor valor y a fin de no dejar huella le prendieron fuego, aunque nadie del sector vio o escuch\u00f3 nada. El joven dijo que ante la nula respuesta de Carabineros hicieron la denuncia en la PDI y entregaron el apodo del supuesto cabecilla de esta banda a fin de que puedan investigarlo.<\/p>\n<p>Asimismo, no descart\u00f3 iniciar acciones legales en contra de la discoteque por su responsabilidad en el robo del veh\u00edculo que est\u00e1 avaluado en casi $3 millones, ya que se trata de un auto con muchos accesorios tunning.<\/p>\n<p>&nbsp;<\/p>\n","protected":false},"excerpt":{"rendered":"<p>CALLE LARGA.- Lo que se supon\u00eda ser\u00eda una alegre noche de diversi\u00f3n para un joven, termin\u00f3 transform\u00e1ndose en una pesadilla, luego que desconocidos le sustrajeran su autom\u00f3vil desde el estacionamiento de la&#8230;<\/p>\n","protected":false},"author":482,"featured_media":49334,"comment_status":"open","ping_status":"closed","sticky":false,"template":"","format":"standard","meta":{"advanced_seo_description":"","jetpack_seo_html_title":"","jetpack_seo_noindex":false,"_jetpack_memberships_contains_paid_content":false,"footnotes":""},"categories":[21],"tags":[],"class_list":["post-49333","post","type-post","status-publish","format-standard","has-post-thumbnail","hentry","category-policial"],"jetpack_featured_media_url":"https:\/\/i0.wp.com\/eltrabajo.cl\/portal\/wp-content\/uploads\/2014\/07\/Quemado1.jpg?fit=528%2C401&ssl=1","jetpack_sharing_enabled":true,"jetpack_likes_enabled":true,"jetpack-related-posts":[],"_links":{"self":[{"href":"https:\/\/eltrabajo.cl\/portal\/wp-json\/wp\/v2\/posts\/49333","targetHints":{"allow":["GET"]}}],"collection":[{"href":"https:\/\/eltrabajo.cl\/portal\/wp-json\/wp\/v2\/posts"}],"about":[{"href":"https:\/\/eltrabajo.cl\/portal\/wp-json\/wp\/v2\/types\/post"}],"author":[{"embeddable":true,"href":"https:\/\/eltrabajo.cl\/portal\/wp-json\/wp\/v2\/users\/482"}],"replies":[{"embeddable":true,"href":"https:\/\/eltrabajo.cl\/portal\/wp-json\/wp\/v2\/comments?post=49333"}],"version-history":[{"count":0,"href":"https:\/\/eltrabajo.cl\/portal\/wp-json\/wp\/v2\/posts\/49333\/revisions"}],"wp:featuredmedia":[{"embeddable":true,"href":"https:\/\/eltrabajo.cl\/portal\/wp-json\/wp\/v2\/media\/49334"}],"wp:attachment":[{"href":"https:\/\/eltrabajo.cl\/portal\/wp-json\/wp\/v2\/media?parent=49333"}],"wp:term":[{"taxonomy":"category","embeddable":true,"href":"https:\/\/eltrabajo.cl\/portal\/wp-json\/wp\/v2\/categories?post=49333"},{"taxonomy":"post_tag","embeddable":true,"href":"https:\/\/eltrabajo.cl\/portal\/wp-json\/wp\/v2\/tags?post=49333"}],"curies":[{"name":"wp","href":"https:\/\/api.w.org\/{rel}","templated":true}]}}