{"id":49343,"date":"2014-07-28T09:38:23","date_gmt":"2014-07-28T13:38:23","guid":{"rendered":"http:\/\/www.eltrabajo.cl\/portal\/?p=49343"},"modified":"2014-07-28T09:38:24","modified_gmt":"2014-07-28T13:38:24","slug":"motociclista-choca-con-auto-en-calle-los-alamos-del-sector-granallas","status":"publish","type":"post","link":"https:\/\/eltrabajo.cl\/portal\/motociclista-choca-con-auto-en-calle-los-alamos-del-sector-granallas\/","title":{"rendered":"Motociclista choca con auto en Calle Los \u00c1lamos del sector Granallas"},"content":{"rendered":"<figure id=\"attachment_49344\" aria-describedby=\"caption-attachment-49344\" style=\"width: 529px\" class=\"wp-caption alignnone\"><a href=\"https:\/\/i0.wp.com\/www.eltrabajo.cl\/portal\/wp-content\/uploads\/2014\/07\/Moto1.jpg\"><img data-recalc-dims=\"1\" loading=\"lazy\" decoding=\"async\" class=\"size-full wp-image-49344\" alt=\"El accidente se registr\u00f3 a eso de las 12:40 horas de este viernes, cuando el conductor de la motocicleta identificado como Alberto del Carmen Silva Estay, circulaba por Calle Los \u00c1lamos de norte a sur.\" src=\"https:\/\/i0.wp.com\/www.eltrabajo.cl\/portal\/wp-content\/uploads\/2014\/07\/Moto1.jpg?resize=529%2C358\" width=\"529\" height=\"358\" srcset=\"https:\/\/i0.wp.com\/eltrabajo.cl\/portal\/wp-content\/uploads\/2014\/07\/Moto1.jpg?w=529&amp;ssl=1 529w, https:\/\/i0.wp.com\/eltrabajo.cl\/portal\/wp-content\/uploads\/2014\/07\/Moto1.jpg?resize=200%2C135&amp;ssl=1 200w, https:\/\/i0.wp.com\/eltrabajo.cl\/portal\/wp-content\/uploads\/2014\/07\/Moto1.jpg?resize=300%2C203&amp;ssl=1 300w, https:\/\/i0.wp.com\/eltrabajo.cl\/portal\/wp-content\/uploads\/2014\/07\/Moto1.jpg?resize=150%2C101&amp;ssl=1 150w, https:\/\/i0.wp.com\/eltrabajo.cl\/portal\/wp-content\/uploads\/2014\/07\/Moto1.jpg?resize=400%2C270&amp;ssl=1 400w\" sizes=\"auto, (max-width: 529px) 100vw, 529px\" \/><\/a><figcaption id=\"caption-attachment-49344\" class=\"wp-caption-text\">El accidente se registr\u00f3 a eso de las 12:40 horas de este viernes, cuando el conductor de la motocicleta identificado como Alberto del Carmen Silva Estay, circulaba por Calle Los \u00c1lamos de norte a sur.<\/figcaption><\/figure>\n<p><strong>PUTAENDO.<\/strong>&#8211; Un motociclista que circulaba por Calle Los \u00c1lamos de Granallas, impact\u00f3 con el costado de otro veh\u00edculo que lo hac\u00eda en sentido contrario, por lo que su motocicleta, desde la cual sali\u00f3 eyectado, result\u00f3 parcialmente destruida.<\/p>\n<p>El accidente se registr\u00f3 a eso de las 12:40 horas de este viernes, cuando el conductor de la motocicleta identificado como Alberto del Carmen Silva Estay, circulaba por Calle Los \u00c1lamos de norte a sur y repentinamente perdi\u00f3 el control de la motocicleta, cayebdo sobre un veh\u00edculo que era conducido por Eduardo Belmar Urtubia, quien circulaba en sentido contrario. Afortunadamente Belmar alcanz\u00f3 a evitar una colisi\u00f3n frontal.<\/p>\n<p>No obstante lo anterior, el motociclista impact\u00f3 el costado del veh\u00edculo, cay\u00f3 al piso y sali\u00f3 saliendo, mientras que la motocicleta result\u00f3 con graves da\u00f1os sobre todo en su parte delantera. Personal de Bomberos que lleg\u00f3 al lugar inmoviliz\u00f3 al conductor de la motocicleta y personal del Samu lo traslad\u00f3 en primera instancia al Hospital San Antonio y luego hasta la Unidad de Traumatolog\u00eda del Hospital San Juan de Dios de Los Andes.<\/p>\n<p>Hasta el momento se desconoce el tipo de lesiones que presenta Alberto Silva Estay, sin embargo, extraoficialmente se supo ser\u00edan de car\u00e1cter leve. En tanto, Carabineros de Putaendo confirm\u00f3 que ambos conductores ten\u00edan sus licencias de conducir al d\u00eda y los documentos de sus veh\u00edculos en regla, adem\u00e1s confirm\u00f3 que el conductor de la motocicleta ten\u00eda un fuerte h\u00e1lito alcoh\u00f3lico. Los antecedentes de este accidente fueron enviados al tribunal correspondiente por parte de Carabineros de Putaendo.<\/p>\n<p>Patricio Gallardo M.<\/p>\n","protected":false},"excerpt":{"rendered":"<p>PUTAENDO.&#8211; Un motociclista que circulaba por Calle Los \u00c1lamos de Granallas, impact\u00f3 con el costado de otro veh\u00edculo que lo hac\u00eda en sentido contrario, por lo que su motocicleta, desde la cual&#8230;<\/p>\n","protected":false},"author":482,"featured_media":49344,"comment_status":"open","ping_status":"closed","sticky":false,"template":"","format":"standard","meta":{"advanced_seo_description":"","jetpack_seo_html_title":"","jetpack_seo_noindex":false,"_jetpack_memberships_contains_paid_content":false,"footnotes":""},"categories":[21],"tags":[],"class_list":["post-49343","post","type-post","status-publish","format-standard","has-post-thumbnail","hentry","category-policial"],"jetpack_featured_media_url":"https:\/\/i0.wp.com\/eltrabajo.cl\/portal\/wp-content\/uploads\/2014\/07\/Moto1.jpg?fit=529%2C358&ssl=1","jetpack_sharing_enabled":true,"jetpack_likes_enabled":true,"jetpack-related-posts":[],"_links":{"self":[{"href":"https:\/\/eltrabajo.cl\/portal\/wp-json\/wp\/v2\/posts\/49343","targetHints":{"allow":["GET"]}}],"collection":[{"href":"https:\/\/eltrabajo.cl\/portal\/wp-json\/wp\/v2\/posts"}],"about":[{"href":"https:\/\/eltrabajo.cl\/portal\/wp-json\/wp\/v2\/types\/post"}],"author":[{"embeddable":true,"href":"https:\/\/eltrabajo.cl\/portal\/wp-json\/wp\/v2\/users\/482"}],"replies":[{"embeddable":true,"href":"https:\/\/eltrabajo.cl\/portal\/wp-json\/wp\/v2\/comments?post=49343"}],"version-history":[{"count":0,"href":"https:\/\/eltrabajo.cl\/portal\/wp-json\/wp\/v2\/posts\/49343\/revisions"}],"wp:featuredmedia":[{"embeddable":true,"href":"https:\/\/eltrabajo.cl\/portal\/wp-json\/wp\/v2\/media\/49344"}],"wp:attachment":[{"href":"https:\/\/eltrabajo.cl\/portal\/wp-json\/wp\/v2\/media?parent=49343"}],"wp:term":[{"taxonomy":"category","embeddable":true,"href":"https:\/\/eltrabajo.cl\/portal\/wp-json\/wp\/v2\/categories?post=49343"},{"taxonomy":"post_tag","embeddable":true,"href":"https:\/\/eltrabajo.cl\/portal\/wp-json\/wp\/v2\/tags?post=49343"}],"curies":[{"name":"wp","href":"https:\/\/api.w.org\/{rel}","templated":true}]}}